{"id":68815,"date":"2025-10-22T04:19:08","date_gmt":"2025-10-22T04:19:08","guid":{"rendered":"https:\/\/www.europesays.com\/fi\/68815\/"},"modified":"2025-10-22T04:19:08","modified_gmt":"2025-10-22T04:19:08","slug":"epailyttavia-havaintoja-vilnan-lentokentalla-liettua-sulki-valko-venajan-rajan","status":"publish","type":"post","link":"https:\/\/www.europesays.com\/fi\/68815\/","title":{"rendered":"Ep\u00e4ilytt\u00e4vi\u00e4 havaintoja Vilnan lentokent\u00e4ll\u00e4 \u2013 Liettua sulki Valko-Ven\u00e4j\u00e4n rajan"},"content":{"rendered":"<p>Vilnan lentokent\u00e4n l\u00e4heisyydess\u00e4 havaittiin tiistai-iltana salakuljettajien k\u00e4ytt\u00e4mi\u00e4 ilmapalloja.<\/p>\n<p><img decoding=\"async\" class=\"image image-show image-preview\" src=\"https:\/\/www.europesays.com\/fi\/wp-content\/uploads\/2025\/10\/1ee0c5704c3a8664649e57667567d305c018ce8d55d576bd97516b11878495f1.jpg\" alt=\"\"\/><img decoding=\"async\" class=\"image image-show\" src=\"https:\/\/www.europesays.com\/fi\/wp-content\/uploads\/2025\/10\/1761106748_106_1ee0c5704c3a8664649e57667567d305c018ce8d55d576bd97516b11878495f1.jpg\" alt=\"\"\/><\/p>\n<p>Vilnan lentokentt\u00e4 kuvattuna vuonna 2023. EPA \/ AOP<\/p>\n<p class=\"paragraph\">Liettua sulki Valko-Ven\u00e4j\u00e4n vastaiset raja-asemansa. Syyn\u00e4 on salakuljettajien k\u00e4ytt\u00e4m\u00e4t ilmapallot, jotka sekoittivat Liettuan lentoliikenteen my\u00f6h\u00e4\u00e4n tiistaina, kertoo uutistoimisto Reuters.<\/p>\n<p class=\"paragraph\">Vilnan lentokentt\u00e4 suljettiin liikenteelt\u00e4 kello 22 j\u00e4lkeen tiistaina, koska sen ilmatilassa havaittiin kymmeni\u00e4 s\u00e4\u00e4havaintopalloja. Liettuan kriisinhallintakeskuksen mukaan s\u00e4\u00e4havaintopalloja k\u00e4ytettiin savukkeiden salakuljettamiseen Valko-Ven\u00e4j\u00e4lt\u00e4.<\/p>\n<p class=\"paragraph\">Kriisinhallintakeskuksen johtajan <strong>Vilmantas Vitkauskasin<\/strong> mukaan raja-asemien sulkemista arvioidaan uudelleen, kun lentoasema on avattu uudelleen.<\/p>\n<p class=\"paragraph\">Vilnan lentoasema kertoo <a href=\"https:\/\/www.facebook.com\/VilniusAirportOfficial\/\" target=\"_blank\" rel=\"noopener nofollow\">Facebook-sivullaan<\/a>, ett\u00e4 ilmatilan sulkeminen on vaikuttanut l\u00e4hes 30 lentoon. <a href=\"https:\/\/www.lrytas.lt\/verslas\/rinkos-pulsas\/2025\/10\/21\/news\/sutriko-vilniaus-oro-uosto-veikla-vel-pastebeti-balionai-39997267\" target=\"_blank\" rel=\"noopener nofollow\">Lietuvos Rytas -lehden<\/a> mukaan useista Euroopan kaupungeista tulleet lentokoneet kierteliv\u00e4t aluksi taivaalla, mutta lopulta osa niist\u00e4 ohjattiin Kaunasin kent\u00e4lle.<\/p>\n<p class=\"paragraph\">Tukholmasta l\u00e4htenyt lento ohjattiin takaisin l\u00e4ht\u00f6kaupunkiinsa, Frankfurtista l\u00e4htenyt lento ohjattiin Riikaan ja Lontoosta l\u00e4hteneet matkustajat laskeutuivat Varsovaan.<\/p>\n<p class=\"paragraph\">Lentokentt\u00e4 avautui j\u00e4lleen kello 6.40.<\/p>\n<p class=\"paragraph\">Kyseess\u00e4 ei ole ensimm\u00e4inen kerta kun salakuljettajien k\u00e4ytt\u00e4mi\u00e4 ilmapalloja on havaittu Liettuan ilmatilassa. Vilnan lentokentt\u00e4 suljettiin v\u00e4liaikaisesti my\u00f6s lokakuun alussa ilmapallojen vuoksi.<\/p>\n","protected":false},"excerpt":{"rendered":"Vilnan lentokent\u00e4n l\u00e4heisyydess\u00e4 havaittiin tiistai-iltana salakuljettajien k\u00e4ytt\u00e4mi\u00e4 ilmapalloja. Vilnan lentokentt\u00e4 kuvattuna vuonna 2023. EPA \/ AOP Liettua sulki&hellip;\n","protected":false},"author":2,"featured_media":68816,"comment_status":"","ping_status":"","sticky":false,"template":"","format":"standard","meta":{"footnotes":""},"categories":[14],"tags":[35,22,23,26,27,33,31,30,17,24,25,2910,121,28,29,15,18,21,637,32,538,19,20,56,4385,16,59,60,61],"class_list":{"0":"post-68815","1":"post","2":"type-post","3":"status-publish","4":"format-standard","5":"has-post-thumbnail","7":"category-ulkomaat","8":"tag-24h","9":"tag-breaking-news","10":"tag-breakingnews","11":"tag-featured-news","12":"tag-featurednews","13":"tag-fi","14":"tag-finland","15":"tag-finnish","16":"tag-headlines","17":"tag-latest-news","18":"tag-latestnews","19":"tag-lentoliikenne-ilmaliikenne","20":"tag-liikenne-ja-kuljetus","21":"tag-main-news","22":"tag-mainnews","23":"tag-news","24":"tag-otsikot","25":"tag-paauutiset","26":"tag-politiikka","27":"tag-suomi","28":"tag-tiede-ja-tekniikka","29":"tag-top-stories","30":"tag-topstories","31":"tag-ulkomaat","32":"tag-ulkopolitiikka-ja-kansainvalinen-politiikka","33":"tag-uutiset","34":"tag-world","35":"tag-world-news","36":"tag-worldnews"},"share_on_mastodon":{"url":"","error":""},"_links":{"self":[{"href":"https:\/\/www.europesays.com\/fi\/wp-json\/wp\/v2\/posts\/68815","targetHints":{"allow":["GET"]}}],"collection":[{"href":"https:\/\/www.europesays.com\/fi\/wp-json\/wp\/v2\/posts"}],"about":[{"href":"https:\/\/www.europesays.com\/fi\/wp-json\/wp\/v2\/types\/post"}],"author":[{"embeddable":true,"href":"https:\/\/www.europesays.com\/fi\/wp-json\/wp\/v2\/users\/2"}],"replies":[{"embeddable":true,"href":"https:\/\/www.europesays.com\/fi\/wp-json\/wp\/v2\/comments?post=68815"}],"version-history":[{"count":0,"href":"https:\/\/www.europesays.com\/fi\/wp-json\/wp\/v2\/posts\/68815\/revisions"}],"wp:featuredmedia":[{"embeddable":true,"href":"https:\/\/www.europesays.com\/fi\/wp-json\/wp\/v2\/media\/68816"}],"wp:attachment":[{"href":"https:\/\/www.europesays.com\/fi\/wp-json\/wp\/v2\/media?parent=68815"}],"wp:term":[{"taxonomy":"category","embeddable":true,"href":"https:\/\/www.europesays.com\/fi\/wp-json\/wp\/v2\/categories?post=68815"},{"taxonomy":"post_tag","embeddable":true,"href":"https:\/\/www.europesays.com\/fi\/wp-json\/wp\/v2\/tags?post=68815"}],"curies":[{"name":"wp","href":"https:\/\/api.w.org\/{rel}","templated":true}]}}