{"id":68821,"date":"2025-10-22T04:33:10","date_gmt":"2025-10-22T04:33:10","guid":{"rendered":"https:\/\/www.europesays.com\/fi\/68821\/"},"modified":"2025-10-22T04:33:10","modified_gmt":"2025-10-22T04:33:10","slug":"laura-arffman-sokkierosta-me-naisille-olin-loppuun-asti-lojaali","status":"publish","type":"post","link":"https:\/\/www.europesays.com\/fi\/68821\/","title":{"rendered":"Laura Arffman \u0161okkierosta Me Naisille: \u201dOlin loppuun asti lojaali\u201d"},"content":{"rendered":"<p>Ylen toimittaja selvisi rankasta vuodesta. <\/p>\n<p><img decoding=\"async\" class=\"image image-show image-preview\" src=\"https:\/\/www.europesays.com\/fi\/wp-content\/uploads\/2025\/10\/b7b10ee817c0343aa46907736e6bc92fb955b7b4ed7ca23d3cf88ae9553e9a0f.jpg\" alt=\"\"\/><img decoding=\"async\" class=\"image image-show\" src=\"https:\/\/www.europesays.com\/fi\/wp-content\/uploads\/2025\/10\/1761107588_886_b7b10ee817c0343aa46907736e6bc92fb955b7b4ed7ca23d3cf88ae9553e9a0f.jpg\" alt=\"\"\/><\/p>\n<p>Laura Arffman ty\u00f6ss\u00e4\u00e4n maalialueella Rukan maailmancupissa vuonna 2024.  PASI LIESIMAA<\/p>\n<p class=\"paragraph\">Ylen toimittaja <strong>Laura Arffmanin<\/strong> el\u00e4m\u00e4 muuttui hetkess\u00e4 alkuvuonna, kun h\u00e4nen puolisonsa <strong>Anssi Pentsinen<\/strong> kertoi haluavansa eron.<\/p>\n<p class=\"paragraph\">Se oli tieto, jota h\u00e4n ei osannut odottaa.<\/p>\n<p class=\"paragraph\">\u2013 Ehk\u00e4 siksi oli niin iso j\u00e4rkytys, ett\u00e4 kun palasimme lasten kanssa viime vuonna joululomalta, mieheni ilmoitti haluavansa erota. Tuntui silt\u00e4, ett\u00e4 tilanne muuttui yhdess\u00e4 y\u00f6ss\u00e4, eik\u00e4 se tuntunut pelk\u00e4lt\u00e4 erolta, vaan hylk\u00e4\u00e4miselt\u00e4, Arffman <a href=\"https:\/\/www.is.fi\/menaiset\/ihmiset-ja-suhteet\/art-2000011557175.html\" target=\"_blank\" rel=\"noopener nofollow\">toteaa<\/a> Me Naisille.<\/p>\n<p class=\"paragraph\">Yll\u00e4tt\u00e4v\u00e4n eron k\u00e4sittely, huoli lasten hyvinvoinnista, yst\u00e4v\u00e4n vakava sairastuminen ja Ylell\u00e4 k\u00e4ynniss\u00e4 olleet muutosneuvottelut tekiv\u00e4t alkuvuodesta henkisesti todella vaikean.<\/p>\n<p class=\"paragraph\">Arffman kiittelee haastattelussa yst\u00e4vien ja \u00e4itins\u00e4 tukea, joka kantoi eteenp\u00e4in.<\/p>\n<p class=\"paragraph\">H\u00e4n on ehtinyt vuoden aikana tehd\u00e4 eron syist\u00e4 johtop\u00e4\u00e4t\u00f6ksi\u00e4.<\/p>\n<p class=\"paragraph\">\u2013 Minullakin on varmasti oma osuuteni suhteen ep\u00e4onnistumisessa, en kiist\u00e4 sit\u00e4 alkuunkaan. Olen katunut vaikka mit\u00e4 ja k\u00e4ynyt l\u00e4pi jokaisen virheeni. Siit\u00e4 huolimatta en ikin\u00e4 ota t\u00e4st\u00e4 erosta puolia niskaani. T\u00e4m\u00e4 ero ei kerro minusta. Luotin toiseen kuin vuoreen ja olin loppuun asti lojaali, Arffman sanoo.<\/p>\n<p class=\"paragraph\">\u2013 Egoni ei t\u00e4ss\u00e4 kokenut kolausta \u2013 sen sijaan syd\u00e4meni ja luottamus s\u00e4rkyiv\u00e4t.<\/p>\n<p>Laura Arffman ja Anssi Pentsinen meniv\u00e4t naimisiin vuonna 2017. Ex-parilla on kaksi yhteist\u00e4 lasta.  Pete Anikari<\/p>\n<p><a href=\"https:\/\/www.iltalehti.fi\/telkku\/?utm_source=iltalehti.fi&amp;utm_medium=almainternal&amp;utm_campaign=urheilu_artikkelibanneri&amp;utm_content=banner_612_a\" rel=\"nofollow noopener\" target=\"_blank\"><img decoding=\"async\" src=\"https:\/\/www.europesays.com\/fi\/wp-content\/uploads\/2025\/08\/7ef604e47d46ca174b7df4149bd3557dbde56a86d520f8e1b2125548b0a2e03a.png\" alt=\"TV-ohjelmat t\u00e4n\u00e4\u00e4n, TV-opas\"\/><\/a><\/p>\n","protected":false},"excerpt":{"rendered":"Ylen toimittaja selvisi rankasta vuodesta. Laura Arffman ty\u00f6ss\u00e4\u00e4n maalialueella Rukan maailmancupissa vuonna 2024. PASI LIESIMAA Ylen toimittaja Laura&hellip;\n","protected":false},"author":2,"featured_media":68822,"comment_status":"","ping_status":"","sticky":false,"template":"","format":"standard","meta":{"footnotes":""},"categories":[136],"tags":[35,407,137,33,31,30,101,408,99,100,98,103,32,109],"class_list":{"0":"post-68821","1":"post","2":"type-post","3":"status-publish","4":"format-standard","5":"has-post-thumbnail","7":"category-julkkikset","8":"tag-24h","9":"tag-celebrities","10":"tag-entertainment","11":"tag-fi","12":"tag-finland","13":"tag-finnish","14":"tag-ihmissuhteet","15":"tag-julkkikset","16":"tag-lapset","17":"tag-lapset-ja-nuoret","18":"tag-perhe","19":"tag-sosiaalikysymykset","20":"tag-suomi","21":"tag-viihde"},"share_on_mastodon":{"url":"","error":""},"_links":{"self":[{"href":"https:\/\/www.europesays.com\/fi\/wp-json\/wp\/v2\/posts\/68821","targetHints":{"allow":["GET"]}}],"collection":[{"href":"https:\/\/www.europesays.com\/fi\/wp-json\/wp\/v2\/posts"}],"about":[{"href":"https:\/\/www.europesays.com\/fi\/wp-json\/wp\/v2\/types\/post"}],"author":[{"embeddable":true,"href":"https:\/\/www.europesays.com\/fi\/wp-json\/wp\/v2\/users\/2"}],"replies":[{"embeddable":true,"href":"https:\/\/www.europesays.com\/fi\/wp-json\/wp\/v2\/comments?post=68821"}],"version-history":[{"count":0,"href":"https:\/\/www.europesays.com\/fi\/wp-json\/wp\/v2\/posts\/68821\/revisions"}],"wp:featuredmedia":[{"embeddable":true,"href":"https:\/\/www.europesays.com\/fi\/wp-json\/wp\/v2\/media\/68822"}],"wp:attachment":[{"href":"https:\/\/www.europesays.com\/fi\/wp-json\/wp\/v2\/media?parent=68821"}],"wp:term":[{"taxonomy":"category","embeddable":true,"href":"https:\/\/www.europesays.com\/fi\/wp-json\/wp\/v2\/categories?post=68821"},{"taxonomy":"post_tag","embeddable":true,"href":"https:\/\/www.europesays.com\/fi\/wp-json\/wp\/v2\/tags?post=68821"}],"curies":[{"name":"wp","href":"https:\/\/api.w.org\/{rel}","templated":true}]}}