{"id":68861,"date":"2025-10-22T05:28:08","date_gmt":"2025-10-22T05:28:08","guid":{"rendered":"https:\/\/www.europesays.com\/fi\/68861\/"},"modified":"2025-10-22T05:28:08","modified_gmt":"2025-10-22T05:28:08","slug":"suosikkisarja-palaa-uudistuneena-kuppilat-laitetaan-kuntoon-nyt-uuden-kokin-avustuksella-viihde","status":"publish","type":"post","link":"https:\/\/www.europesays.com\/fi\/68861\/","title":{"rendered":"Suosikkisarja palaa uudistuneena &#8211; kuppilat laitetaan kuntoon nyt uuden kokin avustuksella &#8211; Viihde"},"content":{"rendered":"<p class=\"caption\">Ohjelma n\u00e4hd\u00e4\u00e4n televisiossa ensi vuonna.<\/p>\n<p>Suosikkisarja Kuppilat kuntoon palaa televisioihin ensi vuonna. Tulevalla kaudella n\u00e4hd\u00e4\u00e4n kuitenkin iso muutos, kun uudistusta kaipaavien suomalaiskuppiloiden avuksi saapuu aiemmilta kausilta tutun\u00a0<strong>Jyrki Sukulan<\/strong> sijaan keitti\u00f6mestari<strong> Kari &#8221;Kape&#8221; Aihinen<\/strong>.<\/p>\n<p>Keitti\u00f6mestari Aihinen johtaa itse kahta ravintolaa, joten h\u00e4n tiet\u00e4\u00e4 alan haasteet ja suhdanteet. H\u00e4nell\u00e4 on pitk\u00e4 kokemus ravintola-alalta keitti\u00f6mestarina ja ravintoloitsijana.<\/p>\n<p>\u00a0&#8211;\u00a0Viime vuodet ovat olleet ravintoloille haasteellista aikaa niin yleisen taloudellisen tilanteen kuin muuttuneiden kulutustottumusten vuoksi.\u00a0 Se on haastanut yritt\u00e4ji\u00e4 selviytym\u00e4\u00e4n, kun samanaikaisesti my\u00f6s osaavan henkil\u00f6kunnan saaminen on vaikeutunut, Aihinen sanoo tiedotteessa.<\/p>\n<p>Aihinen uskoo siihen, ett\u00e4 ulkopuolisen on helpompi tarkastella tilannetta ja antaa vinkkej\u00e4 siihen, mit\u00e4 ehk\u00e4 kannattaisi tehd\u00e4 toisin.\u00a0<\/p>\n<p>\u00a0&#8211; Ravintola-ala ei kuitenkaan voi j\u00e4\u00e4d\u00e4 voivottelemaan, vaan nyt on aika tarkastella omaa tekemist\u00e4 ja etsi\u00e4 uusia ideoita. Siksi haluankin l\u00e4hte\u00e4 auttamaan ravintoloita ideansa kirkastamisessa ja ammattitaidon p\u00e4ivitt\u00e4misess\u00e4.\u00a0 Usein ulkopuolisena n\u00e4kee, millaisiin asioihin olisi hyv\u00e4 tehd\u00e4 muutos.<\/p>\n<p>Ohjelmaan haetaan parhaillaan ravintoloita ymp\u00e4ri Suomen, niin pikkukyl\u00e4n lounaspaikkoja kuin \u00e1 la carte -ravintoloita.\u00a0<\/p>\n<p>            <img decoding=\"async\" class=\"optimize-image\" src=\"https:\/\/www.europesays.com\/fi\/wp-content\/uploads\/2025\/10\/2025_21_10_68f72641b635a_480.jpg\"\/><\/p>\n<p class=\"image-caption\"> (kuva: Nelonen)<\/p>\n<p><strong>Lue my\u00f6s: <a href=\"https:\/\/www.voice.fi\/viihde\/a-240206\" target=\"_blank\" rel=\"nofollow noopener\">Uusi Netflix-sarja koukuttaa katsojat synkill\u00e4 salaisuuksillaan: &#8217;Ei voi j\u00e4tt\u00e4\u00e4 kesken&#8217;<\/a><\/strong><\/p>\n<p><strong>Lue my\u00f6s: <a href=\"https:\/\/www.voice.fi\/viihde\/a-240457\" target=\"_blank\" rel=\"nofollow noopener\">Odotettu Hildur-sarja alkaa tammikuussa<\/a><\/strong><\/p>\n<p>                                                            <a href=\"https:\/\/www.voice.fi\/aihe\/kuppilat-kuntoon\" class=\"tag-link\" rel=\"nofollow noopener\" target=\"_blank\">kuppilat kuntoon<\/a>                                                             <a href=\"https:\/\/www.voice.fi\/aihe\/kape-aihinen\" class=\"tag-link\" rel=\"nofollow noopener\" target=\"_blank\">Kape Aihinen<\/a>                                                    <\/p>\n<p class=\"title\">Tykk\u00e4\u00e4 ja jaa artikkeli<\/p>\n<p>                <a href=\"https:\/\/www.facebook.com\/sharer.php?u=https%3A%2F%2Fwww.voice.fi%2Fviihde%2Fa-240466\" class=\"share-button facebook-share ion-social-facebook\" target=\"_blank\" onclick=\"javascript:window.open(this.href,&#010;                  &#039;&#039;, &#039;menubar=no,toolbar=no,resizable=yes,scrollbars=yes,height=400,width=600&#039;);ga(&#039;send&#039;, &#039;event&#039;, &#039;SOME&#039;, &#039;Facebook&#039;, &#039;Artikkeli alaosa&#039;);return false;\" rel=\"nofollow noopener\">Jaa Facebookissa<\/a><\/p>\n<p>                <a href=\"https:\/\/twitter.com\/share?text=Suosikkisarja+palaa+uudistuneena+-+kuppilat+laitetaan+kuntoon+nyt+uuden+kokin+avustuksella&amp;url=https%3A%2F%2Fwww.voice.fi%2Fviihde%2Fa-240466\" class=\"share-button twitter-share ion-social-twitter\" target=\"_blank\" onclick=\"javascript:window.open(this.href,&#010;                  &#039;&#039;, &#039;menubar=no,toolbar=no,resizable=yes,scrollbars=yes,height=400,width=600&#039;);ga(&#039;send&#039;, &#039;event&#039;, &#039;SOME&#039;, &#039;Twitter&#039;, &#039;Artikkeli alaosa&#039;);return false;\" rel=\"nofollow noopener\">Jaa Twitteriss\u00e4<\/a><\/p>\n<p>                <a href=\"fb-messenger:\/\/share?link=https%3A%2F%2Fwww.voice.fi%2Fviihde%2Fa-240466%3Futm_source%3Dfb_messenger%26utm_medium%3Dsocial%26utm_campaign%3Dfbmessenger_share\" class=\"share-button messenger-share \" data-text=\"Suosikkisarja+palaa+uudistuneena+-+kuppilat+laitetaan+kuntoon+nyt+uuden+kokin+avustuksella\" data-href=\"https%3A%2F%2Fwww.voice.fi%2Fviihde%2Fa-240466%3Futm_source%3Dmessenger%26utm_medium%3Dsocial%26utm_campaign%3Dmessenger_share\" data-type=\"fb_messenger\" onclick=\"ga(&#039;send&#039;, &#039;event&#039;, &#039;SOME&#039;, &#039;Fb-messenger&#039;, &#039;Artikkeli alaosa&#039;);\" rel=\"nofollow\"><\/p>\n<p>                <a href=\"whatsapp:\/\/send?text=Suosikkisarja+palaa+uudistuneena+-+kuppilat+laitetaan+kuntoon+nyt+uuden+kokin+avustuksella https%3A%2F%2Fwww.voice.fi%2Fviihde%2Fa-240466%3Futm_source%3Dwhatsapp%26utm_medium%3Dsocial%26utm_campaign%3Dwhatsapp_share\" class=\"share-button whatsapp-share ion-social-whatsapp\" data-text=\"Suosikkisarja+palaa+uudistuneena+-+kuppilat+laitetaan+kuntoon+nyt+uuden+kokin+avustuksella\" data-href=\"https%3A%2F%2Fwww.voice.fi%2Fviihde%2Fa-240466%3Futm_source%3Dwhatsapp%26utm_medium%3Dsocial%26utm_campaign%3Dwhatsapp_share\" data-type=\"whatsapp\" onclick=\"ga(&#039;send&#039;, &#039;event&#039;, &#039;SOME&#039;, &#039;Whatsapp&#039;, &#039;Artikkeli alaosa&#039;);\" rel=\"nofollow\"><\/p>\n<p>            <script async src=\"https:\/\/platform.twitter.com\/widgets.js\" charset=\"utf-8\"><\/script><\/p>\n","protected":false},"excerpt":{"rendered":"Ohjelma n\u00e4hd\u00e4\u00e4n televisiossa ensi vuonna. Suosikkisarja Kuppilat kuntoon palaa televisioihin ensi vuonna. Tulevalla kaudella n\u00e4hd\u00e4\u00e4n kuitenkin iso muutos,&hellip;\n","protected":false},"author":2,"featured_media":68862,"comment_status":"","ping_status":"","sticky":false,"template":"","format":"standard","meta":{"footnotes":""},"categories":[133],"tags":[137,33,31,30,32,206,156,109],"class_list":{"0":"post-68861","1":"post","2":"type-post","3":"status-publish","4":"format-standard","5":"has-post-thumbnail","7":"category-televisiot","8":"tag-entertainment","9":"tag-fi","10":"tag-finland","11":"tag-finnish","12":"tag-suomi","13":"tag-televisiot","14":"tag-tv","15":"tag-viihde"},"share_on_mastodon":{"url":"","error":""},"_links":{"self":[{"href":"https:\/\/www.europesays.com\/fi\/wp-json\/wp\/v2\/posts\/68861","targetHints":{"allow":["GET"]}}],"collection":[{"href":"https:\/\/www.europesays.com\/fi\/wp-json\/wp\/v2\/posts"}],"about":[{"href":"https:\/\/www.europesays.com\/fi\/wp-json\/wp\/v2\/types\/post"}],"author":[{"embeddable":true,"href":"https:\/\/www.europesays.com\/fi\/wp-json\/wp\/v2\/users\/2"}],"replies":[{"embeddable":true,"href":"https:\/\/www.europesays.com\/fi\/wp-json\/wp\/v2\/comments?post=68861"}],"version-history":[{"count":0,"href":"https:\/\/www.europesays.com\/fi\/wp-json\/wp\/v2\/posts\/68861\/revisions"}],"wp:featuredmedia":[{"embeddable":true,"href":"https:\/\/www.europesays.com\/fi\/wp-json\/wp\/v2\/media\/68862"}],"wp:attachment":[{"href":"https:\/\/www.europesays.com\/fi\/wp-json\/wp\/v2\/media?parent=68861"}],"wp:term":[{"taxonomy":"category","embeddable":true,"href":"https:\/\/www.europesays.com\/fi\/wp-json\/wp\/v2\/categories?post=68861"},{"taxonomy":"post_tag","embeddable":true,"href":"https:\/\/www.europesays.com\/fi\/wp-json\/wp\/v2\/tags?post=68861"}],"curies":[{"name":"wp","href":"https:\/\/api.w.org\/{rel}","templated":true}]}}