{"id":68863,"date":"2025-10-22T05:30:07","date_gmt":"2025-10-22T05:30:07","guid":{"rendered":"https:\/\/www.europesays.com\/fi\/68863\/"},"modified":"2025-10-22T05:30:07","modified_gmt":"2025-10-22T05:30:07","slug":"hbo-max-ilmoitti-julkaisevansa-elokuun-uutuuselokuvan-pian-mutta-suomessa-sita-tuskin-paastaan-viela-katsomaan","status":"publish","type":"post","link":"https:\/\/www.europesays.com\/fi\/68863\/","title":{"rendered":"HBO Max ilmoitti julkaisevansa elokuun uutuuselokuvan pian, mutta Suomessa sit\u00e4 tuskin p\u00e4\u00e4st\u00e4\u00e4n viel\u00e4 katsomaan"},"content":{"rendered":"<p>Hereditary -ja Midsommar-ohjaaja Ari Asterin Eddington saapuu suoratoistoon.<\/p>\n<p><a href=\"https:\/\/variety.com\/2025\/film\/news\/eddington-hbo-max-release-date-streaming-how-to-watch-1236557903\" target=\"_blank\" rel=\"noreferrer noopener nofollow\">Variety<\/a> kertoo Midsommar- ja Hereditary-kauhuelokuvista tutun Ari Asterin elokuussa Suomen valkokangasensi-iltansa saaneen Eddington-elokuvan saapuvan <a href=\"https:\/\/muropaketti.com\/avainsana\/hbo-max\/\" rel=\"nofollow noopener\" target=\"_blank\">HBO Maxiin<\/a> 14. marraskuuta.\u00a0<\/p>\n<p>P\u00e4iv\u00e4m\u00e4\u00e4r\u00e4 koskee todenn\u00e4k\u00f6isesti vain Yhdysvaltoja, sill\u00e4 siell\u00e4 leffa n\u00e4htiin teattereissa 1,5 kuukautta Suomea aiemmin. Meill\u00e4 Eddingtonia ei ole my\u00f6sk\u00e4\u00e4n julkaistu viel\u00e4 edes digitaalisena osto -ja vuokraversiona \u2013 sellainen on luvassa vasta 6. marraskuuta.<\/p>\n<p>P\u00e4\u00e4osin positiivisen vastaanoton kriitikoilta saanut leffa floppasi teatterikierroksellaan ja tienasi maailmanlaajuisesti vain noin 13 miljoonaa dollaria. <\/p>\n<p>Eddington sijoittuu vuoteen 2020, jolloin Covid-salaliittoteoriat jyll\u00e4siv\u00e4t Yhdysvalloissa. <\/p>\n<p>P\u00e4\u00e4osia elokuvassa esitt\u00e4v\u00e4t Joaquin Phoenix ja Pedro Pascal. Mukana ovat my\u00f6s muun muassa Austin Butler, Emma Stone, Luke Grimes, Deirdre O\u2019Connell, Micheal Ward, Am\u00e9lie Hoeferle, Clifton Collins Jr. ja William Belleau.<\/p>\n<p>Muropaketin kolmen t\u00e4hden arvostelussa elokuvasta todettiin elokuussa muun muassa seuraavaa:<\/p>\n<p>\u201dEddington uppoaa osittain samojen salaliittoteorioiden sekaan, joita se yritt\u00e4\u00e4 pilkata. Irvailu vuoden 2020 paranoidille fiilikselle ja rehelliselle vihalle eri tavoin ajattelevia kohtaan osuu maaliinsa turhan harvoin.<\/p>\n<p>Eddington on kunnianhimoinen elokuva, joka todenn\u00e4k\u00f6isesti paranee useamman katselukerran my\u00f6t\u00e4. Yhteiskuntasatiirina se vertautuu v\u00e4kisinkin Bong Joon-hon Parasite-mestariteokseen, jonka koomisen ja shokeeraavan v\u00e4lill\u00e4 loikkivat tunnelmanvaihdokset toimivat saumattomasti. Eddingtonista uupuu yht\u00e4 uskottavat tai edes kiinnostavat hahmot ja samalla inhimillisyys.\u201d<\/p>\n","protected":false},"excerpt":{"rendered":"Hereditary -ja Midsommar-ohjaaja Ari Asterin Eddington saapuu suoratoistoon. Variety kertoo Midsommar- ja Hereditary-kauhuelokuvista tutun Ari Asterin elokuussa Suomen&hellip;\n","protected":false},"author":2,"featured_media":68864,"comment_status":"","ping_status":"","sticky":false,"template":"","format":"standard","meta":{"footnotes":""},"categories":[131],"tags":[5064,5066,155,137,33,173,31,30,280,5067,172,650,32,109],"class_list":{"0":"post-68863","1":"post","2":"type-post","3":"status-publish","4":"format-standard","5":"has-post-thumbnail","7":"category-elokuvat","8":"tag-ari-aster","9":"tag-eddington","10":"tag-elokuvat","11":"tag-entertainment","12":"tag-fi","13":"tag-film","14":"tag-finland","15":"tag-finnish","16":"tag-hbo-max","17":"tag-joaquin-phoenix","18":"tag-movies","19":"tag-pedro-pascal","20":"tag-suomi","21":"tag-viihde"},"share_on_mastodon":{"url":"","error":""},"_links":{"self":[{"href":"https:\/\/www.europesays.com\/fi\/wp-json\/wp\/v2\/posts\/68863","targetHints":{"allow":["GET"]}}],"collection":[{"href":"https:\/\/www.europesays.com\/fi\/wp-json\/wp\/v2\/posts"}],"about":[{"href":"https:\/\/www.europesays.com\/fi\/wp-json\/wp\/v2\/types\/post"}],"author":[{"embeddable":true,"href":"https:\/\/www.europesays.com\/fi\/wp-json\/wp\/v2\/users\/2"}],"replies":[{"embeddable":true,"href":"https:\/\/www.europesays.com\/fi\/wp-json\/wp\/v2\/comments?post=68863"}],"version-history":[{"count":0,"href":"https:\/\/www.europesays.com\/fi\/wp-json\/wp\/v2\/posts\/68863\/revisions"}],"wp:featuredmedia":[{"embeddable":true,"href":"https:\/\/www.europesays.com\/fi\/wp-json\/wp\/v2\/media\/68864"}],"wp:attachment":[{"href":"https:\/\/www.europesays.com\/fi\/wp-json\/wp\/v2\/media?parent=68863"}],"wp:term":[{"taxonomy":"category","embeddable":true,"href":"https:\/\/www.europesays.com\/fi\/wp-json\/wp\/v2\/categories?post=68863"},{"taxonomy":"post_tag","embeddable":true,"href":"https:\/\/www.europesays.com\/fi\/wp-json\/wp\/v2\/tags?post=68863"}],"curies":[{"name":"wp","href":"https:\/\/api.w.org\/{rel}","templated":true}]}}