{"id":69143,"date":"2025-10-22T11:37:07","date_gmt":"2025-10-22T11:37:07","guid":{"rendered":"https:\/\/www.europesays.com\/fi\/69143\/"},"modified":"2025-10-22T11:37:07","modified_gmt":"2025-10-22T11:37:07","slug":"the-office-sarjan-odotettu-jatko-osa-the-paper-tulee-suomeen-marraskuussa","status":"publish","type":"post","link":"https:\/\/www.europesays.com\/fi\/69143\/","title":{"rendered":"The Office -sarjan odotettu jatko-osa The Paper tulee Suomeen marraskuussa"},"content":{"rendered":"<p>Uusi The Paper -sarja jatkaa komediaklassikko The Officen amerikkalaisversion tarinaa.<\/p>\n<p>SkyShowtime on vahvistanut tuovansa The Paper -sarjan (2025) ensimm\u00e4isen kauden Suomeen 14. marraskuuta alkaen. Heti k\u00e4ttelyss\u00e4 The Paperista julkaistaan kolme jaksoa ja sen j\u00e4lkeen sit\u00e4 seurataan jakso per viikko -tahdilla.<\/p>\n<p>The Paperin ensimm\u00e4inen tuotantokausi koostuu kymmenest\u00e4 jaksosta.<\/p>\n<p>Edelt\u00e4j\u00e4ns\u00e4 <a href=\"https:\/\/muropaketti.com\/avainsana\/the-office\/\" rel=\"nofollow noopener\" target=\"_blank\">The Officen<\/a> tavoin The Paper on mokumenttisarja, ja sen ovat luoneet Greg Daniels ja Michael Koman. Sarjassa seurataan kustantajaa, joka koettaa her\u00e4tt\u00e4\u00e4 vanhan sanomalehden henkiin.<\/p>\n<p>(Ei todellakaan mik\u00e4\u00e4n helppo nakki 2020-luvun mediamaisemassa.)<\/p>\n<p>The Paperin p\u00e4\u00e4osissa n\u00e4hd\u00e4\u00e4n mm. Domhnall Gleeson (About Time, Ex-Machina) ja Sabrina Impacciatore (The White Lotus).<\/p>\n<p>The Paper k\u00e4ynnistyi Peacock-palvelussa jo syyskuussa, ja sille on jo vahvistettu toinen kausi.<\/p>\n","protected":false},"excerpt":{"rendered":"Uusi The Paper -sarja jatkaa komediaklassikko The Officen amerikkalaisversion tarinaa. SkyShowtime on vahvistanut tuovansa The Paper -sarjan (2025)&hellip;\n","protected":false},"author":2,"featured_media":50618,"comment_status":"","ping_status":"","sticky":false,"template":"","format":"standard","meta":{"footnotes":""},"categories":[133],"tags":[137,33,31,30,1369,341,32,206,1106,1107,156,109],"class_list":{"0":"post-69143","1":"post","2":"type-post","3":"status-publish","4":"format-standard","5":"has-post-thumbnail","7":"category-televisiot","8":"tag-entertainment","9":"tag-fi","10":"tag-finland","11":"tag-finnish","12":"tag-sarjat","13":"tag-skyshowtime","14":"tag-suomi","15":"tag-televisiot","16":"tag-the-office","17":"tag-the-paper","18":"tag-tv","19":"tag-viihde"},"share_on_mastodon":{"url":"","error":""},"_links":{"self":[{"href":"https:\/\/www.europesays.com\/fi\/wp-json\/wp\/v2\/posts\/69143","targetHints":{"allow":["GET"]}}],"collection":[{"href":"https:\/\/www.europesays.com\/fi\/wp-json\/wp\/v2\/posts"}],"about":[{"href":"https:\/\/www.europesays.com\/fi\/wp-json\/wp\/v2\/types\/post"}],"author":[{"embeddable":true,"href":"https:\/\/www.europesays.com\/fi\/wp-json\/wp\/v2\/users\/2"}],"replies":[{"embeddable":true,"href":"https:\/\/www.europesays.com\/fi\/wp-json\/wp\/v2\/comments?post=69143"}],"version-history":[{"count":0,"href":"https:\/\/www.europesays.com\/fi\/wp-json\/wp\/v2\/posts\/69143\/revisions"}],"wp:featuredmedia":[{"embeddable":true,"href":"https:\/\/www.europesays.com\/fi\/wp-json\/wp\/v2\/media\/50618"}],"wp:attachment":[{"href":"https:\/\/www.europesays.com\/fi\/wp-json\/wp\/v2\/media?parent=69143"}],"wp:term":[{"taxonomy":"category","embeddable":true,"href":"https:\/\/www.europesays.com\/fi\/wp-json\/wp\/v2\/categories?post=69143"},{"taxonomy":"post_tag","embeddable":true,"href":"https:\/\/www.europesays.com\/fi\/wp-json\/wp\/v2\/tags?post=69143"}],"curies":[{"name":"wp","href":"https:\/\/api.w.org\/{rel}","templated":true}]}}