{"id":69179,"date":"2025-10-22T12:29:11","date_gmt":"2025-10-22T12:29:11","guid":{"rendered":"https:\/\/www.europesays.com\/fi\/69179\/"},"modified":"2025-10-22T12:29:11","modified_gmt":"2025-10-22T12:29:11","slug":"harrison-fordin-hittisarja-saa-jatkoa-heti-vuoden-2026-alussa","status":"publish","type":"post","link":"https:\/\/www.europesays.com\/fi\/69179\/","title":{"rendered":"Harrison Fordin hittisarja saa jatkoa heti vuoden 2026 alussa"},"content":{"rendered":"<p>Shrinking-sarjan 11 jaksoa sis\u00e4lt\u00e4v\u00e4 kolmoskausi k\u00e4ynnistyy tammikuun lopussa.<\/p>\n<p>Apple TV+ tiedottaa kehutun Shrinking-komediasarjan kolmoskauden alkavan palvelussa tammikuun lopussa. Jason Segelin ja\u00a0<a href=\"https:\/\/muropaketti.com\/avainsana\/harrison-ford\/\" rel=\"nofollow noopener\" target=\"_blank\">Harrison Fordin<\/a> t\u00e4hditt\u00e4m\u00e4n hitin uutuusjaksoista on julkaistu my\u00f6s ensimm\u00e4iset kuvat.<\/p>\n<p>Shrinking-sarjan ovat k\u00e4sikirjoittaneet muun muassa Ted Lassosta tuttu Bill Lawrence, Brett Goldstein ja Segel.<\/p>\n<p>Sarja\u00a0kertoo Segelin esitt\u00e4m\u00e4st\u00e4 terapeutista, joka rikkoo s\u00e4\u00e4nt\u00f6j\u00e4 ja alkaa kertoa potilailleen suoraan mit\u00e4 heist\u00e4 ajattelee. Segelin ja Fordin lis\u00e4ksi sarjassa n\u00e4hd\u00e4\u00e4n muun muassa Christa Miller, Jessica Williams, Michael Urie, Luke Tennie, Lukita Maxwell ja Ted McGinley.<\/p>\n<p>Uusissa jaksoissa rooleihinsa palaavat my\u00f6s muun muassa Goldstein, Damon Wayans Jr., Wendie Malick ja Cobie Smulders.<\/p>\n<p>Uusina kasvoina mukana ovat Jeff Daniels ja Michael J. Fox.<\/p>\n<p>Shrinking-sarjan 11 jaksosta koostuva kakkoskausi alkaa kahden jakson voimin Apple TV+:ssa 28. tammikuuta. Uudet jaksot tulevat tarjolle aina keskiviikkoisin. Kauden finaali n\u00e4hd\u00e4\u00e4n 9. huhtikuuta.<\/p>\n<p><a href=\"https:\/\/muropaketti.com\/wp-content\/uploads\/2025\/10\/jason-segel-harrison-ford-shrinking.jpg\" rel=\"nofollow noopener\" target=\"_blank\"><img fetchpriority=\"high\" decoding=\"async\" width=\"1024\" height=\"682\" alt=\"Jason Segel &amp; Harrison Ford \/ Shrinking\" class=\"wp-image-901857 awpo-lazy\"  data- src=\"https:\/\/www.europesays.com\/fi\/wp-content\/uploads\/2025\/10\/jason-segel-harrison-ford-shrinking-1024x682.jpg\"\/><\/a>Kuva: \u00a9 Apple TV+<\/p>\n<p><a href=\"https:\/\/muropaketti.com\/wp-content\/uploads\/2025\/10\/jason-segel-shrinking.jpg\" rel=\"nofollow noopener\" target=\"_blank\"><img loading=\"lazy\" decoding=\"async\" width=\"1024\" height=\"682\" alt=\"Shrinking\" class=\"wp-image-901858 awpo-lazy\"  data- src=\"https:\/\/www.europesays.com\/fi\/wp-content\/uploads\/2025\/10\/jason-segel-shrinking-1024x682.jpg\"\/><\/a>Kuva: \u00a9 Apple TV+<\/p>\n","protected":false},"excerpt":{"rendered":"Shrinking-sarjan 11 jaksoa sis\u00e4lt\u00e4v\u00e4 kolmoskausi k\u00e4ynnistyy tammikuun lopussa. Apple TV+ tiedottaa kehutun Shrinking-komediasarjan kolmoskauden alkavan palvelussa tammikuun lopussa.&hellip;\n","protected":false},"author":2,"featured_media":69180,"comment_status":"","ping_status":"","sticky":false,"template":"","format":"standard","meta":{"footnotes":""},"categories":[133],"tags":[5097,10435,137,33,31,30,6827,1369,15334,32,206,156,109],"class_list":{"0":"post-69179","1":"post","2":"type-post","3":"status-publish","4":"format-standard","5":"has-post-thumbnail","7":"category-televisiot","8":"tag-apple-tv","9":"tag-apple-tv-sarjat","10":"tag-entertainment","11":"tag-fi","12":"tag-finland","13":"tag-finnish","14":"tag-harrison-ford","15":"tag-sarjat","16":"tag-shrinking","17":"tag-suomi","18":"tag-televisiot","19":"tag-tv","20":"tag-viihde"},"share_on_mastodon":{"url":"","error":""},"_links":{"self":[{"href":"https:\/\/www.europesays.com\/fi\/wp-json\/wp\/v2\/posts\/69179","targetHints":{"allow":["GET"]}}],"collection":[{"href":"https:\/\/www.europesays.com\/fi\/wp-json\/wp\/v2\/posts"}],"about":[{"href":"https:\/\/www.europesays.com\/fi\/wp-json\/wp\/v2\/types\/post"}],"author":[{"embeddable":true,"href":"https:\/\/www.europesays.com\/fi\/wp-json\/wp\/v2\/users\/2"}],"replies":[{"embeddable":true,"href":"https:\/\/www.europesays.com\/fi\/wp-json\/wp\/v2\/comments?post=69179"}],"version-history":[{"count":0,"href":"https:\/\/www.europesays.com\/fi\/wp-json\/wp\/v2\/posts\/69179\/revisions"}],"wp:featuredmedia":[{"embeddable":true,"href":"https:\/\/www.europesays.com\/fi\/wp-json\/wp\/v2\/media\/69180"}],"wp:attachment":[{"href":"https:\/\/www.europesays.com\/fi\/wp-json\/wp\/v2\/media?parent=69179"}],"wp:term":[{"taxonomy":"category","embeddable":true,"href":"https:\/\/www.europesays.com\/fi\/wp-json\/wp\/v2\/categories?post=69179"},{"taxonomy":"post_tag","embeddable":true,"href":"https:\/\/www.europesays.com\/fi\/wp-json\/wp\/v2\/tags?post=69179"}],"curies":[{"name":"wp","href":"https:\/\/api.w.org\/{rel}","templated":true}]}}