{"id":69196,"date":"2025-10-22T12:40:08","date_gmt":"2025-10-22T12:40:08","guid":{"rendered":"https:\/\/www.europesays.com\/fi\/69196\/"},"modified":"2025-10-22T12:40:08","modified_gmt":"2025-10-22T12:40:08","slug":"ahtarin-elainpuistolle-on-ehka-loytymassa-jatkaja-mutta-rahaa-tarvitaan-kotimaa","status":"publish","type":"post","link":"https:\/\/www.europesays.com\/fi\/69196\/","title":{"rendered":"\u00c4ht\u00e4rin el\u00e4inpuistolle on ehk\u00e4 l\u00f6ytym\u00e4ss\u00e4 jatkaja, mutta rahaa tarvitaan | Kotimaa"},"content":{"rendered":"<p class=\"aw-1gybjub aw-5vja16 ghpEtB kjanFo yle__article__paragraph\">\u00c4ht\u00e4rin el\u00e4inpuisto sulkee ovensa yleis\u00f6lt\u00e4 tulevana sunnuntaina, mutta el\u00e4inten hoito jatkuu toistaiseksi. Toiminta jatkuu yhdistyksen py\u00f6ritt\u00e4m\u00e4n\u00e4.<\/p>\n<p><img decoding=\"async\" alt=\"\u00c4ht\u00e4rin el\u00e4inpuiston uusin asukas, silm\u00e4lasikarhu.\" src=\"https:\/\/www.europesays.com\/fi\/wp-content\/uploads\/2025\/10\/39-154025968f254ff2bcf7.jpeg\" class=\"aw-1l9m598 hKVVvP\"\/><\/p>\n<p>Avaa kuvien katselu<\/p>\n<p>Silm\u00e4lasikarhu asuu nyt entisess\u00e4 pandatalossa, jonka omistaa Vieraile ja v\u00e4lit\u00e4t -yhdistys. Yhdistys aikoo jatkaa el\u00e4inten hoitamista puiston sulkeutumisen j\u00e4lkeenkin. Kuva: Tarmo Niemi \/ Yle<\/p>\n<p>15:02\u2022P\u00e4ivitetty 15:12<\/p>\n<p class=\"aw-1gybjub aw-1p7kakr ghpEtB jtovHP yle__article__paragraph\">Konkurssiin ajautuneen \u00c4ht\u00e4rin el\u00e4inpuiston tulevaisuus on nyt hieman valoisampi kuin viel\u00e4 hetki sitten. El\u00e4inpuiston mukaan neuvottelut toiminnan jatkamisesta ovat pitk\u00e4ll\u00e4 Vieraile ja v\u00e4lit\u00e4t -yhdistyksen kanssa.<\/p>\n<p class=\"aw-1gybjub aw-1p7kakr ghpEtB jtovHP yle__article__paragraph\">Yhdistys on sama, joka <a class=\"aw-iao6s4 iHOxEa yle__article__link\" href=\"https:\/\/yle.fi\/a\/74-20152215\" role=\"link\" rel=\"nofollow noopener\" target=\"_blank\">osti pandatalon kev\u00e4\u00e4ll\u00e4 2025<\/a>.<\/p>\n<p class=\"aw-1gybjub aw-1p7kakr ghpEtB jtovHP yle__article__paragraph\">Yle tavoitti yhdistyksen puheenjohtajan <strong class=\"aw-ak79eh KyCXm yle__article__strong\">Marko Haapam\u00e4en<\/strong>. H\u00e4n vahvistaa asian.<\/p>\n<p class=\"aw-1gybjub aw-1p7kakr ghpEtB jtovHP yle__article__paragraph\">\u2013 Kyll\u00e4 t\u00e4llaista on suunniteltu. Yhdistyksen tarkoituksena on nyt turvata el\u00e4inten hoito \u00c4ht\u00e4riss\u00e4 ja sit\u00e4 kautta mahdollistaa el\u00e4inpuiston jatkuminen, kun puisto ja el\u00e4imet pidet\u00e4\u00e4n hyv\u00e4ss\u00e4 kunnossa. Nyt puisto suljetaan yleis\u00f6lt\u00e4, ja keskitymme varainhankintaan ja el\u00e4inten hyvinvoinnin turvaamiseen.<\/p>\n<p class=\"aw-1gybjub aw-1p7kakr ghpEtB jtovHP yle__article__paragraph\">Yhdistyksell\u00e4 ei ole t\u00e4ll\u00e4 hetkell\u00e4 varoja hoidon pitk\u00e4aikaiseen jatkamiseen.<\/p>\n<p class=\"aw-1gybjub aw-1p7kakr ghpEtB jtovHP yle__article__paragraph\">\u2013 T\u00e4ll\u00e4 hetkell\u00e4 ei ole mit\u00e4\u00e4n sen suurempaa suunnitelmaa el\u00e4inpuiston rahoitukselle, mutta onhan meill\u00e4 yhdistyksen\u00e4 ollut ker\u00e4yksi\u00e4 t\u00e4ss\u00e4 viimeisin\u00e4 vuosina, eli jonkin verran meill\u00e4 on rahaa, mutta sit\u00e4 tarvitaan lis\u00e4\u00e4.<\/p>\n<p class=\"aw-1gybjub aw-1p7kakr ghpEtB jtovHP yle__article__paragraph\">Yhdistys on avannut t\u00e4n\u00e4\u00e4n varainkeruun, jotta el\u00e4inten hoidon jatkaminen olisi mahdollista pidemm\u00e4ll\u00e4 aikav\u00e4lill\u00e4. Varsinaista tavoitesummaa ker\u00e4yksell\u00e4 ei ole, mutta Haapam\u00e4en mukaan tarve olisi mieluummin sadoille tuhansille euroille kuin kymmenille tuhansille.<\/p>\n<p class=\"aw-1gybjub aw-1p7kakr ghpEtB jtovHP yle__article__paragraph\">Haapam\u00e4ki ei poissulje sit\u00e4, ett\u00e4 yhdistys tulevaisuudessa py\u00f6ritt\u00e4isi my\u00f6s el\u00e4inpuistotoimintaa, mutta h\u00e4n toivoo, ett\u00e4 kiinnostuneet ovat yhteydess\u00e4.<\/p>\n<p class=\"aw-1gybjub aw-1p7kakr ghpEtB jtovHP yle__article__paragraph\">\u2013 Jos jotakin kiinnostaa el\u00e4inpuiston jatkaminen, niin voi olla yhteydess\u00e4 yhdistykseen, niin neuvotellaan. Mutta ei se nyt poissuljettua ole, ett\u00e4 me jatkamme toimintaa, Haapam\u00e4ki sanoo.<\/p>\n<p class=\"aw-1gybjub aw-1p7kakr ghpEtB jtovHP yle__article__paragraph\">Vieraile ja v\u00e4lit\u00e4t ry on perustettu vuonna 2019. Sen tarkoituksena on ollut alusta asti tukea aatteellisesti ja taloudellisesti erityisesti harvinaisten ja uhanalaisten el\u00e4inlajien suojelua ja luontoon sek\u00e4 luonnonsuojeluun liittyv\u00e4\u00e4 valistusty\u00f6t\u00e4.<\/p>\n<p class=\"aw-1gybjub aw-1p7kakr ghpEtB jtovHP yle__article__paragraph\">El\u00e4inpuiston ovet sulkeutuvat uusimmasta k\u00e4\u00e4nteest\u00e4 huolimatta sunnuntaina, eik\u00e4 puisto ole sen j\u00e4lkeen yleis\u00f6lle avoinna.<\/p>\n<p class=\"aw-1gybjub aw-1p7kakr ghpEtB jtovHP yle__article__paragraph\">Uutista p\u00e4ivitet\u00e4\u00e4n.<\/p>\n","protected":false},"excerpt":{"rendered":"\u00c4ht\u00e4rin el\u00e4inpuisto sulkee ovensa yleis\u00f6lt\u00e4 tulevana sunnuntaina, mutta el\u00e4inten hoito jatkuu toistaiseksi. Toiminta jatkuu yhdistyksen py\u00f6ritt\u00e4m\u00e4n\u00e4. Avaa kuvien&hellip;\n","protected":false},"author":2,"featured_media":69197,"comment_status":"","ping_status":"","sticky":false,"template":"","format":"standard","meta":{"footnotes":""},"categories":[5],"tags":[2993,5287,22,23,1377,26,27,33,31,30,17,71,24,25,28,29,15,18,21,32,19,20,16,1356],"class_list":{"0":"post-69196","1":"post","2":"type-post","3":"status-publish","4":"format-standard","5":"has-post-thumbnail","7":"category-otsikot","8":"tag-ahtari","9":"tag-ahtarin-elainpuisto","10":"tag-breaking-news","11":"tag-breakingnews","12":"tag-etela-pohjanmaa","13":"tag-featured-news","14":"tag-featurednews","15":"tag-fi","16":"tag-finland","17":"tag-finnish","18":"tag-headlines","19":"tag-kotimaa","20":"tag-latest-news","21":"tag-latestnews","22":"tag-main-news","23":"tag-mainnews","24":"tag-news","25":"tag-otsikot","26":"tag-paauutiset","27":"tag-suomi","28":"tag-top-stories","29":"tag-topstories","30":"tag-uutiset","31":"tag-yritykset"},"share_on_mastodon":{"url":"","error":""},"_links":{"self":[{"href":"https:\/\/www.europesays.com\/fi\/wp-json\/wp\/v2\/posts\/69196","targetHints":{"allow":["GET"]}}],"collection":[{"href":"https:\/\/www.europesays.com\/fi\/wp-json\/wp\/v2\/posts"}],"about":[{"href":"https:\/\/www.europesays.com\/fi\/wp-json\/wp\/v2\/types\/post"}],"author":[{"embeddable":true,"href":"https:\/\/www.europesays.com\/fi\/wp-json\/wp\/v2\/users\/2"}],"replies":[{"embeddable":true,"href":"https:\/\/www.europesays.com\/fi\/wp-json\/wp\/v2\/comments?post=69196"}],"version-history":[{"count":0,"href":"https:\/\/www.europesays.com\/fi\/wp-json\/wp\/v2\/posts\/69196\/revisions"}],"wp:featuredmedia":[{"embeddable":true,"href":"https:\/\/www.europesays.com\/fi\/wp-json\/wp\/v2\/media\/69197"}],"wp:attachment":[{"href":"https:\/\/www.europesays.com\/fi\/wp-json\/wp\/v2\/media?parent=69196"}],"wp:term":[{"taxonomy":"category","embeddable":true,"href":"https:\/\/www.europesays.com\/fi\/wp-json\/wp\/v2\/categories?post=69196"},{"taxonomy":"post_tag","embeddable":true,"href":"https:\/\/www.europesays.com\/fi\/wp-json\/wp\/v2\/tags?post=69196"}],"curies":[{"name":"wp","href":"https:\/\/api.w.org\/{rel}","templated":true}]}}