{"id":69316,"date":"2025-10-22T15:32:11","date_gmt":"2025-10-22T15:32:11","guid":{"rendered":"https:\/\/www.europesays.com\/fi\/69316\/"},"modified":"2025-10-22T15:32:11","modified_gmt":"2025-10-22T15:32:11","slug":"paljastus-illan-jaksosta-maajussi-ritva-on-aiman-kakena-nain-sulhoehdokas-yllattaa-romanttisesti","status":"publish","type":"post","link":"https:\/\/www.europesays.com\/fi\/69316\/","title":{"rendered":"Paljastus illan jaksosta: Maajussi-Ritva on \u00e4im\u00e4n k\u00e4ken\u00e4 &#8211; N\u00e4in sulhoehdokas yll\u00e4tt\u00e4\u00e4 romanttisesti!"},"content":{"rendered":"<p>  Varo sis\u00e4lt\u00f6paljastuksia Maajussille morsian: Kaikki tarinat -jaksosta ke 22.10.22.10.2025 klo 6:45<a href=\"https:\/\/www.suomi24.fi\/viihde\/l\/68f73719f1b2d-5312.webp\" rel=\"nofollow noopener\" target=\"_blank\"><img decoding=\"async\" src=\"https:\/\/www.europesays.com\/fi\/wp-content\/uploads\/2025\/10\/68f73719f1b2d-5312.webp.webp\" alt=\"Maajussille morsian\" loading=\"lazy\"\/><\/a>Maajussi-Ritva, kuva: MTV3<\/p>\n<p>Posiolla Riisitunturin kupeessa asuva <strong>Ritva <\/strong>on mukana Maajussille morsian: Kaikki tarinat -realityss\u00e4. 54-vuotias Ritva py\u00f6ritt\u00e4\u00e4 <strong>Korpihilla<\/strong>-tilaa. Puuhakas Ritva on rakentanut vanhasta kansakoulusta kohteen, miss\u00e4 h\u00e4nell\u00e4 on kahvila, vohvelipuoti, juhlatila ja l\u00e4hitulevaisuudessa my\u00f6s pienimuotoista majoitustoimintaa.<\/p>\n<p>Maajussille morsian: Kaikki tarinat -ohjelmassa Ritva ei ole viel\u00e4 n\u00e4hnyt kasvokkain sulhoehdokkaitaan tai pikemminkin sulhoehdokasta. T\u00e4ll\u00e4 kertaa ei tarvitse tehd\u00e4 isoja valintoja sulhojen suhteen, sill\u00e4 tarjolla on yksi mies, <strong>Ari<\/strong>.<\/p>\n<p>Maajussi-Ritva ja Ari ovat tutustelleet videon v\u00e4lityksell\u00e4, mutta nyt on aika oikean treffip\u00e4iv\u00e4n. He matkaavat meren yli Helsingin edustalla olevaan Suomenlinnaan. Treffeill\u00e4 pariskunta tutustuu toisiinsa sek\u00e4 mm. Suomenlinnan historiaan.<\/p>\n<p><a href=\"https:\/\/www.suomi24.fi\/viihde\/l\/68f7369169c38-5312.webp\" rel=\"nofollow noopener\" target=\"_blank\"><img decoding=\"async\" src=\"https:\/\/www.europesays.com\/fi\/wp-content\/uploads\/2025\/10\/68f7369169c38-5312.webp.webp\" alt=\"Maajussille morsian\" loading=\"lazy\"\/><\/a>Ritva ja sulhoehdokas-Ari, kuva: MTV3<\/p>\n<p>Ritva on elementiss\u00e4\u00e4n, kun pari viett\u00e4\u00e4 romanttista piknikki\u00e4 merimaisemissa. Ari intoutuu lausumaan runon ja jopa laulamaan treffeill\u00e4, my\u00f6s kuohuviini\u00e4 juodaan &#8221;ranskalaiseen&#8221; tapaan. Tunnelma on intensiivinen ja ehk\u00e4 jatkoakin on tiedossa.<\/p>\n<p>Muut maajussit <strong>Miia, Tuomas <\/strong>ja <strong>Pia <\/strong>viett\u00e4v\u00e4t kes\u00e4juhlia valittujen morsio- tai sulhoehdokkaiden kanssa. Pian on lopullisten valintojen aika.<\/p>\n<p>Maajussille morsian: Kaikki tarinat ke klo 21.30 MTV3 ja MTV Katsomo<\/p>\n<p>Maajussille morsian ma klo 20 MTV3 ja MTV Katsomo<\/p>\n<p><a href=\"https:\/\/www.telsu.fi\/maajussille-morsian-kaikki-tarinat\" rel=\"noopener noreferrer nofollow\" target=\"_blank\">Katso tv-ohjelma-ajat Telsu.fi<\/a><\/p>\n<p>Suomi24 Viihde<\/p>\n","protected":false},"excerpt":{"rendered":"Varo sis\u00e4lt\u00f6paljastuksia Maajussille morsian: Kaikki tarinat -jaksosta ke 22.10.22.10.2025 klo 6:45Maajussi-Ritva, kuva: MTV3 Posiolla Riisitunturin kupeessa asuva Ritva&hellip;\n","protected":false},"author":2,"featured_media":69317,"comment_status":"","ping_status":"","sticky":false,"template":"","format":"standard","meta":{"footnotes":""},"categories":[133],"tags":[137,33,31,30,32,206,156,109],"class_list":{"0":"post-69316","1":"post","2":"type-post","3":"status-publish","4":"format-standard","5":"has-post-thumbnail","7":"category-televisiot","8":"tag-entertainment","9":"tag-fi","10":"tag-finland","11":"tag-finnish","12":"tag-suomi","13":"tag-televisiot","14":"tag-tv","15":"tag-viihde"},"share_on_mastodon":{"url":"","error":""},"_links":{"self":[{"href":"https:\/\/www.europesays.com\/fi\/wp-json\/wp\/v2\/posts\/69316","targetHints":{"allow":["GET"]}}],"collection":[{"href":"https:\/\/www.europesays.com\/fi\/wp-json\/wp\/v2\/posts"}],"about":[{"href":"https:\/\/www.europesays.com\/fi\/wp-json\/wp\/v2\/types\/post"}],"author":[{"embeddable":true,"href":"https:\/\/www.europesays.com\/fi\/wp-json\/wp\/v2\/users\/2"}],"replies":[{"embeddable":true,"href":"https:\/\/www.europesays.com\/fi\/wp-json\/wp\/v2\/comments?post=69316"}],"version-history":[{"count":0,"href":"https:\/\/www.europesays.com\/fi\/wp-json\/wp\/v2\/posts\/69316\/revisions"}],"wp:featuredmedia":[{"embeddable":true,"href":"https:\/\/www.europesays.com\/fi\/wp-json\/wp\/v2\/media\/69317"}],"wp:attachment":[{"href":"https:\/\/www.europesays.com\/fi\/wp-json\/wp\/v2\/media?parent=69316"}],"wp:term":[{"taxonomy":"category","embeddable":true,"href":"https:\/\/www.europesays.com\/fi\/wp-json\/wp\/v2\/categories?post=69316"},{"taxonomy":"post_tag","embeddable":true,"href":"https:\/\/www.europesays.com\/fi\/wp-json\/wp\/v2\/tags?post=69316"}],"curies":[{"name":"wp","href":"https:\/\/api.w.org\/{rel}","templated":true}]}}