{"id":69344,"date":"2025-10-22T16:03:10","date_gmt":"2025-10-22T16:03:10","guid":{"rendered":"https:\/\/www.europesays.com\/fi\/69344\/"},"modified":"2025-10-22T16:03:10","modified_gmt":"2025-10-22T16:03:10","slug":"alone-suomen-voittaja-selvisi-aivan-kasittamatonta","status":"publish","type":"post","link":"https:\/\/www.europesays.com\/fi\/69344\/","title":{"rendered":"Alone Suomen voittaja selvisi: &#8221;Aivan k\u00e4sitt\u00e4m\u00e4t\u00f6nt\u00e4&#8221;"},"content":{"rendered":"<p>\n            Alone Suomi, 1. kausi, 2025.<br \/>\n            MTV\n        <\/p>\n<p class=\"subtitle \">L\u00e4\u00e4k\u00e4ri joutui lopettamaan yhden kilpailijan pelin.<\/p>\n<p class=\"article-content article-content-width !bg-background\">MTV:n Alone Suomi -ohjelman ensimm\u00e4isell\u00e4 kaudella kahdeksan rohkeaa er\u00e4ihmist\u00e4 testasi kykyj\u00e4\u00e4n selviyty\u00e4 yksin luonnon armoilla Inarin er\u00e4maassa.<\/p>\n<p class=\"font-weight-bold m-font-weight-bold article-content article-content-width !bg-background\">Videolla J\u00e4\u00e4n vangit -n\u00e4yttelij\u00e4t avautuvat peloistaan.\u00a0<\/p>\n<p class=\"article-content article-content-width !bg-background\">Viikkojen ajan heid\u00e4n on t\u00e4ytynyt selvit\u00e4 t\u00e4ysin erill\u00e4\u00e4n ulkomaailmasta, Lapin oikuttelevan s\u00e4\u00e4n armoilla, v\u00e4h\u00e4isell\u00e4 ravinnolla seikkailusta uupuneiden kehojensa kanssa.<\/p>\n<p class=\"article-content article-content-width !bg-background\">Suurin haaste lienee ollut henkinen jaksaminen. Yksin\u00e4isyys, koti-ik\u00e4v\u00e4 ja ep\u00e4varmuus selvi\u00e4misest\u00e4 ovat nakertaneet jokaisen osallistujan mielt\u00e4 aika ajoin.<\/p>\n<p class=\"article-content article-content-width !bg-background\">Seikkailun finaalijaksossa j\u00e4ljell\u00e4 olevat kisaajat ovat sinnitelleet 22 p\u00e4iv\u00e4\u00e4 er\u00e4maan yksin\u00e4isyydess\u00e4. N\u00e4m\u00e4 kolme ovat asiakkuusvastaava , 43, sekaty\u00f6l\u00e4inen , 45, sek\u00e4 el\u00e4kel\u00e4inen , 68.<\/p>\n<p>        <a itemprop=\"url\" href=\"https:\/\/www.seiska.fi\/katso\/alone-suomen-petra-pohtii-jo-luovuttamista\/1945463\" rel=\"nofollow noopener\" target=\"_blank\"><\/p>\n<p>\nAlone Suomi\n<\/p>\n<p class=\"section-date\">\n        <strong class=\"article-section\" data-section=\"katso\"><br \/>\n            katso<br \/>\n        <\/strong><br \/>\n        30.9. 10:15\n    <\/p>\n<p>Alone Suomen Petra pohtii jo luovuttamista\n    <\/p>\n<p itemprop=\"description\" class=\"subtitle \">\n    Er\u00e4opas uppoaa tekem\u00e4ns\u00e4 lautan mukana kylm\u00e4\u00e4n j\u00e4rveen Alone Suomessa.\n<\/p>\n<p>        <\/a><\/p>\n<p>Repe luovutti<\/p>\n<p class=\"article-content article-content-width !bg-background\">Repen mieless\u00e4 on y\u00f6n tunteina py\u00f6rinyt asioita, jotka ovat pit\u00e4neet h\u00e4nt\u00e4 valveilla. Unet ovat j\u00e4\u00e4neet v\u00e4hiin.<\/p>\n<p>                <img decoding=\"async\" src=\"https:\/\/www.europesays.com\/fi\/wp-content\/uploads\/2025\/10\/1969728.webp\" width=\"576\" height=\"269\" title=\"Repe koki antaneensa kaikkensa. H\u00e4nen aikansa Alone Suomessa oli tullut p\u00e4\u00e4t\u00f6kseen.\" alt=\"Alone Suomi, 1. kausi, 2025, Repe.\" loading=\"lazy\" \/>            <\/p>\n<p>\n            Repe koki antaneensa kaikkensa. H\u00e4nen aikansa Alone Suomessa oli tullut p\u00e4\u00e4t\u00f6kseen.<br \/>\n            MTV\n        <\/p>\n<p class=\"article-content article-content-width !bg-background\">Aamulla tunteet ovat pinnassa.<\/p>\n<p class=\"article-content article-content-width !bg-background\">\u2013\tOlen tehnyt t\u00e4t\u00e4 hiljaista kuolemaa nyt kaksi viikkoa. Jossain vaiheessa se pit\u00e4\u00e4 todeta, ett\u00e4 olen tehnyt kaikkeni. Kysyn itselt\u00e4ni, miss\u00e4 olen mennyt vikaan ja mink\u00e4laisia p\u00e4\u00e4t\u00f6ksi\u00e4 olen tehnyt.\u00a0<\/p>\n<p class=\"article-content article-content-width !bg-background\">\u2013\u00a0Mutta tied\u00e4n, ett\u00e4 olen tehnyt kaiken sen, mit\u00e4 voin. Parhaani, h\u00e4n toteaa ja ilmoittaa j\u00e4tt\u00e4v\u00e4ns\u00e4 kisan kesken.<\/p>\n<p class=\"article-content article-content-width !bg-background\">Alonen 24. p\u00e4iv\u00e4n\u00e4 j\u00e4ljell\u00e4 olevat kisaajat Aki ja Esa saavat valita yhden etuuden nelj\u00e4st\u00e4 vaihtoehdosta, jotka ovat lipputangon narua 25 metri\u00e4, toinen kalastusverkko, 12 metri\u00e4 paracort-narua ja nelj\u00e4 kappaletta koukkuja.<\/p>\n<p>        <a itemprop=\"url\" href=\"https:\/\/www.seiska.fi\/katso\/alone-suomi-kisaaja-luovuttaa-tekee-mieli-kaivaa-silmat-paasta\/1968485\" rel=\"nofollow noopener\" target=\"_blank\"><\/p>\n<p>\nAlone Suomi\n<\/p>\n<p class=\"section-date\">\n        <strong class=\"article-section\" data-section=\"katso\"><br \/>\n            katso<br \/>\n        <\/strong><br \/>\n        21.10. 15:15\n    <\/p>\n<p>Alone Suomi -kisaaja luovuttaa: \u201dTekee mieli kaivaa silm\u00e4t p\u00e4\u00e4st\u00e4\u201d\n    <\/p>\n<p itemprop=\"description\" class=\"subtitle \">\n    Valtavat kivut koituvat Alone Suomi -kilpailijan kohtaloksi.\n<\/p>\n<p>        <\/a><\/p>\n<p class=\"article-content article-content-width !bg-background\">Molemmat miehet valitsevat etuudekseen kalastusverkon.<\/p>\n<p class=\"article-content article-content-width !bg-background\">\u2013\tYrit\u00e4n sinnitell\u00e4 niin pitk\u00e4lle kuin pystyn. Periksi en anna, Aki ilmoittaa p\u00e4\u00e4tt\u00e4v\u00e4isesti iltanuotiolla.<\/p>\n<p class=\"article-content article-content-width !bg-background\">Y\u00f6n yksin\u00e4isyydess\u00e4 Esa pohtii syv\u00e4llisi\u00e4.<\/p>\n<p class=\"article-content article-content-width !bg-background\">\u2013\tOlen tavannut sieluni, ja ymm\u00e4rr\u00e4n sen olemusta. Sielu on ikuinen ja pyh\u00e4, eik\u00e4 sill\u00e4 ole mit\u00e4\u00e4n tekemist\u00e4 ymp\u00e4rist\u00f6n vaikutusten kanssa, h\u00e4n pohtii makuupussissaan.<\/p>\n<p>L\u00e4\u00e4k\u00e4ri puuttui peliin<\/p>\n<p class=\"article-content article-content-width !bg-background\">Seuraavana aamuna Esan onni k\u00e4\u00e4ntyy. Uuteen verkkoon on tarttunut huikea saalis.<\/p>\n<p class=\"article-content article-content-width !bg-background\">Toisin on Akilla. Aliravitsemus on heikent\u00e4nyt h\u00e4nen kehon l\u00e4mm\u00f6ns\u00e4\u00e4telykyky\u00e4, ja kahlattuaan verkkojen per\u00e4ss\u00e4 5-asteisessa vedess\u00e4, h\u00e4n k\u00e4rsii kylm\u00e4st\u00e4.<\/p>\n<p class=\"article-content article-content-width !bg-background\">\u2013\tEn anna ikin\u00e4 periksi, en ikin\u00e4. V***u, antakaa lis\u00e4\u00e4 paskaa, min\u00e4 jaksan. Sit\u00e4 kauemmin, mit\u00e4 huonommin menee. Saatana, Aki karjuu.<\/p>\n<p>                <img decoding=\"async\" src=\"https:\/\/www.europesays.com\/fi\/wp-content\/uploads\/2025\/10\/1969979.webp\" width=\"576\" height=\"269\" alt=\"Akin terveys petti nelj\u00e4n Alone-viikon j\u00e4lkeen.\" loading=\"lazy\" \/>            <\/p>\n<p>\n            Akin terveys petti nelj\u00e4n Alone-viikon j\u00e4lkeen.<br \/>\n            MTV\n        <\/p>\n<p class=\"article-content article-content-width !bg-background\">Kilpailun 32. p\u00e4iv\u00e4n\u00e4 l\u00e4\u00e4k\u00e4ri tulee tarkistamaan Akin terveydentilan. Paino on pudonnut huolestuttavasti eik\u00e4 k\u00e4siss\u00e4 ole voimaa.<\/p>\n<p class=\"article-content article-content-width !bg-background\">\u2013 Tied\u00e4n, ett\u00e4 olet taistelija ja sielukas mes. Sin\u00e4 pystyisit t\u00e4\u00e4ll\u00e4 viel\u00e4 sinnittelem\u00e4\u00e4n ihan viimeisill\u00e4kin voimilla. Kun nyt saan sinut viel\u00e4 omilla jaloilla t\u00e4\u00e4lt\u00e4 pois, on minun l\u00e4\u00e4k\u00e4rin\u00e4 lopetettava t\u00e4m\u00e4 t\u00e4h\u00e4n. Aki, valitettavasti sinun kilpailusi p\u00e4\u00e4ttyy t\u00e4h\u00e4n, l\u00e4\u00e4k\u00e4ri ilmoittaa.\u00a0<\/p>\n<p class=\"article-content article-content-width !bg-background\">Pettynyt Aki hoipertelee sivumpaan itkem\u00e4\u00e4n.<\/p>\n<p class=\"article-content article-content-width !bg-background\">\u2013\tKyll\u00e4 min\u00e4 romahdin siin\u00e4, koska olin siihen menness\u00e4 n\u00e4hnyt aika paljon vaivaa. Suurin osa kisasta ei ollut kivaa. Voin sanoa, ett\u00e4 oli helvetti\u00e4.<\/p>\n<p class=\"article-content article-content-width !bg-background\">\u2013\tEi se, ettei tullut rahaa. Periaatteessa petin itseni. Olen aina puskenut l\u00e4pi, mit\u00e4 haluan, maksoi mit\u00e4 maksoi. Sinne on aina p\u00e4\u00e4sty, nyt ei p\u00e4\u00e4sty. Se oli hyv\u00e4 opetus, Aki toteaa.\u00a0<\/p>\n<p>&#8221;Ik\u00e4 ei vaikuta mihink\u00e4\u00e4n&#8221;<\/p>\n<p class=\"article-content article-content-width !bg-background\">Ravintoa saanut Esa on uusien t\u00f6iden touhussa, kun pelastusryhm\u00e4 saapuu retkipaikalle.\u00a0<\/p>\n<p class=\"article-content article-content-width !bg-background\">Esa on valmistautunut terveystarkastukseen, eik\u00e4 h\u00e4nell\u00e4 ole\u00a0 aavistustakaan, ett\u00e4 h\u00e4n on Alone Suomen voittaja.\u00a0<\/p>\n<p>        <a itemprop=\"url\" href=\"https:\/\/www.seiska.fi\/katso\/nain-alone-suomen-liisalle-61-kavi-kuvausten-jalkeen\/1956600\" rel=\"nofollow noopener\" target=\"_blank\"><\/p>\n<p>\nAlone Suomi Liisa\n<\/p>\n<p class=\"section-date\">\n        <strong class=\"article-section\" data-section=\"katso\"><br \/>\n            katso<br \/>\n        <\/strong><br \/>\n        11.10. 08:15\n    <\/p>\n<p>N\u00e4in Alone Suomen Liisalle, 61, k\u00e4vi kuvausten j\u00e4lkeen\n    <\/p>\n<p itemprop=\"description\" class=\"subtitle \">\n    Porilainen Liisa kertoo Katson haastattelussa, ett\u00e4 voisi osallistua muihinkin tositelevisio-ohjelmiin. Erikoisjoukkoihin h\u00e4n ei kuitenkaan l\u00e4hde, sill\u00e4 h\u00e4nell\u00e4 on vasaravarpaat.\n<\/p>\n<p>        <\/a><\/p>\n<p>                <img decoding=\"async\" src=\"https:\/\/www.europesays.com\/fi\/wp-content\/uploads\/2025\/10\/1969983.webp\" width=\"576\" height=\"269\" alt=\"Usean n\u00e4lk\u00e4isen p\u00e4iv\u00e4n j\u00e4lkeen Esan kalastusonni palasi.\" loading=\"lazy\" \/>            <\/p>\n<p>\n            Usean n\u00e4lk\u00e4isen p\u00e4iv\u00e4n j\u00e4lkeen Esan kalastusonni palasi.<br \/>\n            MTV\n        <\/p>\n<p class=\"article-content article-content-width !bg-background\">Kesken jutustelun Esan koira Igor rynt\u00e4\u00e4 is\u00e4nt\u00e4\u00e4ns\u00e4 tervehtim\u00e4\u00e4n ja per\u00e4ss\u00e4 seuraa tuttu nuori mies, joka kertoo el\u00e4kel\u00e4isen voittaneen kilpailun.<\/p>\n<p class=\"article-content article-content-width !bg-background\">\u2013\tEi ole totta. Minulla on verkot veess\u00e4. Aivan k\u00e4sitt\u00e4m\u00e4t\u00f6nt\u00e4, ett\u00e4 voitin.<\/p>\n<p class=\"article-content article-content-width !bg-background\">\u2013 Ihmiset, \u00e4lk\u00e4\u00e4 j\u00e4\u00e4k\u00f6 sohvaperunoiksi. Menk\u00e4\u00e4 ja l\u00f6yt\u00e4k\u00e4\u00e4 sielu. Sairaus on este, ik\u00e4 ei vaikuta mihink\u00e4\u00e4n. Kaikki ovat nuoria, vastasyntyneit\u00e4 lapsia sisimm\u00e4ss\u00e4\u00e4n, Esa sanoo.\u00a0<\/p>\n<p class=\"article-content article-content-width !bg-background\">Voitosta Esa saa 20 000 euron rahapalkinnon.\u00a0<\/p>\n<p class=\"article-content article-content-width !bg-background\">Alone Suomi n\u00e4hd\u00e4\u00e4n tiistaisin MTV3:lla klo 21.00 ja MTV Katsomossa. Seuraava jakso on katsottavissa ennakkoon MTV Katsomo+:lla.<\/p>\n<p>        <a itemprop=\"url\" href=\"https:\/\/www.seiska.fi\/katso\/nakokulma-alone-suomi-liisa-on-sankari\/1949013\" rel=\"nofollow noopener\" target=\"_blank\"><\/p>\n<p>\nAlone Suomi\n<\/p>\n<p class=\"section-date\">\n        <strong class=\"article-section\" data-section=\"katso\"><br \/>\n            katso<br \/>\n        <\/strong><br \/>\n        8.10. 10:15\n    <\/p>\n<p>N\u00e4k\u00f6kulma: Alone Suomi -Liisa on sankari\n    <\/p>\n<p itemprop=\"description\" class=\"subtitle \">\n    Kiroileva porilainen p\u00e4tk\u00e4ty\u00f6l\u00e4inen on ollut monen suosikki Alone Suomessa.\n<\/p>\n<p>        <\/a><\/p>\n","protected":false},"excerpt":{"rendered":"Alone Suomi, 1. kausi, 2025. MTV L\u00e4\u00e4k\u00e4ri joutui lopettamaan yhden kilpailijan pelin. MTV:n Alone Suomi -ohjelman ensimm\u00e4isell\u00e4 kaudella&hellip;\n","protected":false},"author":2,"featured_media":69345,"comment_status":"","ping_status":"","sticky":false,"template":"","format":"standard","meta":{"footnotes":""},"categories":[130],"tags":[14263,6548,14262,14261,14259,137,33,31,30,4178,2376,11589,905,2385,32,167,109,15364],"class_list":{"0":"post-69344","1":"post","2":"type-post","3":"status-publish","4":"format-standard","5":"has-post-thumbnail","7":"category-viihde","8":"tag-1-kausi","9":"tag-alone-suomi","10":"tag-alone-suomi-repe","11":"tag-alone-suomi-aki","12":"tag-alone-suomi-esa","13":"tag-entertainment","14":"tag-fi","15":"tag-finland","16":"tag-finnish","17":"tag-laakari","18":"tag-mtv","19":"tag-mtv-katsomo","20":"tag-mtv3","21":"tag-reality","22":"tag-suomi","23":"tag-terveys","24":"tag-viihde","25":"tag-voittaja"},"share_on_mastodon":{"url":"","error":""},"_links":{"self":[{"href":"https:\/\/www.europesays.com\/fi\/wp-json\/wp\/v2\/posts\/69344","targetHints":{"allow":["GET"]}}],"collection":[{"href":"https:\/\/www.europesays.com\/fi\/wp-json\/wp\/v2\/posts"}],"about":[{"href":"https:\/\/www.europesays.com\/fi\/wp-json\/wp\/v2\/types\/post"}],"author":[{"embeddable":true,"href":"https:\/\/www.europesays.com\/fi\/wp-json\/wp\/v2\/users\/2"}],"replies":[{"embeddable":true,"href":"https:\/\/www.europesays.com\/fi\/wp-json\/wp\/v2\/comments?post=69344"}],"version-history":[{"count":0,"href":"https:\/\/www.europesays.com\/fi\/wp-json\/wp\/v2\/posts\/69344\/revisions"}],"wp:featuredmedia":[{"embeddable":true,"href":"https:\/\/www.europesays.com\/fi\/wp-json\/wp\/v2\/media\/69345"}],"wp:attachment":[{"href":"https:\/\/www.europesays.com\/fi\/wp-json\/wp\/v2\/media?parent=69344"}],"wp:term":[{"taxonomy":"category","embeddable":true,"href":"https:\/\/www.europesays.com\/fi\/wp-json\/wp\/v2\/categories?post=69344"},{"taxonomy":"post_tag","embeddable":true,"href":"https:\/\/www.europesays.com\/fi\/wp-json\/wp\/v2\/tags?post=69344"}],"curies":[{"name":"wp","href":"https:\/\/api.w.org\/{rel}","templated":true}]}}