{"id":69378,"date":"2025-10-22T16:48:07","date_gmt":"2025-10-22T16:48:07","guid":{"rendered":"https:\/\/www.europesays.com\/fi\/69378\/"},"modified":"2025-10-22T16:48:07","modified_gmt":"2025-10-22T16:48:07","slug":"louvren-johtaja-kammottavia-puutteita-turvajarjestelyissa-uutisia-lyhyesti","status":"publish","type":"post","link":"https:\/\/www.europesays.com\/fi\/69378\/","title":{"rendered":"Louvren johtaja: Kammottavia puutteita turvaj\u00e4rjestelyiss\u00e4 | Uutisia lyhyesti"},"content":{"rendered":"<p class=\"aw-1gybjub aw-1p7kakr ghpEtB jtovHP yle__article__paragraph\">Pariisin taidemuseon Louvren turvaj\u00e4rjestelyiss\u00e4 on ollut kammottavia puutteita, tunnusti museon johtaja <strong class=\"aw-ak79eh KyCXm yle__article__strong\">Laurence des Cars<\/strong> t\u00e4n\u00e4\u00e4n parlamentin yl\u00e4huoneen, senaatin kuulemisessa.<\/p>\n<p class=\"aw-1gybjub aw-1p7kakr ghpEtB jtovHP yle__article__paragraph\">Louvreen tehtiin sunnuntaina murto, jonka yhteydess\u00e4 museosta vietiin useita mittaamattoman arvokkaita koruja.<\/p>\n<p class=\"aw-1gybjub aw-1p7kakr ghpEtB jtovHP yle__article__paragraph\">Des Carsin mukaan murto osoitti, ett\u00e4 museota suojaavien valvontakameroiden verkko on aivan liian harva.<\/p>\n<p class=\"aw-1gybjub aw-1p7kakr ghpEtB jtovHP yle__article__paragraph\">Des Cars on esitt\u00e4nyt eronpyynt\u00f6ns\u00e4, mutta Ranskan kulttuuriministeri <strong class=\"aw-ak79eh KyCXm yle__article__strong\">Rachida Dati<\/strong> ei hyv\u00e4ksynyt sit\u00e4.<\/p>\n<p class=\"aw-1gybjub aw-1p7kakr ghpEtB jtovHP yle__article__paragraph\">Louvre avattiin t\u00e4n\u00e4\u00e4n ensi kerran murron j\u00e4lkeen. Museon ovella oli pitk\u00e4 jono.<\/p>\n<p class=\"aw-1gybjub aw-1p7kakr ghpEtB jtovHP yle__article__paragraph\">L\u00e4hde: AP<\/p>\n","protected":false},"excerpt":{"rendered":"Pariisin taidemuseon Louvren turvaj\u00e4rjestelyiss\u00e4 on ollut kammottavia puutteita, tunnusti museon johtaja Laurence des Cars t\u00e4n\u00e4\u00e4n parlamentin yl\u00e4huoneen, senaatin&hellip;\n","protected":false},"author":2,"featured_media":69379,"comment_status":"","ping_status":"","sticky":false,"template":"","format":"standard","meta":{"footnotes":"","_share_on_mastodon":"0"},"categories":[135],"tags":[389,387,388,390,137,33,31,30,11790,108,15136,2914,966,1422,581,32,394,1365,393,391,392,56,109],"class_list":["post-69378","post","type-post","status-publish","format-standard","has-post-thumbnail","category-taiteet-ja-suunnittelu","tag-arts","tag-arts-and-design","tag-artsanddesign","tag-design","tag-entertainment","tag-fi","tag-finland","tag-finnish","tag-korut-ja-jalokivet","tag-kulttuuri","tag-louvre","tag-murto","tag-museot","tag-ranska","tag-rikokset","tag-suomi","tag-suunnittelu","tag-taidemuseot","tag-taiteet","tag-taiteet-ja-suunnittelu","tag-taiteetsuunnittelu","tag-ulkomaat","tag-viihde"],"share_on_mastodon":{"url":"","error":""},"_links":{"self":[{"href":"https:\/\/www.europesays.com\/fi\/wp-json\/wp\/v2\/posts\/69378","targetHints":{"allow":["GET"]}}],"collection":[{"href":"https:\/\/www.europesays.com\/fi\/wp-json\/wp\/v2\/posts"}],"about":[{"href":"https:\/\/www.europesays.com\/fi\/wp-json\/wp\/v2\/types\/post"}],"author":[{"embeddable":true,"href":"https:\/\/www.europesays.com\/fi\/wp-json\/wp\/v2\/users\/2"}],"replies":[{"embeddable":true,"href":"https:\/\/www.europesays.com\/fi\/wp-json\/wp\/v2\/comments?post=69378"}],"version-history":[{"count":0,"href":"https:\/\/www.europesays.com\/fi\/wp-json\/wp\/v2\/posts\/69378\/revisions"}],"wp:featuredmedia":[{"embeddable":true,"href":"https:\/\/www.europesays.com\/fi\/wp-json\/wp\/v2\/media\/69379"}],"wp:attachment":[{"href":"https:\/\/www.europesays.com\/fi\/wp-json\/wp\/v2\/media?parent=69378"}],"wp:term":[{"taxonomy":"category","embeddable":true,"href":"https:\/\/www.europesays.com\/fi\/wp-json\/wp\/v2\/categories?post=69378"},{"taxonomy":"post_tag","embeddable":true,"href":"https:\/\/www.europesays.com\/fi\/wp-json\/wp\/v2\/tags?post=69378"}],"curies":[{"name":"wp","href":"https:\/\/api.w.org\/{rel}","templated":true}]}}