{"id":69384,"date":"2025-10-22T16:52:14","date_gmt":"2025-10-22T16:52:14","guid":{"rendered":"https:\/\/www.europesays.com\/fi\/69384\/"},"modified":"2025-10-22T16:52:14","modified_gmt":"2025-10-22T16:52:14","slug":"netflixin-suosituin-ei-englanninkielinen-elokuva-saa-jatkoa-joulukuussa-uusi-traileri-on-melkoista-rymistelya","status":"publish","type":"post","link":"https:\/\/www.europesays.com\/fi\/69384\/","title":{"rendered":"Netflixin suosituin ei-englanninkielinen elokuva saa jatkoa joulukuussa &#8211; uusi traileri on melkoista rymistely\u00e4"},"content":{"rendered":"<p>Troll-elokuvan jatko-osa julkaistaan Netflixiss\u00e4 joulukuussa.<\/p>\n<p><a href=\"https:\/\/muropaketti.com\/avainsana\/netflix\/\" rel=\"nofollow noopener\" target=\"_blank\">Netflix<\/a>\u00a0on julkaissut uuden trailerin Troll 2 -elokuvasta, jonka ohjaajana toimii vuoden 2022 ensimm\u00e4isest\u00e4 fantasiaseikkailusta tuttu Roar Uthaug.<\/p>\n<p>Troll, eli suomeksi Peikko on Netflixin kaikkien aikojen katsotuin ei-englanninkielinen elokuva, jota on tuijotettu yli 103 miljoonassa kotitaloudessa.<\/p>\n<p>Jatko-osassa Norjan armeija on valmistaunut kohtaamaan uuden uniltaan her\u00e4v\u00e4\u00e4n vuorenpeikon.<\/p>\n<p>P\u00e4\u00e4osiin palaavat Ine Marie Wilmann, Kim Falck, Gard B. Eidsvold ja Mads Pettersen. Mukana ovat my\u00f6s muun muassa Sara Khorami, Jon Ketil Johnsen, Kim S. Falck-Jorgensen, Aksel Almaas ja Trond Magnum.<\/p>\n<p>Ohjaaja Uthaug vastaa my\u00f6s jatko-osan k\u00e4sikirjoituksesta yhdess\u00e4 Espen Aukanin kanssa.<\/p>\n<p>Troll 2 tulee tarjolle Netflixiin 1. joulukuuta.<\/p>\n<p>Leffan juonikuvaus kertoo alkuper\u00e4iskielell\u00e4 seuraavaa:<\/p>\n<p>\u201dWhen a dangerous new troll is awakened, unleashing devastation across Norway, beloved adventurers Nora, Andreas, and Captain Kris are thrust into their most perilous mission yet. To stop the creature\u2019s ruthless rampage, they must enlist new allies and delve into the country\u2019s ancient history, searching for answers. As the clock ticks and the troll\u2019s path of destruction grows wider, our heroes face impossible odds in their fight to save their homeland from falling into darkness.\u201d<\/p>\n<p>Ensimm\u00e4inen Troll sai Muropaketin arvostelussa kolme t\u00e4hte\u00e4 ja siit\u00e4 todettiin muun muassa seuraavaa:<\/p>\n<p>\u201dYll\u00e4tt\u00e4en vaatimattomampi budjetti ei n\u00e4yt\u00e4 haitanneen tehostetiimi\u00e4 p\u00e4tk\u00e4\u00e4k\u00e4\u00e4n. On nimitt\u00e4in sanottava, ett\u00e4 Trollin keskushahmona rymistelev\u00e4 peikko n\u00e4ytt\u00e4\u00e4 valtaosin oikein hyv\u00e4lt\u00e4 ja paljon aidommalta kuin monissa kilpailijoissaan. Toteutuksessa ei ole p\u00e4tk\u00e4\u00e4k\u00e4\u00e4n sit\u00e4 muovisuutta ja keinotekoisuutta, joka leimaa vaikkapa monia Marvel-leffoja ja muita Hollywoodin j\u00e4ttil\u00e4isi\u00e4. Onkin huvittavaa, ett\u00e4 verrattain pienen norjalaiselokuvan hirvi\u00f6 n\u00e4ytt\u00e4\u00e4 paremmalta kuin vaikka King Kong tuoreimmissa rymistelyiss\u00e4\u00e4n.\u201d<\/p>\n","protected":false},"excerpt":{"rendered":"Troll-elokuvan jatko-osa julkaistaan Netflixiss\u00e4 joulukuussa. Netflix\u00a0on julkaissut uuden trailerin Troll 2 -elokuvasta, jonka ohjaajana toimii vuoden 2022 ensimm\u00e4isest\u00e4&hellip;\n","protected":false},"author":2,"featured_media":69385,"comment_status":"","ping_status":"","sticky":false,"template":"","format":"standard","meta":{"footnotes":""},"categories":[131],"tags":[155,137,33,173,31,30,172,217,7817,15383,32,15384,15385,109],"class_list":{"0":"post-69384","1":"post","2":"type-post","3":"status-publish","4":"format-standard","5":"has-post-thumbnail","7":"category-elokuvat","8":"tag-elokuvat","9":"tag-entertainment","10":"tag-fi","11":"tag-film","12":"tag-finland","13":"tag-finnish","14":"tag-movies","15":"tag-netflix","16":"tag-netflix-elokuvat","17":"tag-roar-uthaug","18":"tag-suomi","19":"tag-troll","20":"tag-troll-2","21":"tag-viihde"},"share_on_mastodon":{"url":"","error":""},"_links":{"self":[{"href":"https:\/\/www.europesays.com\/fi\/wp-json\/wp\/v2\/posts\/69384","targetHints":{"allow":["GET"]}}],"collection":[{"href":"https:\/\/www.europesays.com\/fi\/wp-json\/wp\/v2\/posts"}],"about":[{"href":"https:\/\/www.europesays.com\/fi\/wp-json\/wp\/v2\/types\/post"}],"author":[{"embeddable":true,"href":"https:\/\/www.europesays.com\/fi\/wp-json\/wp\/v2\/users\/2"}],"replies":[{"embeddable":true,"href":"https:\/\/www.europesays.com\/fi\/wp-json\/wp\/v2\/comments?post=69384"}],"version-history":[{"count":0,"href":"https:\/\/www.europesays.com\/fi\/wp-json\/wp\/v2\/posts\/69384\/revisions"}],"wp:featuredmedia":[{"embeddable":true,"href":"https:\/\/www.europesays.com\/fi\/wp-json\/wp\/v2\/media\/69385"}],"wp:attachment":[{"href":"https:\/\/www.europesays.com\/fi\/wp-json\/wp\/v2\/media?parent=69384"}],"wp:term":[{"taxonomy":"category","embeddable":true,"href":"https:\/\/www.europesays.com\/fi\/wp-json\/wp\/v2\/categories?post=69384"},{"taxonomy":"post_tag","embeddable":true,"href":"https:\/\/www.europesays.com\/fi\/wp-json\/wp\/v2\/tags?post=69384"}],"curies":[{"name":"wp","href":"https:\/\/api.w.org\/{rel}","templated":true}]}}