{"id":69514,"date":"2025-10-22T19:58:17","date_gmt":"2025-10-22T19:58:17","guid":{"rendered":"https:\/\/www.europesays.com\/fi\/69514\/"},"modified":"2025-10-22T19:58:17","modified_gmt":"2025-10-22T19:58:17","slug":"katkera-kosto-ruotsalaisille-suosittu-suomalainen-komediahahmo-saa-oman-elokuvan","status":"publish","type":"post","link":"https:\/\/www.europesays.com\/fi\/69514\/","title":{"rendered":"&#8221;Katkera kosto ruotsalaisille&#8221; \u2013 Suosittu suomalainen komediahahmo saa oman elokuvan"},"content":{"rendered":"<p><strong>Pirjo Heikkil\u00e4n<\/strong> luoma komediahahmo Pirjo saa oman elokuvansa. Kuvaukset ovat k\u00e4ynniss\u00e4 Suomessa ja Ruotsissa. ICS Nordicin tuottama ja Nelonen Median levitt\u00e4m\u00e4 elokuva on itsen\u00e4inen alkuper\u00e4isteos, joka rakentuu Heikkil\u00e4n komediapersoonan ymp\u00e4rille.<\/p>\n<p>K\u00e4sikirjoittajana toimii Heikkil\u00e4 itse, ja ohjauksesta sek\u00e4 dramaturgiasta vastaa <strong>Lauri Nurkse<\/strong>. Tarinassa Pirjo l\u00e4htee Ruotsiin unelmiensa matkalle, mutta haave t\u00e4ydellisest\u00e4 lomasta muuttuu nolostelun ja v\u00e4\u00e4rink\u00e4sitysten s\u00e4vytt\u00e4m\u00e4ksi koettelemukseksi.<\/p>\n<p>\u2013 Elokuva on vertaish\u00e4pe\u00e4\u00e4 kaikille meille, jotka yrit\u00e4mme liikaa, sanomme v\u00e4\u00e4ri\u00e4 asioita ja selittelemme k\u00f6mpel\u00f6sti. Ja tietenkin katkera kosto ylivertaisille ruotsalaisille, Heikkil\u00e4 kuvailee.<\/p>\n<p>Nelonen Median johtaja<strong> Ville Toivonen<\/strong> kehuu Heikkil\u00e4n kyky\u00e4 yhdist\u00e4\u00e4 samaistuttavuus ja tarkkan\u00e4k\u00f6inen huumori:<\/p>\n<p>\u2013 Pirjon huumori puree yli sukupolvirajojen, ja h\u00e4nen hahmonsa tuo suomalaiselokuvaan l\u00e4mp\u00f6\u00e4 ja kipakkuutta.<\/p>\n<p>Elokuvan nimi ja ensi-iltap\u00e4iv\u00e4 julkistetaan my\u00f6hemmin.<\/p>\n<p>Lue my\u00f6s: <a href=\"https:\/\/www.episodi.fi\/uutiskirje\/?uutiskirjemainos=tekstilinkkimainos\" title=\"Tilaa Episodin uutiskirje ja voit voittaa leffalippuja! Nappaa tv-vinkit suoraan s\u00e4hk\u00f6postiin t\u00e4st\u00e4.\" class=\"underline-custom !font-montserrat !font-bold !underline-offset-4 !decoration-4 !decoration-episodi-blue !text-md\" rel=\"nofollow noopener\" target=\"_blank\">Tilaa Episodin uutiskirje ja voit voittaa leffalippuja! Nappaa katseluvinkit suoraan s\u00e4hk\u00f6postiin t\u00e4st\u00e4.<\/a><\/p>\n","protected":false},"excerpt":{"rendered":"Pirjo Heikkil\u00e4n luoma komediahahmo Pirjo saa oman elokuvansa. Kuvaukset ovat k\u00e4ynniss\u00e4 Suomessa ja Ruotsissa. ICS Nordicin tuottama ja&hellip;\n","protected":false},"author":2,"featured_media":69515,"comment_status":"","ping_status":"","sticky":false,"template":"","format":"standard","meta":{"footnotes":""},"categories":[130],"tags":[137,33,31,30,14383,15319,32,109],"class_list":{"0":"post-69514","1":"post","2":"type-post","3":"status-publish","4":"format-standard","5":"has-post-thumbnail","7":"category-viihde","8":"tag-entertainment","9":"tag-fi","10":"tag-finland","11":"tag-finnish","12":"tag-nelonen-media","13":"tag-pirjo-heikkila","14":"tag-suomi","15":"tag-viihde"},"share_on_mastodon":{"url":"","error":""},"_links":{"self":[{"href":"https:\/\/www.europesays.com\/fi\/wp-json\/wp\/v2\/posts\/69514","targetHints":{"allow":["GET"]}}],"collection":[{"href":"https:\/\/www.europesays.com\/fi\/wp-json\/wp\/v2\/posts"}],"about":[{"href":"https:\/\/www.europesays.com\/fi\/wp-json\/wp\/v2\/types\/post"}],"author":[{"embeddable":true,"href":"https:\/\/www.europesays.com\/fi\/wp-json\/wp\/v2\/users\/2"}],"replies":[{"embeddable":true,"href":"https:\/\/www.europesays.com\/fi\/wp-json\/wp\/v2\/comments?post=69514"}],"version-history":[{"count":0,"href":"https:\/\/www.europesays.com\/fi\/wp-json\/wp\/v2\/posts\/69514\/revisions"}],"wp:featuredmedia":[{"embeddable":true,"href":"https:\/\/www.europesays.com\/fi\/wp-json\/wp\/v2\/media\/69515"}],"wp:attachment":[{"href":"https:\/\/www.europesays.com\/fi\/wp-json\/wp\/v2\/media?parent=69514"}],"wp:term":[{"taxonomy":"category","embeddable":true,"href":"https:\/\/www.europesays.com\/fi\/wp-json\/wp\/v2\/categories?post=69514"},{"taxonomy":"post_tag","embeddable":true,"href":"https:\/\/www.europesays.com\/fi\/wp-json\/wp\/v2\/tags?post=69514"}],"curies":[{"name":"wp","href":"https:\/\/api.w.org\/{rel}","templated":true}]}}