{"id":69532,"date":"2025-10-22T20:30:19","date_gmt":"2025-10-22T20:30:19","guid":{"rendered":"https:\/\/www.europesays.com\/fi\/69532\/"},"modified":"2025-10-22T20:30:19","modified_gmt":"2025-10-22T20:30:19","slug":"wsj-trumpin-hallinto-poistaa-ukrainalta-keskeiset-rajoitukset-kayttaa-pitkan-kantaman-ohjuksia-uutisia-lyhyesti","status":"publish","type":"post","link":"https:\/\/www.europesays.com\/fi\/69532\/","title":{"rendered":"WSJ: Trumpin hallinto poistaa Ukrainalta keskeiset rajoitukset k\u00e4ytt\u00e4\u00e4 pitk\u00e4n kantaman ohjuksia | Uutisia lyhyesti"},"content":{"rendered":"<p class=\"aw-1gybjub aw-5vja16 ghpEtB kjanFo yle__article__paragraph\">Storm Shadow -risteilyohjusten k\u00e4ytt\u00f6 ei tuo suurta muutosta taisteluihin, sill\u00e4 niiden kantama on huomattavasti lyhyempi kuin yhdysvaltalaisten Tomahawk-ohjusten.<\/p>\n<p><img decoding=\"async\" alt=\"Storm Shadow -ohjus esittelyss\u00e4 lentokent\u00e4ll\u00e4.\" src=\"https:\/\/www.europesays.com\/fi\/wp-content\/uploads\/2025\/10\/39-134819066e42c7846db9.jpeg\" class=\"aw-1l9m598 hKVVvP\"\/><\/p>\n<p>Avaa kuvien katselu<\/p>\n<p>Storm Shadow -ohjus esittelyss\u00e4 lentoasemalla. Kuva: Nicolas Economou \/ AOP<\/p>\n<p class=\"aw-1gybjub aw-1p7kakr ghpEtB jtovHP yle__article__paragraph\">Yhdysvalloissa presidentti <strong class=\"aw-ak79eh KyCXm yle__article__strong\">Donald Trumpin<\/strong> hallinto on poistanut Ukrainalta keskeiset rajoitukset k\u00e4ytt\u00e4\u00e4 osaa l\u00e4nsivalmisteisista pitk\u00e4n kantaman ohjuksista, kertovat Yhdysvaltain hallinnon l\u00e4hteet <a class=\"aw-iao6s4 iHOxEa yle__article__link\" href=\"https:\/\/www.wsj.com\/politics\/national-security\/u-s-lifts-key-restriction-on-ukraines-use-of-western-long-range-missiles-5a15c12d\" role=\"link\" rel=\"nofollow noopener\" target=\"_blank\">Wall Street Journalille<\/a> (WSJ).<\/p>\n<p class=\"aw-1gybjub aw-1p7kakr ghpEtB jtovHP yle__article__paragraph\">Lehden mukaan linjaus tehtiin sen j\u00e4lkeen, kun p\u00e4\u00e4t\u00f6svalta asiasta siirrettiin puolustusministeri <strong class=\"aw-ak79eh KyCXm yle__article__strong\">Pete Hegsethilt\u00e4<\/strong> Yhdysvaltain Euroopan-joukkojen komentajalle <strong class=\"aw-ak79eh KyCXm yle__article__strong\">Alexus Grynkewichille<\/strong>.<\/p>\n<p class=\"aw-1gybjub aw-1p7kakr ghpEtB jtovHP yle__article__paragraph\">Ukraina iski tiistaina Ven\u00e4j\u00e4n Brjanskissa sijaitsevaan tehtaaseen, joka valmisti Ukrainan mukaan r\u00e4j\u00e4hteit\u00e4 ja rakettien polttoainetta. Lehden mukaan isku tehtiin brittil\u00e4isill\u00e4 Storm Shadow -risteilyohjuksilla.<\/p>\n<p class=\"aw-1gybjub aw-1p7kakr ghpEtB jtovHP yle__article__paragraph\">WSJ:n haastatteleman l\u00e4hteen mukaan Yhdysvallat uskoo Ukrainan lis\u00e4\u00e4v\u00e4n Ven\u00e4j\u00e4n maaper\u00e4lle teht\u00e4vi\u00e4 iskuja Storm Shadow -risteilyohjuksilla. Yhdysvallat kykenee rajoittamaan kyseisten ohjusten k\u00e4ytt\u00f6\u00e4, sill\u00e4 ne hy\u00f6dynt\u00e4v\u00e4t yhdysvaltalaisia kohdentamistietoja.<\/p>\n<p class=\"aw-1gybjub aw-1p7kakr ghpEtB jtovHP yle__article__paragraph\">Storm Shadow -risteilyohjusten k\u00e4ytt\u00f6 ei tuo suurta muutosta taisteluihin, sill\u00e4 niiden kantama on huomattavasti lyhyempi kuin yhdysvaltalaisten Tomahawk-ohjusten, ja niill\u00e4 on aiemminkin isketty kohteisiin Ven\u00e4j\u00e4ll\u00e4. Ohjukset kuitenkin mahdollistavat Ukrainaa laajentamaan iskujaan Ven\u00e4j\u00e4n maaper\u00e4lle.<\/p>\n<p class=\"aw-1gybjub aw-1p7kakr ghpEtB jtovHP yle__article__paragraph\">WSJ:n mukaan linjaus rajoitusten h\u00f6llent\u00e4misest\u00e4 tehtiin ennen kuin Ukrainan presidentti <strong class=\"aw-ak79eh KyCXm yle__article__strong\">Volodymyr Zelenskyin<\/strong> vieraili Valkoisessa talossa viime viikolla.<\/p>\n","protected":false},"excerpt":{"rendered":"Storm Shadow -risteilyohjusten k\u00e4ytt\u00f6 ei tuo suurta muutosta taisteluihin, sill\u00e4 niiden kantama on huomattavasti lyhyempi kuin yhdysvaltalaisten Tomahawk-ohjusten.&hellip;\n","protected":false},"author":2,"featured_media":69533,"comment_status":"","ping_status":"","sticky":false,"template":"","format":"standard","meta":{"footnotes":""},"categories":[14],"tags":[22,23,26,27,33,31,30,17,24,25,28,29,15,18,21,32,19,20,1303,5914,56,16,547,987,59,60,61,619],"class_list":{"0":"post-69532","1":"post","2":"type-post","3":"status-publish","4":"format-standard","5":"has-post-thumbnail","7":"category-ulkomaat","8":"tag-breaking-news","9":"tag-breakingnews","10":"tag-featured-news","11":"tag-featurednews","12":"tag-fi","13":"tag-finland","14":"tag-finnish","15":"tag-headlines","16":"tag-latest-news","17":"tag-latestnews","18":"tag-main-news","19":"tag-mainnews","20":"tag-news","21":"tag-otsikot","22":"tag-paauutiset","23":"tag-suomi","24":"tag-top-stories","25":"tag-topstories","26":"tag-ukraina","27":"tag-ukrainan-asevoimat","28":"tag-ulkomaat","29":"tag-uutiset","30":"tag-venaja","31":"tag-venajan-hyokkays","32":"tag-world","33":"tag-world-news","34":"tag-worldnews","35":"tag-yhdysvallat"},"share_on_mastodon":{"url":"","error":""},"_links":{"self":[{"href":"https:\/\/www.europesays.com\/fi\/wp-json\/wp\/v2\/posts\/69532","targetHints":{"allow":["GET"]}}],"collection":[{"href":"https:\/\/www.europesays.com\/fi\/wp-json\/wp\/v2\/posts"}],"about":[{"href":"https:\/\/www.europesays.com\/fi\/wp-json\/wp\/v2\/types\/post"}],"author":[{"embeddable":true,"href":"https:\/\/www.europesays.com\/fi\/wp-json\/wp\/v2\/users\/2"}],"replies":[{"embeddable":true,"href":"https:\/\/www.europesays.com\/fi\/wp-json\/wp\/v2\/comments?post=69532"}],"version-history":[{"count":0,"href":"https:\/\/www.europesays.com\/fi\/wp-json\/wp\/v2\/posts\/69532\/revisions"}],"wp:featuredmedia":[{"embeddable":true,"href":"https:\/\/www.europesays.com\/fi\/wp-json\/wp\/v2\/media\/69533"}],"wp:attachment":[{"href":"https:\/\/www.europesays.com\/fi\/wp-json\/wp\/v2\/media?parent=69532"}],"wp:term":[{"taxonomy":"category","embeddable":true,"href":"https:\/\/www.europesays.com\/fi\/wp-json\/wp\/v2\/categories?post=69532"},{"taxonomy":"post_tag","embeddable":true,"href":"https:\/\/www.europesays.com\/fi\/wp-json\/wp\/v2\/tags?post=69532"}],"curies":[{"name":"wp","href":"https:\/\/api.w.org\/{rel}","templated":true}]}}