{"id":69537,"date":"2025-10-22T20:33:19","date_gmt":"2025-10-22T20:33:19","guid":{"rendered":"https:\/\/www.europesays.com\/fi\/69537\/"},"modified":"2025-10-22T20:33:19","modified_gmt":"2025-10-22T20:33:19","slug":"mikko-peltsi-peltola-veti-lukion-auditorion-tayteen-jokainen-retki-lahimetsaan-on-ihan-yhta-arvokas-kuin-mika-tahansa-luontoretki","status":"publish","type":"post","link":"https:\/\/www.europesays.com\/fi\/69537\/","title":{"rendered":"Mikko \u201dPeltsi\u201d Peltola veti lukion auditorion t\u00e4yteen \u2013 \u201dJokainen retki l\u00e4himets\u00e4\u00e4n on ihan yht\u00e4 arvokas kuin mik\u00e4 tahansa luontoretki\u201d"},"content":{"rendered":"<p>Naantalin Lux Gratiae -viikko k\u00e4ynnistyi tunnetun tv-kasvon luennolla Naantalin lukion auditoriossa.<\/p>\n<p class=\"article-body mb-nof-24 px-nof-16\">\u201dMinusta on tullut perheliikunnan l\u00e4hettil\u00e4s, vaikka en ole yht\u00e4\u00e4n miettinyt ryhtyv\u00e4ni sellaiseksi,\u201d helsinkil\u00e4inen<a class=\"article-personlink\" href=\"https:\/\/www.rannikkoseutu.fi\/haku\/?query=%20Mikko%20%E2%80%9DPeltsi%E2%80%9D%20Peltola\" rel=\"nofollow noopener\" target=\"_blank\"> Mikko \u201dPeltsi\u201d Peltola <\/a>totesi saavuttuaan Naantaliin.<\/p>\n<p class=\"article-body mb-nof-24 px-nof-16\">Erityisesti Peltsi ja Osmo TV-sarjasta tuttu Ylen toimittaja ja perheenis\u00e4 ilahdutti yleis\u00f6\u00e4\u00e4n kertomalla omakohtaisia kokemuksia lempiaiheistaan, liikunnasta ja lasten kanssa toteutetuista luontoretkist\u00e4.<\/p>\n","protected":false},"excerpt":{"rendered":"Naantalin Lux Gratiae -viikko k\u00e4ynnistyi tunnetun tv-kasvon luennolla Naantalin lukion auditoriossa. \u201dMinusta on tullut perheliikunnan l\u00e4hettil\u00e4s, vaikka en&hellip;\n","protected":false},"author":2,"featured_media":69538,"comment_status":"","ping_status":"","sticky":false,"template":"","format":"standard","meta":{"footnotes":""},"categories":[117],"tags":[33,31,30,72,476,1102,118,32,119,477],"class_list":{"0":"post-69537","1":"post","2":"type-post","3":"status-publish","4":"format-standard","5":"has-post-thumbnail","7":"category-luonto","8":"tag-fi","9":"tag-finland","10":"tag-finnish","11":"tag-luonto","12":"tag-nature","13":"tag-rannikkoseutu","14":"tag-science","15":"tag-suomi","16":"tag-tiede","17":"tag-wildlife"},"share_on_mastodon":{"url":"","error":""},"_links":{"self":[{"href":"https:\/\/www.europesays.com\/fi\/wp-json\/wp\/v2\/posts\/69537","targetHints":{"allow":["GET"]}}],"collection":[{"href":"https:\/\/www.europesays.com\/fi\/wp-json\/wp\/v2\/posts"}],"about":[{"href":"https:\/\/www.europesays.com\/fi\/wp-json\/wp\/v2\/types\/post"}],"author":[{"embeddable":true,"href":"https:\/\/www.europesays.com\/fi\/wp-json\/wp\/v2\/users\/2"}],"replies":[{"embeddable":true,"href":"https:\/\/www.europesays.com\/fi\/wp-json\/wp\/v2\/comments?post=69537"}],"version-history":[{"count":0,"href":"https:\/\/www.europesays.com\/fi\/wp-json\/wp\/v2\/posts\/69537\/revisions"}],"wp:featuredmedia":[{"embeddable":true,"href":"https:\/\/www.europesays.com\/fi\/wp-json\/wp\/v2\/media\/69538"}],"wp:attachment":[{"href":"https:\/\/www.europesays.com\/fi\/wp-json\/wp\/v2\/media?parent=69537"}],"wp:term":[{"taxonomy":"category","embeddable":true,"href":"https:\/\/www.europesays.com\/fi\/wp-json\/wp\/v2\/categories?post=69537"},{"taxonomy":"post_tag","embeddable":true,"href":"https:\/\/www.europesays.com\/fi\/wp-json\/wp\/v2\/tags?post=69537"}],"curies":[{"name":"wp","href":"https:\/\/api.w.org\/{rel}","templated":true}]}}