{"id":69546,"date":"2025-10-22T20:55:18","date_gmt":"2025-10-22T20:55:18","guid":{"rendered":"https:\/\/www.europesays.com\/fi\/69546\/"},"modified":"2025-10-22T20:55:18","modified_gmt":"2025-10-22T20:55:18","slug":"angry-birdsien-lento-lakkasi-roviolta-raju-paatos","status":"publish","type":"post","link":"https:\/\/www.europesays.com\/fi\/69546\/","title":{"rendered":"Angry Birdsien lento lakkasi \u2013 Roviolta raju p\u00e4\u00e4t\u00f6s"},"content":{"rendered":"<p>Rovio irtisanoo tai lomauttaa 36 ty\u00f6ntekij\u00e4\u00e4. Irtisanomiset ja lomauttamiset liittyv\u00e4t odotuksia heikommin p\u00e4rj\u00e4nneeseen Angry Birds Dream Blastiin ja Segan integraatioon.<\/p>\n<p><img decoding=\"async\" class=\"image image-show image-preview\" src=\"https:\/\/www.europesays.com\/fi\/wp-content\/uploads\/2025\/10\/93be93b79baf3d8d041fb5b8eee407ea3bdc86ceb5548bb66c35580ccfeac5c9.jpg\" alt=\"\"\/><img decoding=\"async\" class=\"image image-show\" src=\"https:\/\/www.europesays.com\/fi\/wp-content\/uploads\/2025\/10\/1761166518_670_93be93b79baf3d8d041fb5b8eee407ea3bdc86ceb5548bb66c35580ccfeac5c9.jpg\" alt=\"\"\/><\/p>\n<p>Rovio irtisanoo tai lomauttaa 36 ty\u00f6ntekij\u00e4\u00e4. Toimitusjohtaja Alexandre Pelletier-Normand viett\u00e4\u00e4 jatkossa organisaatiomuutoksen my\u00f6t\u00e4 v\u00e4hemm\u00e4n aikaa Suomessa. OUTI J\u00c4RVINEN<\/p>\n<p class=\"paragraph\">Peliyhti\u00f6 Rovio on irtisanonut tai lomauttanut 36 ty\u00f6ntekij\u00e4\u00e4, kertoo mobiilipeleihin erikoistunut lehti <a href=\"https:\/\/mobilegamer.biz\/36-layoffs-at-angry-birds-maker-rovio-amid-restructure\/\" rel=\"noopener nofollow\" target=\"_blank\">mobilegamer.biz<\/a>.<\/p>\n<p class=\"paragraph\">Lehden Rovion tiedottajalta saatujen tietojen mukaan ei ole tietoa siit\u00e4, mist\u00e4 Rovion lukuisista tiimeist\u00e4 henkil\u00f6it\u00e4 on irtisanottu. Irtisanomisten syyksi arvioidaan uuden Angry Birds Dream Blastin alisuorittaminen ja organisaatiorakenteen muutokset.<\/p>\n<p class=\"paragraph\">\u2013 Pelien julkaisua ei ole peruttu, mutta Angry Birds Dream Blast ei ole p\u00e4rj\u00e4nnyt odotetusti. Olemme arvioineet syksyn aikana organisaatiotamme reaktiona yhden pelin alisuorittamiseen ja vastataksemme paremmin markkinoihin, lehdelle kerrottiin.<\/p>\n<p class=\"paragraph\">Rovio muuttaa organisaatiorakennettaan t\u00e4ll\u00e4 hetkell\u00e4 liittyen yhti\u00f6n integroitumiseen emoyhti\u00f6 Segan kanssa. Muun muassa yhti\u00f6n toimitusjohtaja <strong>Alexandre Pelletier-Normandin<\/strong> arvioidaan viett\u00e4v\u00e4n jatkossa enemm\u00e4n aikaa Lontoossa Segan Euroopan-toimistolla Suomen sijaan.<\/p>\n<p class=\"paragraph\">Mobilegamer.bizin haastattelema tiedottaja kertoi p\u00f6rssiyhti\u00f6st\u00e4 yksityiseksi yhti\u00f6ksi muuttumisen olevan yksi syy muutosten taustalla.<\/p>\n<p class=\"paragraph\">Segan kanssa tiiviimm\u00e4n yhteisty\u00f6n my\u00f6t\u00e4 toimitusjohtajamme viett\u00e4\u00e4 enemm\u00e4n aikaa eri Rovion toimistoilla ja Segan Euroopan toimistolla.<\/p>\n<p class=\"paragraph\">Sega osti Rovion huhtikuussa 2023 noin 700 miljoonalla eurolla.<\/p>\n","protected":false},"excerpt":{"rendered":"Rovio irtisanoo tai lomauttaa 36 ty\u00f6ntekij\u00e4\u00e4. Irtisanomiset ja lomauttamiset liittyv\u00e4t odotuksia heikommin p\u00e4rj\u00e4nneeseen Angry Birds Dream Blastiin ja&hellip;\n","protected":false},"author":2,"featured_media":69547,"comment_status":"","ping_status":"","sticky":false,"template":"","format":"standard","meta":{"footnotes":""},"categories":[76],"tags":[35,79,77,33,31,30,150,32,78,860,3512,3515,7249],"class_list":{"0":"post-69546","1":"post","2":"type-post","3":"status-publish","4":"format-standard","5":"has-post-thumbnail","7":"category-talous","8":"tag-24h","9":"tag-business","10":"tag-economy","11":"tag-fi","12":"tag-finland","13":"tag-finnish","14":"tag-pelit","15":"tag-suomi","16":"tag-talous","17":"tag-tyoelama","18":"tag-tyontekijat","19":"tag-tyovoima","20":"tag-yrityksen-johtaminen"},"share_on_mastodon":{"url":"","error":""},"_links":{"self":[{"href":"https:\/\/www.europesays.com\/fi\/wp-json\/wp\/v2\/posts\/69546","targetHints":{"allow":["GET"]}}],"collection":[{"href":"https:\/\/www.europesays.com\/fi\/wp-json\/wp\/v2\/posts"}],"about":[{"href":"https:\/\/www.europesays.com\/fi\/wp-json\/wp\/v2\/types\/post"}],"author":[{"embeddable":true,"href":"https:\/\/www.europesays.com\/fi\/wp-json\/wp\/v2\/users\/2"}],"replies":[{"embeddable":true,"href":"https:\/\/www.europesays.com\/fi\/wp-json\/wp\/v2\/comments?post=69546"}],"version-history":[{"count":0,"href":"https:\/\/www.europesays.com\/fi\/wp-json\/wp\/v2\/posts\/69546\/revisions"}],"wp:featuredmedia":[{"embeddable":true,"href":"https:\/\/www.europesays.com\/fi\/wp-json\/wp\/v2\/media\/69547"}],"wp:attachment":[{"href":"https:\/\/www.europesays.com\/fi\/wp-json\/wp\/v2\/media?parent=69546"}],"wp:term":[{"taxonomy":"category","embeddable":true,"href":"https:\/\/www.europesays.com\/fi\/wp-json\/wp\/v2\/categories?post=69546"},{"taxonomy":"post_tag","embeddable":true,"href":"https:\/\/www.europesays.com\/fi\/wp-json\/wp\/v2\/tags?post=69546"}],"curies":[{"name":"wp","href":"https:\/\/api.w.org\/{rel}","templated":true}]}}