{"id":69567,"date":"2025-10-22T21:23:09","date_gmt":"2025-10-22T21:23:09","guid":{"rendered":"https:\/\/www.europesays.com\/fi\/69567\/"},"modified":"2025-10-22T21:23:09","modified_gmt":"2025-10-22T21:23:09","slug":"venaja-laukaisi-mannertenvalisen-ballistisen-ohjuksen","status":"publish","type":"post","link":"https:\/\/www.europesays.com\/fi\/69567\/","title":{"rendered":"Ven\u00e4j\u00e4 laukaisi mannertenv\u00e4lisen ballistisen ohjuksen"},"content":{"rendered":"<p>T\u00e4h\u00e4n artikkeliin on koottu Ukrainan sodan keskeisimm\u00e4t tapahtumat keskiviikolta 22. lokakuuta 2025. Kyseess\u00e4 on sodan 1\u202f337. p\u00e4iv\u00e4.<\/p>\n<ul>\n<li>Ven\u00e4j\u00e4 laukaisi mannertenv\u00e4lisen ballistisen ohjuksen<\/li>\n<li>Ukraina: Ven\u00e4j\u00e4ll\u00e4 hyyt\u00e4v\u00e4 taktiikka iskuissa siviili-infrastruktuuriin<\/li>\n<li>Putinin ja Trumpin neuvottelut kariutuivat \u2013 Ven\u00e4j\u00e4 pommitti heti p\u00e4iv\u00e4kotia<\/li>\n<\/ul>\n<p>Ven\u00e4j\u00e4 laukaisi mannertenv\u00e4lisen ballistisen ohjuksen harjoituksissa<\/p>\n<p class=\"paragraph\">Ven\u00e4j\u00e4 laukaisi mannertenv\u00e4lisen ballistisen ohjuksen ydinaseharjoituksissa, kertovat Reuters ja AP.<\/p>\n<p class=\"paragraph\">Ven\u00e4j\u00e4n presidentti <a href=\"https:\/\/www.iltalehti.fi\/henkilot\/Vladimir Putin\" class=\"article-link-person-page\" rel=\"nofollow noopener\" target=\"_blank\">Vladimir Putin<\/a> valvoi asevoimien ylip\u00e4\u00e4llik\u00f6n valtuuksin ydinaseharjoituksia maalla, merell\u00e4 ja ilmassa t\u00e4n\u00e4\u00e4n keskiviikkona, <a href=\"http:\/\/en.kremlin.ru\/events\/president\/news\/78265\" target=\"_blank\" rel=\"noopener nofollow\">Kreml tiedottaa.<\/a><\/p>\n<p class=\"paragraph\">Mannertenv\u00e4linen Jars-ohjus laukaistiin Plesetskin kosmodromilta ja osui Kuran koealueelle Kamt\u0161atkassa. Barentsinmerell\u00e4 ydinsukellusvene laukaisi samaan aikaan Sineva-nimisen ballistisen ohjuksen ja strategiset pommikoneet laukoivat ohjuksia.<\/p>\n<p>Ukraina: Ven\u00e4j\u00e4ll\u00e4 hyyt\u00e4v\u00e4 taktiikka iskuissa siviili-infrastruktuuriin<\/p>\n<p class=\"paragraph\">Ven\u00e4j\u00e4 toteuttaa j\u00e4rjestelm\u00e4llist\u00e4 kampanjaa Ukrainan energiaverkoston tuhoamiseksi, Ukrainan energiaministeri <strong>Svitlana Hrynt\u0161uk<\/strong> sanoi keskiviikkona Reutersin mukaan.<\/p>\n<p class=\"paragraph\">Ven\u00e4j\u00e4 kohdistaa iskujaan t\u00e4ll\u00e4 hetkell\u00e4 eritoten energiainfrastruktuurin parissa ty\u00f6skenteleviin korjaustiimeihin alkuper\u00e4isten hy\u00f6kk\u00e4ysten j\u00e4lkeen.<\/p>\n<p class=\"paragraph\">Ven\u00e4j\u00e4 laukaisi keskiviikon v\u00e4lisen\u00e4 y\u00f6n\u00e4 405 dronea ja 28 ohjusta Ukrainaan. Iskut tappoivat ainakin seitsem\u00e4n ihmist\u00e4 ja katkaisivat s\u00e4hk\u00f6n laajalti eri puolilla maata.<\/p>\n<p>Ven\u00e4j\u00e4n iskujen tuhoa Pultavan alueella 22. lokakuuta. Ukrainan valtion h\u00e4t\u00e4palvelu<\/p>\n<p>Putinin ja Trumpin neuvottelut kariutuivat \u2013 Ven\u00e4j\u00e4 pommitti heti p\u00e4iv\u00e4kotia<\/p>\n<p class=\"paragraph\">Ainakin seitsem\u00e4n ihmist\u00e4 kuoli Ukrainassa Ven\u00e4j\u00e4n pommituksissa keskiviikkona.<\/p>\n<p class=\"paragraph\">Kiovassa drooni iskeytyi y\u00f6ll\u00e4 kerrostaloon ja tappoi i\u00e4kk\u00e4\u00e4n pariskunnan. Nelj\u00e4 muuta ihmist\u00e4 kuoli p\u00e4\u00e4kaupungin alueella, kun ohjukset ja droonit iskiv\u00e4t pientaloihin ja sytyttiv\u00e4t useita tulipaloja. Uhrien joukossa olivat 36-vuotias nainen, h\u00e4nen kuusikuukautinen vauvansa ja 12-vuotias tytt\u00f6. Kiovan pohjoispuolella mies menehtyi vammoihinsa my\u00f6hemmin sairaalassa.<\/p>\n<p class=\"paragraph\">Harkovassa Ven\u00e4j\u00e4n drooni osui p\u00e4iv\u00e4kotiin, jossa yksi mies kuoli ja seitsem\u00e4n ihmist\u00e4 loukkaantui, heid\u00e4n joukossaan useita lapsia.<\/p>\n<p class=\"paragraph\">Ukrainan ilmavoimien mukaan Ven\u00e4j\u00e4 laukaisi y\u00f6n aikana yhteens\u00e4 yli 400 droonia ja l\u00e4hes 30 ohjusta, joista osa oli ballistisia.<\/p>\n<p class=\"paragraph\">Hy\u00f6kk\u00e4ys tapahtui vain tunteja sen j\u00e4lkeen, kun Yhdysvaltain presidentti <a href=\"https:\/\/www.iltalehti.fi\/henkilot\/Donald Trump\" class=\"article-link-person-page\" rel=\"nofollow noopener\" target=\"_blank\">Donald Trump<\/a> sanoi, ettei halua tuhlata aikaansa turhaan tapaamiseen <a href=\"https:\/\/www.iltalehti.fi\/henkilot\/Vladimir Putin\" class=\"article-link-person-page\" rel=\"nofollow noopener\" target=\"_blank\">Vladimir Putinin<\/a> kanssa. Presidenttien oli m\u00e4\u00e4r\u00e4 tavata Unkarissa, mutta nyt se vaikuttaa ep\u00e4todenn\u00e4k\u00f6iselt\u00e4.<\/p>\n<p class=\"paragraph\">Ukrainan presidentti <strong>Volodymyr Zelenskyin<\/strong> mukaan iskut osoittavat j\u00e4lleen kerran, ettei Ven\u00e4j\u00e4 ole viel\u00e4k\u00e4\u00e4n joutunut riitt\u00e4v\u00e4n kovaan kansainv\u00e4liseen paineeseen sodan lopettamiseksi.<\/p>\n<p>Ven\u00e4j\u00e4 iski Harkovassa muun muassa p\u00e4iv\u00e4kotiin. Ukrainan valtion h\u00e4t\u00e4palvelu<\/p>\n<p>Ukraina ostamassa jopa 150 h\u00e4vitt\u00e4j\u00e4\u00e4 Ruotsista<\/p>\n<p class=\"paragraph\">Ruotsi allekirjoittaa keskiviikkona aiesopimuksen, joka koskee jopa 150 Gripen-h\u00e4vitt\u00e4j\u00e4n myynti\u00e4 Ukrainalle, kertoo SVT.<\/p>\n<p class=\"paragraph\">Ruotsin p\u00e4\u00e4ministeri <a href=\"https:\/\/www.iltalehti.fi\/henkilot\/Ulf Kristersson\" class=\"article-link-person-page\" rel=\"nofollow noopener\" target=\"_blank\">Ulf Kristerssonin<\/a> on m\u00e4\u00e4r\u00e4 ilmoittaa asiasta Ukrainan presidentti <a href=\"https:\/\/www.iltalehti.fi\/henkilot\/Volodymyr Zelenskyi\" class=\"article-link-person-page\" rel=\"nofollow noopener\" target=\"_blank\">Volodymyr Zelenskyin<\/a> vierailun yhteydess\u00e4 my\u00f6hemmin keskiviikkona.<\/p>\n<p class=\"paragraph\">Aiesopimusta pidet\u00e4\u00e4n ensimm\u00e4isen\u00e4 askeleena kohti suurta vientikauppaa, jossa Ruotsin hallitus toivoo j\u00e4\u00e4dytettyjen ven\u00e4l\u00e4isvarojen toimivan maksuv\u00e4lineen\u00e4.<\/p>\n<p class=\"paragraph\">Ruotsin-vierailunsa aikana Zelenskyi tapaa p\u00e4\u00e4ministeri Kristerssonin lis\u00e4ksi  useita ruotsalaisministereit\u00e4 Saabin tehtaalla Link\u00f6pingiss\u00e4, jossa Gripen-h\u00e4vitt\u00e4ji\u00e4 valmistetaan.<\/p>\n<p>Ukraina hamuaa Ruotsilta h\u00e4vitt\u00e4ji\u00e4. Kuvituskuvassa Saab JAS 39 Gripen.  EPA \/ AOP<\/p>\n<p>Kreml kommentoi Trumpin ja Putinin tapaamista<\/p>\n<p class=\"paragraph\">Kremlin mukaan Ven\u00e4j\u00e4n presidentti <a href=\"https:\/\/www.iltalehti.fi\/henkilot\/Vladimir Putin\" class=\"article-link-person-page\" rel=\"nofollow noopener\" target=\"_blank\">Vladimir Putinin<\/a> ja Yhdysvaltain presidentit <a href=\"https:\/\/www.iltalehti.fi\/henkilot\/Donald Trump\" class=\"article-link-person-page\" rel=\"nofollow noopener\" target=\"_blank\">Donald Trumpin<\/a> v\u00e4lille kaavaillun tapaamisen p\u00e4iv\u00e4m\u00e4\u00e4r\u00e4 on edelleen m\u00e4\u00e4rittelem\u00e4tt\u00e4.<\/p>\n<p class=\"paragraph\">\u2013 P\u00e4iv\u00e4m\u00e4\u00e4r\u00e4t eiv\u00e4t ole viel\u00e4 vahvistuneet, ne on viel\u00e4 vahvistettava, mutta ennen sit\u00e4 on teht\u00e4v\u00e4 huolellisia valmisteluja. Se vie aikaa, Kremlin tiedottaja <a href=\"https:\/\/www.iltalehti.fi\/henkilot\/Dmitri Peskov\" class=\"article-link-person-page\" rel=\"nofollow noopener\" target=\"_blank\">Dmitri Peskov<\/a> sanoi Reutersin mukaan.<\/p>\n<p class=\"paragraph\">Alun perin tapaamista kaavailtiin julkisuudessa tulevien viikkojen sis\u00e4lle. Ongelmia syntyi kuitenkin, kun maiden ulkoministerien puhelunkeskustelussa k\u00e4vi mediatietojen mukaan Ven\u00e4j\u00e4n vaatimusten Ukrainan suhteen olevan edelleen liian tiukkoja.<\/p>\n<p class=\"paragraph\">Trump on kertonut, ett\u00e4 ei halua haaskata aikaansa tapaamiseen, josta ei ole tiedossa tuloksia.<\/p>\n<p class=\"paragraph\">Putinin on useasti esitetty vain pelaavan Yhdysvaltojen kanssa aikaa, kun h\u00e4n pyrkii kohti oikeita tavoitteitaan Ukrainassa.<\/p>\n<p class=\"paragraph\">\u2013 Kukaan ei halua tuhlata aikaa, ei presidentti Trump eik\u00e4 presidentti Putin, Peskov v\u00e4itti.<\/p>\n<p>Kremlin tiedottaja Dmitri Peskov kommentoi Yhdysvaltain ja Ven\u00e4j\u00e4n presidenttien v\u00e4lille kaavailtua tapaamista. ZumaWire \/ MVPHOTOS<\/p>\n<p>Orb\u00e1n: Trumpin ja Putinin tapaamisen valmistelut edelleen k\u00e4ynniss\u00e4<\/p>\n<p class=\"paragraph\">Yhdysvaltain presidentti <a href=\"https:\/\/www.iltalehti.fi\/henkilot\/Donald Trump\" class=\"article-link-person-page\" rel=\"nofollow noopener\" target=\"_blank\">Donald Trumpin<\/a> ja Ven\u00e4j\u00e4n presidentti <a href=\"https:\/\/www.iltalehti.fi\/henkilot\/Vladimir Putin\" class=\"article-link-person-page\" rel=\"nofollow noopener\" target=\"_blank\">Vladimir Putinin<\/a> tapaamisen j\u00e4rjestelyt ovat edelleen k\u00e4ynniss\u00e4, kertoo Unkarin p\u00e4\u00e4ministeri <a href=\"https:\/\/www.iltalehti.fi\/henkilot\/Viktor Orb\u00e1n\" class=\"article-link-person-page\" rel=\"nofollow noopener\" target=\"_blank\">Viktor Orb\u00e1n<\/a>.<\/p>\n<p class=\"paragraph\">Trumpin ja Putinin oli alun perin m\u00e4\u00e4r\u00e4 tavata l\u00e4hiviikkojen aikana Unkarin p\u00e4\u00e4kaupungissa Budapestiss\u00e4, mutta tiistaina ilmoitettiin kokouksen olevan t\u00e4ll\u00e4 hetkell\u00e4 j\u00e4iss\u00e4.<\/p>\n<p class=\"paragraph\">Trump itse kommentoi, ett\u00e4 ei halua tapaamista, joka osoittautuu my\u00f6hemmin turhaksi.<\/p>\n<p class=\"paragraph\">\u2013 En halua tuhlata aikaa, joten katsotaan mit\u00e4 tapahtuu, Trump sanoi.<\/p>\n<p class=\"paragraph\">Orb\u00e1nin mukaan Unkarin ulkoministeri <a href=\"https:\/\/www.iltalehti.fi\/henkilot\/P\u00e9ter Szijj\u00e1rt\u00f3\" class=\"article-link-person-page\" rel=\"nofollow noopener\" target=\"_blank\">P\u00e9ter Szijj\u00e1rt\u00f3<\/a> on kuitenkin t\u00e4ll\u00e4 hetkell\u00e4 Washingtonissa.<\/p>\n<p class=\"paragraph\">\u2013 Rauhanhuippukokouksen valmistelut jatkuvat. P\u00e4iv\u00e4m\u00e4\u00e4r\u00e4 on viel\u00e4 ep\u00e4varma. Kun aika on kyps\u00e4, pid\u00e4mme kokouksen, Orb\u00e1n <a href=\"https:\/\/www.facebook.com\/orbanviktor\/?locale=fi_FI\" target=\"_blank\" rel=\"noopener nofollow\">kirjoittaa<\/a> Facebook-julkaisussaan.<\/p>\n<p class=\"paragraph\">Orb\u00e1nille korkean tason huipputapaaminen Budapestissa olisi ymm\u00e4rrett\u00e4v\u00e4sti suuri saavutus.<\/p>\n<p class=\"paragraph\">H\u00e4nen Fidesz-puolueensa on t\u00e4m\u00e4n hetken mielipidemittausten <a href=\"https:\/\/www.theguardian.com\/world\/2025\/sep\/24\/orban-faces-toughest-challenge-in-years-but-can-hungarys-strongman-be-unseated\" target=\"_blank\" rel=\"noopener nofollow\">mukaan<\/a> menett\u00e4m\u00e4ss\u00e4 johtopaikkansa ensi vuoden parlamenttivaaleissa, joten positiivinen julkisuus ei olisi pahitteeksi.<\/p>\n<p class=\"paragraph\">Orb\u00e1n tunnetaan my\u00f6s l\u00e4mpimist\u00e4 suhteistaan sek\u00e4 Ven\u00e4j\u00e4n johtoon ett\u00e4 Trumpiin.<\/p>\n<p class=\"paragraph\">Asiasta uutisoi Reuters.<\/p>\n<p>Unkarin p\u00e4\u00e4ministerin Viktor Orb\u00e1nin mukaan Trumpin ja Putinin tapaaminen j\u00e4rjestet\u00e4\u00e4n Unkarissa, kun aika on oikea. ZumaWire \/ MVPHOTOS<\/p>\n<p>Trumpin entinen Ukrainan erityisedustaja: Ukrainalle olisi pit\u00e4nyt antaa Tomahawkeja<\/p>\n<p class=\"paragraph\">Yhdysvaltain entinen Nato-l\u00e4hettil\u00e4s ja presidentti <a href=\"https:\/\/www.iltalehti.fi\/henkilot\/Donald Trump\" class=\"article-link-person-page\" rel=\"nofollow noopener\" target=\"_blank\">Donald Trumpin<\/a> ensimm\u00e4isen kauden Ukrainan erityisedustaja <a href=\"https:\/\/www.iltalehti.fi\/henkilot\/Kurt Volker\" class=\"article-link-person-page\" rel=\"nofollow noopener\" target=\"_blank\">Kurt Volker<\/a> kritisoi p\u00e4\u00e4t\u00f6st\u00e4 olla antamatta Ukrainalle Tomahawk-ohjuksia.<\/p>\n<p class=\"paragraph\">\u2013 Mielest\u00e4ni oikea tapa toimia olisi ollut antaa Ukrainalle Tomahawkit, mutta vaatia lupaus, ett\u00e4 se ei k\u00e4yt\u00e4 ohjuksia, jos Putin suostuu tulitaukoon, Volker <a href=\"https:\/\/edition.cnn.com\/2025\/10\/21\/tv\/video\/amanpour-ukraine-zelensky-white-house-kurt-volker\" target=\"_blank\" rel=\"noopener nofollow\">kertoo<\/a> yhdysvaltalaismedia CNN:n haastattelussa.<\/p>\n<p class=\"paragraph\">Trump piti ajatusta pitk\u00e4n matkan ohjusten antamisesta Ukrainalle hetken aikaa esill\u00e4, mutta p\u00e4\u00e4t\u00f6s tyrm\u00e4ttiin viime viikolla Ukrainan presidentti <a href=\"https:\/\/www.iltalehti.fi\/henkilot\/Volodymyr Zelenskyi\" class=\"article-link-person-page\" rel=\"nofollow noopener\" target=\"_blank\">Volodymyr Zelenskyin<\/a> Valkoisen talon vierailun aikana.<\/p>\n<p class=\"paragraph\">Trump oli vain p\u00e4iv\u00e4\u00e4 ennen vierailua keskustellut Ven\u00e4j\u00e4n presidentti <a href=\"https:\/\/www.iltalehti.fi\/henkilot\/Vladimir Putin\" class=\"article-link-person-page\" rel=\"nofollow noopener\" target=\"_blank\">Vladimir Putinin<\/a> kanssa puhelimitse.<\/p>\n<p class=\"paragraph\">\u2013 Presidentti Trump halusi toistaiseksi odottaa ja katsoa, voisiko h\u00e4n p\u00e4\u00e4st\u00e4 sopimukseen Putinin kanssa, Volker arvioi.<\/p>\n<p class=\"paragraph\">Volker arvioi, ett\u00e4 Yhdysvallat tulee viel\u00e4 huomaaman, ett\u00e4 Putin ei ole muuttanut kantaansa Ukrainan sodan vaatimuksista.<\/p>\n<p class=\"paragraph\">\u2013 Uskon, ett\u00e4 kohtaamme saman tilanteen kuin aiemminkin, jossa meid\u00e4n tulee asettaa painetta Putinia kohtaa, jotta saamme sopimuksen aikaan.<\/p>\n","protected":false},"excerpt":{"rendered":"T\u00e4h\u00e4n artikkeliin on koottu Ukrainan sodan keskeisimm\u00e4t tapahtumat keskiviikolta 22. lokakuuta 2025. Kyseess\u00e4 on sodan 1\u202f337. p\u00e4iv\u00e4. Ven\u00e4j\u00e4&hellip;\n","protected":false},"author":2,"featured_media":69568,"comment_status":"","ping_status":"","sticky":false,"template":"","format":"standard","meta":{"footnotes":""},"categories":[14],"tags":[35,22,23,26,27,33,31,30,17,24,25,28,29,15,18,21,142,637,144,32,19,20,56,16,638,1262,59,60,61],"class_list":{"0":"post-69567","1":"post","2":"type-post","3":"status-publish","4":"format-standard","5":"has-post-thumbnail","7":"category-ulkomaat","8":"tag-24h","9":"tag-breaking-news","10":"tag-breakingnews","11":"tag-featured-news","12":"tag-featurednews","13":"tag-fi","14":"tag-finland","15":"tag-finnish","16":"tag-headlines","17":"tag-latest-news","18":"tag-latestnews","19":"tag-main-news","20":"tag-mainnews","21":"tag-news","22":"tag-otsikot","23":"tag-paauutiset","24":"tag-poliitikot","25":"tag-politiikka","26":"tag-presidentti","27":"tag-suomi","28":"tag-top-stories","29":"tag-topstories","30":"tag-ulkomaat","31":"tag-uutiset","32":"tag-valtiovalta","33":"tag-venajan-politiikka","34":"tag-world","35":"tag-world-news","36":"tag-worldnews"},"share_on_mastodon":{"url":"","error":""},"_links":{"self":[{"href":"https:\/\/www.europesays.com\/fi\/wp-json\/wp\/v2\/posts\/69567","targetHints":{"allow":["GET"]}}],"collection":[{"href":"https:\/\/www.europesays.com\/fi\/wp-json\/wp\/v2\/posts"}],"about":[{"href":"https:\/\/www.europesays.com\/fi\/wp-json\/wp\/v2\/types\/post"}],"author":[{"embeddable":true,"href":"https:\/\/www.europesays.com\/fi\/wp-json\/wp\/v2\/users\/2"}],"replies":[{"embeddable":true,"href":"https:\/\/www.europesays.com\/fi\/wp-json\/wp\/v2\/comments?post=69567"}],"version-history":[{"count":0,"href":"https:\/\/www.europesays.com\/fi\/wp-json\/wp\/v2\/posts\/69567\/revisions"}],"wp:featuredmedia":[{"embeddable":true,"href":"https:\/\/www.europesays.com\/fi\/wp-json\/wp\/v2\/media\/69568"}],"wp:attachment":[{"href":"https:\/\/www.europesays.com\/fi\/wp-json\/wp\/v2\/media?parent=69567"}],"wp:term":[{"taxonomy":"category","embeddable":true,"href":"https:\/\/www.europesays.com\/fi\/wp-json\/wp\/v2\/categories?post=69567"},{"taxonomy":"post_tag","embeddable":true,"href":"https:\/\/www.europesays.com\/fi\/wp-json\/wp\/v2\/tags?post=69567"}],"curies":[{"name":"wp","href":"https:\/\/api.w.org\/{rel}","templated":true}]}}