{"id":69584,"date":"2025-10-22T22:03:09","date_gmt":"2025-10-22T22:03:09","guid":{"rendered":"https:\/\/www.europesays.com\/fi\/69584\/"},"modified":"2025-10-22T22:03:09","modified_gmt":"2025-10-22T22:03:09","slug":"michael-monroe-vaihtoi-tyylia-fanit-eivat-ole-tunnistaa","status":"publish","type":"post","link":"https:\/\/www.europesays.com\/fi\/69584\/","title":{"rendered":"Michael Monroe vaihtoi tyyli\u00e4 \u2013 Fanit eiv\u00e4t ole tunnistaa"},"content":{"rendered":"<p>Michael Monroe n\u00e4hd\u00e4\u00e4n poikkeuksellisessa tyyliss\u00e4 uudella musiikkivideollaan.<\/p>\n<p><img decoding=\"async\" class=\"image image-show image-preview\" src=\"https:\/\/www.europesays.com\/fi\/wp-content\/uploads\/2025\/10\/11d4d10a0be59b1632f4b788cd5832feb4ffb382f5e4438a0992327470b4f336.jpg\" alt=\"\"\/><img decoding=\"async\" class=\"image image-show\" src=\"https:\/\/www.europesays.com\/fi\/wp-content\/uploads\/2025\/10\/1761170589_224_11d4d10a0be59b1632f4b788cd5832feb4ffb382f5e4438a0992327470b4f336.jpg\" alt=\"\"\/><\/p>\n<p>T\u00e4m\u00e4n n\u00e4k\u00f6isen\u00e4 Michael Monroe on totuttu n\u00e4kem\u00e4\u00e4n. Atte Kajova<\/p>\n<p class=\"paragraph\">Rock-muusikko <strong>Michael Monroe<\/strong> n\u00e4hd\u00e4\u00e4n tuoreella musiikkivideollaan poikkeuksellisessa tyyliss\u00e4.<\/p>\n<p class=\"paragraph\">Monroe julkaisi tiistaina uuden kappaleensa Rockin\u2019 Horse. Musiikkivideolla Monroe ja h\u00e4nen yhtyeens\u00e4 j\u00e4senet esiintyv\u00e4t kuvitteellisen aamuohjelman vet\u00e4jin\u00e4.<\/p>\n<p class=\"paragraph\">Monroe on totuttu n\u00e4kem\u00e4\u00e4n julkisuudessa pitkiss\u00e4 vaaleissa hiuksissa ja tummissa silm\u00e4meikeiss\u00e4. Musiikkivideolla muusikko n\u00e4hd\u00e4\u00e4n lyhyess\u00e4 peruukissa ja luonnollisemmassa tyyliss\u00e4 kuin on totuttu.<\/p>\n<p class=\"paragraph\">\u2013 Ensimm\u00e4ist\u00e4 kertaa ikin\u00e4 n\u00e4ette minut ilman meikki\u00e4! Monroe sanoi tiedotteessa.<\/p>\n<p class=\"paragraph\">My\u00f6s muut b\u00e4ndin j\u00e4senet \u2013 kitaristit <strong>Steve Conte<\/strong> ja <strong>Rich Jones<\/strong>, rumpali <strong>Karl Rockfist<\/strong> ja basisti <strong>Sami Yaffa<\/strong> \u2013 ovat vaihtaneet tyypilliset rokkarityylins\u00e4 peruukkeihin, tekoviiksiin ja kauluspaitoihin.<\/p>\n<p class=\"paragraph\">Jos upotus ei toimi, n\u00e4et julkaisun my\u00f6s <a href=\"https:\/\/www.instagram.com\/p\/DQCJ2fuD0GJ\/?hl=en\" target=\"_blank\" rel=\"noopener nofollow\">t\u00e4st\u00e4 linkist\u00e4<\/a>.<\/p>\n<p class=\"paragraph\">Muusikkojen uusia tyyli\u00e4 on kommentoitu muun muassa Monroen <a href=\"https:\/\/www.instagram.com\/p\/DQCJ2fuD0GJ\/?hl=en\" rel=\"noopener nofollow\" target=\"_blank\">Instagram-tilill\u00e4<\/a>, jonne h\u00e4n on julkaissut kuvamateriaalia uudelta musiikkivideolta.<\/p>\n<p class=\"paragraph\">\u2013 En tunnistanut teit\u00e4, er\u00e4s kommentoi.<\/p>\n<p class=\"paragraph\">\u2013 Minun kesti niin kauan tajuta, ett\u00e4 kuvassa olette te.<\/p>\n<p class=\"paragraph\">\u2013 Minun piti katsoa uudelleen.<\/p>\n<p class=\"paragraph\">Toisaalta my\u00f6s Monroen v\u00e4ite t\u00e4ydest\u00e4 meikitt\u00f6myydest\u00e4 on kyseenalaistettu.<\/p>\n<p class=\"paragraph\">\u2013 H\u00e4n ei voinut vastustaa laittaa hieman meikkivoidetta n\u00e4ytt\u00e4\u00e4kseen hyv\u00e4lt\u00e4 kameroita varten. Joka tapauksessa rakastan sit\u00e4, ett\u00e4 Mike ja pojat eiv\u00e4t ota itse\u00e4\u00e4n liian vakavasti, toiseen <a href=\"https:\/\/www.instagram.com\/p\/DQG0IHUDNGr\/?hl=en&amp;img_index=1\" target=\"_blank\" rel=\"noopener nofollow\">Instagram-julkaisuun<\/a> on kommentoitu.<\/p>\n<p class=\"paragraph\">Jos upotus ei toimi, n\u00e4et kuvan my\u00f6s <a href=\"https:\/\/www.instagram.com\/p\/DQG0IHUDNGr\/?hl=en&amp;img_index=1\" target=\"_blank\" rel=\"noopener nofollow\">t\u00e4st\u00e4 linkist\u00e4<\/a>.<\/p>\n<p class=\"paragraph\"><a href=\"https:\/\/www.instagram.com\/p\/DQEgtMLjD9J\/?hl=en\" target=\"_blank\" rel=\"noopener nofollow\">Videokatkelman sis\u00e4lt\u00e4v\u00e4n julkaisun<\/a> kommenteissa moni on ilmaissut huolensa Monroen uudesta hiustyylist\u00e4.<\/p>\n<p class=\"paragraph\">\u2013 Michael lyhyill\u00e4 hiuksilla, minua pelottaa.<\/p>\n<p class=\"paragraph\">\u2013 Mike, sano ett\u00e4 sinulla on peruukki.<\/p>\n<p class=\"paragraph\">\u2013 Michael, kuka laittoi hiuksesi?<\/p>\n<p class=\"paragraph\">Jos upotus ei toimi, n\u00e4et julkaisun my\u00f6s <a href=\"https:\/\/www.instagram.com\/p\/DQEgtMLjD9J\/?hl=en\" target=\"_blank\" rel=\"noopener nofollow\">t\u00e4st\u00e4 linkist\u00e4<\/a>.<\/p>\n<p class=\"paragraph\">Uutta videota on hehkutettu my\u00f6s <a href=\"https:\/\/www.youtube.com\/watch?v=ffWbaYsOGHU\" target=\"_blank\" rel=\"noopener nofollow\">Youtubessa<\/a>.<\/p>\n<p class=\"paragraph\">\u2013 Muistuttaa jokseenkin Kummelia, Youtubessa on verrattu.<\/p>\n<p class=\"paragraph\">\u2013 Saan t\u00e4st\u00e4 todellisia Kummeli-viboja.<\/p>\n<p class=\"paragraph\">\u2013 En voi uskoa, ett\u00e4 n\u00e4en Michaelin tavallisissa vaatteissa.<\/p>\n<p class=\"paragraph\">Katso Rockin\u2019 Horse -musiikkivideo alta tai <a href=\"https:\/\/www.youtube.com\/watch?v=ffWbaYsOGHU\" target=\"_blank\" rel=\"noopener nofollow\">t\u00e4st\u00e4 linkist\u00e4<\/a>.<\/p>\n<p>Michael Monroen artistiura on kest\u00e4nyt jo 45 vuotta. Jussi Eskola<\/p>\n<p><script async src=\"\/\/www.instagram.com\/embed.js\"><\/script><\/p>\n","protected":false},"excerpt":{"rendered":"Michael Monroe n\u00e4hd\u00e4\u00e4n poikkeuksellisessa tyyliss\u00e4 uudella musiikkivideollaan. T\u00e4m\u00e4n n\u00e4k\u00f6isen\u00e4 Michael Monroe on totuttu n\u00e4kem\u00e4\u00e4n. Atte Kajova Rock-muusikko Michael&hellip;\n","protected":false},"author":2,"featured_media":69585,"comment_status":"","ping_status":"","sticky":false,"template":"","format":"standard","meta":{"footnotes":""},"categories":[136],"tags":[35,138,407,137,33,31,30,408,525,47,141,32,484,109],"class_list":{"0":"post-69584","1":"post","2":"type-post","3":"status-publish","4":"format-standard","5":"has-post-thumbnail","7":"category-julkkikset","8":"tag-24h","9":"tag-audio","10":"tag-celebrities","11":"tag-entertainment","12":"tag-fi","13":"tag-finland","14":"tag-finnish","15":"tag-julkkikset","16":"tag-laulaminen-ja-laulajat","17":"tag-musiikki","18":"tag-muusikot-bandit","19":"tag-suomi","20":"tag-taiteellinen-ilmaisu-ja-mediat","21":"tag-viihde"},"share_on_mastodon":{"url":"","error":""},"_links":{"self":[{"href":"https:\/\/www.europesays.com\/fi\/wp-json\/wp\/v2\/posts\/69584","targetHints":{"allow":["GET"]}}],"collection":[{"href":"https:\/\/www.europesays.com\/fi\/wp-json\/wp\/v2\/posts"}],"about":[{"href":"https:\/\/www.europesays.com\/fi\/wp-json\/wp\/v2\/types\/post"}],"author":[{"embeddable":true,"href":"https:\/\/www.europesays.com\/fi\/wp-json\/wp\/v2\/users\/2"}],"replies":[{"embeddable":true,"href":"https:\/\/www.europesays.com\/fi\/wp-json\/wp\/v2\/comments?post=69584"}],"version-history":[{"count":0,"href":"https:\/\/www.europesays.com\/fi\/wp-json\/wp\/v2\/posts\/69584\/revisions"}],"wp:featuredmedia":[{"embeddable":true,"href":"https:\/\/www.europesays.com\/fi\/wp-json\/wp\/v2\/media\/69585"}],"wp:attachment":[{"href":"https:\/\/www.europesays.com\/fi\/wp-json\/wp\/v2\/media?parent=69584"}],"wp:term":[{"taxonomy":"category","embeddable":true,"href":"https:\/\/www.europesays.com\/fi\/wp-json\/wp\/v2\/categories?post=69584"},{"taxonomy":"post_tag","embeddable":true,"href":"https:\/\/www.europesays.com\/fi\/wp-json\/wp\/v2\/tags?post=69584"}],"curies":[{"name":"wp","href":"https:\/\/api.w.org\/{rel}","templated":true}]}}