{"id":69594,"date":"2025-10-22T22:16:08","date_gmt":"2025-10-22T22:16:08","guid":{"rendered":"https:\/\/www.europesays.com\/fi\/69594\/"},"modified":"2025-10-22T22:16:08","modified_gmt":"2025-10-22T22:16:08","slug":"sttn-tiedot-neste-on-keskeyttanyt-polttoaineiden-toimittamisen-teboilille-uutissuomalainen","status":"publish","type":"post","link":"https:\/\/www.europesays.com\/fi\/69594\/","title":{"rendered":"STT:n tiedot: Neste on keskeytt\u00e4nyt polttoaineiden toimittamisen Teboilille | Uutissuomalainen"},"content":{"rendered":"<p>STT:n tietojen mukaan Neste on keskeytt\u00e4nyt polttoaineiden toimittamisen Teboilille. STT:n tiedot ovat per\u00e4isin kahdesta eri l\u00e4hteest\u00e4.<\/p>\n<p>Nesteen viestint\u00e4johtaja Hanna Maula sanoi STT:lle, ett\u00e4 yhti\u00f6 ei kommentoi asiakassuhteisiin liittyvi\u00e4 asioita. STT on yritt\u00e4nyt perjantaista asti tavoittaa Teboilin vastuuhenkil\u00f6it\u00e4, mutta kukaan heist\u00e4 ei ole vastannut STT:n yhteydenottoihin.<\/p>\n<p>Britannian <a href=\"https:\/\/www.gov.uk\/government\/news\/huge-blow-for-putins-war-machine-as-uk-sanctions-russian-oil\" rel=\"nofollow noopener\" target=\"_blank\">hallitus<\/a> kertoi viime viikolla asettavansa muun muassa Teboilin omistavan ven\u00e4l\u00e4isen \u00f6ljyj\u00e4tin Lukoilin pakotelistalle. STT ei ole saanut suoraa vahvistusta, ett\u00e4 polttoainetoimitusten keskeytys johtuisi pakotep\u00e4\u00e4t\u00f6ksest\u00e4.<\/p>\n<p>\u2013\u2009Olemme tietoisia n\u00e4ist\u00e4 sanktioista. Asia on monimutkainen, ja selvit\u00e4mme mahdollisia vaikutuksia Nesteen toimintaan, Nesteen viestint\u00e4johtaja Maula viestitti keskiviikkona.<\/p>\n<p>Kun Ven\u00e4j\u00e4 aloitti helmikuussa 2022 t\u00e4ysimittaisen hy\u00f6kk\u00e4yssodan Ukrainassa, ven\u00e4l\u00e4isomisteiseen Teboiliin kohdistui Suomessa laajoja boikotteja. Tavallisten autoilijoiden lis\u00e4ksi esimerkiksi monet viranomaiset ja yhteisty\u00f6kumppanit lopettivat yhteisty\u00f6n Teboilin kanssa. Samalla moni Teboilin huoltoasemia py\u00f6ritt\u00e4vist\u00e4 suomalaisista yritt\u00e4jist\u00e4 ajautui vaikeuksiin.<\/p>\n<p>\t\t\t\tEp\u00e4selv\u00e4 tilanne<\/p>\n<p>Pakotteet saattavat vaikuttaa my\u00f6s EU:n alueella, ty\u00f6- ja elinkeinoministeri\u00f6n energiaosaston ylijohtaja Riku Huttunen sanoi STT:lle tiistaina. H\u00e4n kommentoi asiaa yleisell\u00e4 tasolla.<\/p>\n<p>\u2013\u2009Korostaisin sit\u00e4, ett\u00e4 tilanne ei ole selv\u00e4, koska kyseess\u00e4 on kolmannen maan pakote. Olisi aivan toinen asia, jos EU:lla olisi t\u00e4llainen pakote k\u00e4yt\u00f6ss\u00e4.<\/p>\n<p>Teboil on hankkinut polttoaineensa p\u00e4\u00e4osin Nesteelt\u00e4. Helmikuussa 2022 heti sodan alun j\u00e4lkeen Teboil sanoi STT:lle, ett\u00e4 se hankkii polttoaineensa Nesteelt\u00e4 Porvoosta ja L\u00e4nsi-Euroopasta.<\/p>\n<p>Jos Britannian asettamat pakotteet ovat vaikuttaneet Nesteen toimintaan, liittyy se siihen, kuinka pankit ja rahalaitokset suhtautuvat pakotteisiin, Huttunen arvioi.<\/p>\n<p>\u2013\u2009Meill\u00e4 ei ole asiasta t\u00e4sm\u00e4llisemp\u00e4\u00e4 tietoa, mutta toki varaudumme erilaisiin tilanteisiin. Oli miten tahansa, Suomen polttoaineen huoltovarmuuden osalta t\u00e4st\u00e4 ei pit\u00e4isi synty\u00e4 ongelmaa, Huttunen sanoo.<\/p>\n<p>STT tiedusteli asiaa tiistaina my\u00f6s omistajaohjausministeri Joakim Strandin (r.) esikunnalta. Keskiviikkona STT:n uutisen julkaisun j\u00e4lkeen esikunnasta vastattiin, ett\u00e4 asiassa on syyt\u00e4 olla yhteydess\u00e4 suoraan Nesteeseen.<\/p>\n<p>Valtio on Nesteen suurin osakkeenomistaja.<\/p>\n<p>\t\t\t\tJohtavat mutkikkaisiin tilanteisiin<\/p>\n<p>Finanssiala ry:n johtava asiantuntija Mika Linna kertoo STT:lle, ett\u00e4 eri maiden asettamat pakotteet voivat johtaa mutkikkaisiin tilanteisiin ja niill\u00e4 voi olla laajempia vaikutuksia my\u00f6s muissa maissa. H\u00e4n puhuu asiasta yleisell\u00e4 tasolla.<\/p>\n<p>\u2013\u2009Pakotteet eiv\u00e4t ole mit\u00e4\u00e4n hyllytavaraa, vaan ne voivat olla hyvinkin tapauskohtaisesti mietittyj\u00e4, Linna sanoo.<\/p>\n<p>Saattaa olla, ett\u00e4 yhdelle energiayhti\u00f6lle ne ovat yhdensis\u00e4lt\u00f6isi\u00e4, mutta toiselle samasta maasta olevalle energiayhti\u00f6lle ne saattavat Linnan mukaan olla v\u00e4h\u00e4n toisensis\u00e4lt\u00f6isi\u00e4.<\/p>\n<p>\u2013\u2009Monesti se johtaa hyvin hankaliin tulkintaongelmiin.<\/p>\n<p>Linnan mukaan l\u00e4ht\u00f6kohta on, ett\u00e4 kun yritys asetetaan pakotteiden kohteeksi, pakotteet ulottuvat my\u00f6s sellaisiin yhti\u00f6ihin, joissa sill\u00e4 on m\u00e4\u00e4r\u00e4ysvalta. Yleens\u00e4 yhten\u00e4 yksinkertaisena kriteerin\u00e4 on, ett\u00e4 jos omistaa yli 50 prosenttia toisesta yhti\u00f6st\u00e4, se tulee my\u00f6s pakotteiden piiriin.<\/p>\n<p>\u2013\u2009EU-pakotteiden osalta on kuitenkin voitu tehd\u00e4 j\u00e4rjestelyj\u00e4, joilla on ollut voitu suojata EU:ssa olevia tyt\u00e4ryhti\u00f6it\u00e4 pakotteiden vaikutuksilta. Vaikka omistus s\u00e4ilyisi muodollisesti, siell\u00e4 ei ole suoraa napanuoraa ven\u00e4l\u00e4iseen omistavaan yhti\u00f6\u00f6n.<\/p>\n<p>Jonkin tietyn br\u00e4ndin alla toimiminen ei Linnan mukaan v\u00e4ltt\u00e4m\u00e4tt\u00e4 ole olennaista pakotteiden n\u00e4k\u00f6kulmasta.<\/p>\n<p>\u2013\u2009Suomen viranomaiset eiv\u00e4t esimerkiksi l\u00e4hde j\u00e4\u00e4dytt\u00e4m\u00e4\u00e4n Teboilin tilej\u00e4 brittipakotteiden vuoksi, jos niit\u00e4 ei viel\u00e4 ole muuten j\u00e4\u00e4dytetty.<\/p>\n","protected":false},"excerpt":{"rendered":"STT:n tietojen mukaan Neste on keskeytt\u00e4nyt polttoaineiden toimittamisen Teboilille. STT:n tiedot ovat per\u00e4isin kahdesta eri l\u00e4hteest\u00e4. Nesteen viestint\u00e4johtaja&hellip;\n","protected":false},"author":2,"featured_media":69595,"comment_status":"","ping_status":"","sticky":false,"template":"","format":"standard","meta":{"footnotes":""},"categories":[12],"tags":[22,23,124,26,27,33,31,30,17,24,25,28,29,15,18,21,637,620,32,78,19,20,1303,549,16,547],"class_list":{"0":"post-69594","1":"post","2":"type-post","3":"status-publish","4":"format-standard","5":"has-post-thumbnail","7":"category-suomi","8":"tag-breaking-news","9":"tag-breakingnews","10":"tag-energia-sektori","11":"tag-featured-news","12":"tag-featurednews","13":"tag-fi","14":"tag-finland","15":"tag-finnish","16":"tag-headlines","17":"tag-latest-news","18":"tag-latestnews","19":"tag-main-news","20":"tag-mainnews","21":"tag-news","22":"tag-otsikot","23":"tag-paauutiset","24":"tag-politiikka","25":"tag-porvoo","26":"tag-suomi","27":"tag-talous","28":"tag-top-stories","29":"tag-topstories","30":"tag-ukraina","31":"tag-ukrainan-sota","32":"tag-uutiset","33":"tag-venaja"},"share_on_mastodon":{"url":"","error":""},"_links":{"self":[{"href":"https:\/\/www.europesays.com\/fi\/wp-json\/wp\/v2\/posts\/69594","targetHints":{"allow":["GET"]}}],"collection":[{"href":"https:\/\/www.europesays.com\/fi\/wp-json\/wp\/v2\/posts"}],"about":[{"href":"https:\/\/www.europesays.com\/fi\/wp-json\/wp\/v2\/types\/post"}],"author":[{"embeddable":true,"href":"https:\/\/www.europesays.com\/fi\/wp-json\/wp\/v2\/users\/2"}],"replies":[{"embeddable":true,"href":"https:\/\/www.europesays.com\/fi\/wp-json\/wp\/v2\/comments?post=69594"}],"version-history":[{"count":0,"href":"https:\/\/www.europesays.com\/fi\/wp-json\/wp\/v2\/posts\/69594\/revisions"}],"wp:featuredmedia":[{"embeddable":true,"href":"https:\/\/www.europesays.com\/fi\/wp-json\/wp\/v2\/media\/69595"}],"wp:attachment":[{"href":"https:\/\/www.europesays.com\/fi\/wp-json\/wp\/v2\/media?parent=69594"}],"wp:term":[{"taxonomy":"category","embeddable":true,"href":"https:\/\/www.europesays.com\/fi\/wp-json\/wp\/v2\/categories?post=69594"},{"taxonomy":"post_tag","embeddable":true,"href":"https:\/\/www.europesays.com\/fi\/wp-json\/wp\/v2\/tags?post=69594"}],"curies":[{"name":"wp","href":"https:\/\/api.w.org\/{rel}","templated":true}]}}