{"id":69634,"date":"2025-10-22T23:35:26","date_gmt":"2025-10-22T23:35:26","guid":{"rendered":"https:\/\/www.europesays.com\/fi\/69634\/"},"modified":"2025-10-22T23:35:26","modified_gmt":"2025-10-22T23:35:26","slug":"hyvinvointialueet-on-laitettu-pelaamaan-nalkapelia-rahoituksesta-sanoo-etela-karjalan-sally-leskinen-uutisia-lyhyesti","status":"publish","type":"post","link":"https:\/\/www.europesays.com\/fi\/69634\/","title":{"rendered":"Hyvinvointi\u00adalueet on laitettu pelaamaan n\u00e4lk\u00e4peli\u00e4 rahoituksesta, sanoo Etel\u00e4-Karjalan Sally Leskinen | Uutisia lyhyesti"},"content":{"rendered":"<p class=\"aw-1gybjub aw-5vja16 ghpEtB kjanFo yle__article__paragraph\">Etel\u00e4-Karjalan hyvinvointi\u00adalueen johtajan Sally Leskisen mukaan alueellinen itsehallinto on vitsi, jos valtio\u00advarain\u00administeri\u00f6n asiantuntijat tekev\u00e4t p\u00e4\u00e4t\u00f6kset.<\/p>\n<p><img decoding=\"async\" alt=\"Sally Leskinen, hyvinvointialuejohtaja, Etel\u00e4-Karjalan hyvinvointialue. A-Studio.\" src=\"https:\/\/www.europesays.com\/fi\/wp-content\/uploads\/2025\/10\/39-154229368f9223344782.jpeg\" class=\"aw-1l9m598 hKVVvP\"\/><\/p>\n<p>Avaa kuvien katselu<\/p>\n<p>Etel\u00e4-Karjalan hyvinvointialueen johtaja Sally Leskinen ei usko, ett\u00e4 puolet hyvinvointialueista olisi ep\u00e4onnistuneet raha-asioissa huonon johtamisen vuoksi. Kuva: Thomas Hagstr\u00f6m \/ Yle<\/p>\n<p class=\"aw-1gybjub aw-1p7kakr ghpEtB jtovHP yle__article__paragraph\">Hyvinvointialueiden rahoitus muistuttaa n\u00e4lk\u00e4peli\u00e4, jossa alueet on laitettu taistelemaan kesken\u00e4\u00e4n, sanoo Etel\u00e4-Karjalan hyvinvointialueen johtaja <strong class=\"aw-ak79eh KyCXm yle__article__strong\">Sally Leskinen<\/strong> keskiviikon <a class=\"aw-iao6s4 iHOxEa yle__article__link\" href=\"https:\/\/areena.yle.fi\/1-72480961\" role=\"link\" rel=\"nofollow noopener\" target=\"_blank\">A-studiossa<\/a>.<\/p>\n<p class=\"aw-1gybjub aw-1p7kakr ghpEtB jtovHP yle__article__paragraph\">Leskisen mukaan rahoitusmallin suhteen pit\u00e4isi nyt vihelt\u00e4\u00e4 peli poikki ja korjata rakenteet, ennen kuin jatketaan eteenp\u00e4in.<\/p>\n<p class=\"aw-1gybjub aw-1p7kakr ghpEtB jtovHP yle__article__paragraph\">\u2013 Kuten oikeuskansleri ehdotti, pit\u00e4isi analysoida, miksi ollaan t\u00e4llaisessa tilanteessa, ett\u00e4 n\u00e4in moni alue on poikkeusmenettelyss\u00e4. Ellei sitten haluta suoraan v\u00e4itt\u00e4\u00e4, ett\u00e4 alueita on johdettu huonosti tai tehty huonoja p\u00e4\u00e4t\u00f6ksi\u00e4. En usko, ett\u00e4 puolet alueista ep\u00e4onnistuu n\u00e4ist\u00e4 syist\u00e4, Leskinen sanoo.<\/p>\n<p class=\"aw-1gybjub aw-1p7kakr ghpEtB jtovHP yle__article__paragraph\">Etel\u00e4-Karjalan hyvinvointialue on rikkonut tietoisesti rahoituslakia voidakseen noudattaa perustuslakia palveluiden tarjoamisesta. Oikeuskansleri <a class=\"aw-iao6s4 iHOxEa yle__article__link\" href=\"https:\/\/yle.fi\/a\/74-20157982\" role=\"link\" rel=\"nofollow noopener\" target=\"_blank\"><strong class=\"aw-ak79eh KyCXm yle__article__strong\">Tuomas P\u00f6ystin<\/strong> mukaan<\/a> hyvinvointialueet eiv\u00e4t voi j\u00e4tt\u00e4\u00e4 lainvastaisella tavalla hoitamatta palveluita alij\u00e4\u00e4m\u00e4n vuoksi.<\/p>\n<p class=\"aw-1gybjub aw-1p7kakr ghpEtB jtovHP yle__article__paragraph\">My\u00f6s hallituspuolue <a class=\"aw-iao6s4 iHOxEa yle__article__link\" href=\"https:\/\/yle.fi\/a\/74-20189243\" role=\"link\" rel=\"nofollow noopener\" target=\"_blank\">RKP haluaa muutoksia hyvinvointialueiden rahoitusmalliin<\/a>.<\/p>\n<p class=\"aw-1gybjub aw-1p7kakr ghpEtB jtovHP yle__article__paragraph\">Hyvinvointialueiden saama valtion rahoitus on niin sanotusti yleiskatteista eli alueet voivat p\u00e4\u00e4tt\u00e4\u00e4 itse siit\u00e4, miten ja mihin rahat k\u00e4ytet\u00e4\u00e4n.<\/p>\n<p class=\"aw-1gybjub aw-1p7kakr ghpEtB jtovHP yle__article__paragraph\">Leskisen mukaan olisi syyt\u00e4 my\u00f6s arvioida hyvinvointialueiden poikkeusmenettelyjen tuoma lis\u00e4arvo.<\/p>\n<p class=\"aw-1gybjub aw-1p7kakr ghpEtB jtovHP yle__article__paragraph\">\u2013 Jos poikkeusmenettelyn my\u00f6t\u00e4 p\u00e4\u00e4t\u00f6svalta siirtyy valtiovarainministeri\u00f6n asiantuntijoille, niin silloinhan alueiden itsehallinto on vitsi. Erilaiset poikkeusmenettelyt my\u00f6s sitovat todella paljon aikaa hyvinvointialueelta, Leskinen sanoo.<\/p>\n<p>Rahoituslakia muutettu jo kahdesti t\u00e4ll\u00e4 hallituskaudella<\/p>\n<p class=\"aw-1gybjub aw-1p7kakr ghpEtB jtovHP yle__article__paragraph\">Valtiovarainministeri\u00f6n osastop\u00e4\u00e4llikk\u00f6 <strong class=\"aw-ak79eh KyCXm yle__article__strong\">Ville-Veikko Ahonen<\/strong> huomauttaa, ett\u00e4 rahoituslakia on muutettu jo kahdesti t\u00e4ll\u00e4 hallituskaudella. H\u00e4n uskoo, ett\u00e4 my\u00f6s kolmas viilaus on lakiin tulossa. Isomman remontin osalta kannattaa kuitenkin Ahosen mukaan suhtautua maltillisesti.<\/p>\n<p class=\"aw-1gybjub aw-1p7kakr ghpEtB jtovHP yle__article__paragraph\">\u2013 Kyseess\u00e4 on kolmannes valtion budjetista. Kaiken tulee perustua tutkittuun tietoon, eik\u00e4 voida tehd\u00e4 \u00e4kkin\u00e4isi\u00e4 muutoksia. Hallituskausi on my\u00f6h\u00e4isess\u00e4 vaiheessa, joten senkin suhteen toivotaan malttia. Toiminnan tasapainottamista pit\u00e4\u00e4 tehd\u00e4 nykyisen rahoituslogiikan mukaisesti.<\/p>\n<p>Rytk\u00f6nen: kokoomusedustaja \u201dosoitti oravaa\u201d<\/p>\n<p class=\"aw-1gybjub aw-1p7kakr ghpEtB jtovHP yle__article__paragraph\">Kokoomuksen kansanedustaja <strong class=\"aw-ak79eh KyCXm yle__article__strong\">Henrik Vuornos<\/strong> kirjoitti pari viikkoa sitten julkisessa <a class=\"aw-iao6s4 iHOxEa yle__article__link\" href=\"https:\/\/www.facebook.com\/hvuornos\/posts\/pfbid02c8JaTUzYLL4WrPdNpQ8jsFtyWVmGxtLUwV3hMYUvTNXrBnbwXUq4qifF9KKjaYFVl\" role=\"link\" rel=\"nofollow noopener\" target=\"_blank\">Facebook-p\u00e4ivityksess\u00e4\u00e4n<\/a>, ett\u00e4 hyvinvointialueiden taloudellisen ahdingon osasyyn\u00e4 on hoitohenkil\u00f6kunnan kolmen vuoden takaiset yleist\u00e4 linjaa korkeammat palkankorotukset.<\/p>\n<p class=\"aw-1gybjub aw-1p7kakr ghpEtB jtovHP yle__article__paragraph\">Sote-alan ammattij\u00e4rjest\u00f6n Tehyn puheenjohtaja <strong class=\"aw-ak79eh KyCXm yle__article__strong\">Millariikka Rytk\u00f6nen<\/strong> sanoo, ett\u00e4 kyseess\u00e4 oli \u201dkatso orava\u201d -toimenpide, jossa huomiota yritet\u00e4\u00e4n kiinnitt\u00e4\u00e4 toisaalle.<\/p>\n<p class=\"aw-1gybjub aw-1p7kakr ghpEtB jtovHP yle__article__paragraph\">\u2013 Se oli kokoomuksen edustajalta ihan posketon ulostulo. Kaikki vastuu on hallituksella, joka voi antaa lis\u00e4rahoitusta hyvinvointialueille. Hoitajien nostaminen palkkamontusta ei ole ongelman ydin. He ovat todellakin palkankorotuksensa ansainneet, Rytk\u00f6nen linjaa.<\/p>\n<p class=\"aw-1gybjub aw-1p7kakr ghpEtB jtovHP yle__article__paragraph\">Ahonen huomauttaa, ett\u00e4 palkkamenot ovat noin puolet hyvinvointialueiden kuluista, joten palkankorotuksillakin on merkityksens\u00e4. Tilanne on kuitenkin Ahosen mukaan ristiriitainen, sill\u00e4 h\u00e4n pit\u00e4\u00e4 eritt\u00e4in hyv\u00e4n\u00e4, ett\u00e4 hoitohenkil\u00f6kuntaan on pystytty panostamaan.<\/p>\n<p class=\"aw-1gybjub aw-1p7kakr ghpEtB jtovHP yle__article__paragraph\">\u2013 Myrsky on vasta tulossa. THL arvioi, ett\u00e4 yli 85-vuotiaiden osuus tulee 15 vuodessa tuplaantumaan. Tarvitaan siis paljon henkil\u00f6st\u00f6\u00e4 my\u00f6s jatkossa, Ahonen sanoo.<\/p>\n","protected":false},"excerpt":{"rendered":"Etel\u00e4-Karjalan hyvinvointi\u00adalueen johtajan Sally Leskisen mukaan alueellinen itsehallinto on vitsi, jos valtio\u00advarain\u00administeri\u00f6n asiantuntijat tekev\u00e4t p\u00e4\u00e4t\u00f6kset. Avaa kuvien katselu&hellip;\n","protected":false},"author":2,"featured_media":69635,"comment_status":"","ping_status":"","sticky":false,"template":"","format":"standard","meta":{"footnotes":""},"categories":[12],"tags":[8124,22,23,1302,26,27,33,31,30,17,2218,71,24,25,28,29,15,18,21,15401,32,12759,550,4855,19,20,16],"class_list":{"0":"post-69634","1":"post","2":"type-post","3":"status-publish","4":"format-standard","5":"has-post-thumbnail","7":"category-suomi","8":"tag-a-studio","9":"tag-breaking-news","10":"tag-breakingnews","11":"tag-etela-karjala","12":"tag-featured-news","13":"tag-featurednews","14":"tag-fi","15":"tag-finland","16":"tag-finnish","17":"tag-headlines","18":"tag-hyvinvointialueet","19":"tag-kotimaa","20":"tag-latest-news","21":"tag-latestnews","22":"tag-main-news","23":"tag-mainnews","24":"tag-news","25":"tag-otsikot","26":"tag-paauutiset","27":"tag-suomen-valtiovarainministerio","28":"tag-suomi","29":"tag-tehy","30":"tag-terveydenhuolto","31":"tag-terveydenhuolto-ja-sosiaalipalvelut","32":"tag-top-stories","33":"tag-topstories","34":"tag-uutiset"},"share_on_mastodon":{"url":"","error":""},"_links":{"self":[{"href":"https:\/\/www.europesays.com\/fi\/wp-json\/wp\/v2\/posts\/69634","targetHints":{"allow":["GET"]}}],"collection":[{"href":"https:\/\/www.europesays.com\/fi\/wp-json\/wp\/v2\/posts"}],"about":[{"href":"https:\/\/www.europesays.com\/fi\/wp-json\/wp\/v2\/types\/post"}],"author":[{"embeddable":true,"href":"https:\/\/www.europesays.com\/fi\/wp-json\/wp\/v2\/users\/2"}],"replies":[{"embeddable":true,"href":"https:\/\/www.europesays.com\/fi\/wp-json\/wp\/v2\/comments?post=69634"}],"version-history":[{"count":0,"href":"https:\/\/www.europesays.com\/fi\/wp-json\/wp\/v2\/posts\/69634\/revisions"}],"wp:featuredmedia":[{"embeddable":true,"href":"https:\/\/www.europesays.com\/fi\/wp-json\/wp\/v2\/media\/69635"}],"wp:attachment":[{"href":"https:\/\/www.europesays.com\/fi\/wp-json\/wp\/v2\/media?parent=69634"}],"wp:term":[{"taxonomy":"category","embeddable":true,"href":"https:\/\/www.europesays.com\/fi\/wp-json\/wp\/v2\/categories?post=69634"},{"taxonomy":"post_tag","embeddable":true,"href":"https:\/\/www.europesays.com\/fi\/wp-json\/wp\/v2\/tags?post=69634"}],"curies":[{"name":"wp","href":"https:\/\/api.w.org\/{rel}","templated":true}]}}