{"id":69785,"date":"2025-10-23T04:19:08","date_gmt":"2025-10-23T04:19:08","guid":{"rendered":"https:\/\/www.europesays.com\/fi\/69785\/"},"modified":"2025-10-23T04:19:08","modified_gmt":"2025-10-23T04:19:08","slug":"tanaan-tvssa-onko-tama-maailman-pelottavin-elokuva-vuoden-1980-mestariteos-ei-ole-menettanyt-tehoaan","status":"publish","type":"post","link":"https:\/\/www.europesays.com\/fi\/69785\/","title":{"rendered":"T\u00e4n\u00e4\u00e4n tv:ss\u00e4: Onko t\u00e4m\u00e4 maailman pelottavin elokuva? Vuoden 1980 mestariteos ei ole menett\u00e4nyt tehoaan"},"content":{"rendered":"<p>1970-luvun lopulla vasta l\u00e4pimurtoaan tekem\u00e4ss\u00e4 olleen kauhukirjallisuuden tulevan supert\u00e4hden<strong> Stephen Kingin <\/strong>romaaniin perustuva Hohto oli merkitt\u00e4v\u00e4ll\u00e4 tavalla mukana k\u00e4ynnist\u00e4m\u00e4ss\u00e4 1980-luvun alun suurta kauhuelokuvabuumia.<\/p>\n<p><strong>Stanley Kubrickin <\/strong>leuat auki loksauttavalla virtuositeetilla toteuttama hyyt\u00e4v\u00e4tunnelmainen vuoden 1980 elokuva kuuluu itseoikeutetusti lajityyppins\u00e4 kaikkien aikojen k\u00e4rkikolmikkoon.<\/p>\n<p><strong>Jack Nicholson <\/strong>on Jack Torrance, alkoholin kanssa aikaisemmin painiskellut kirjailija, joka ottaa vastaan kokonaisen talven mittaisen ty\u00f6komennuksen Coloradon jylh\u00e4ss\u00e4 vuoristossa sijaitsevassa hotelli Overlookissa. H\u00e4nen on m\u00e4\u00e4r\u00e4 toimia talonmiehen\u00e4 hotellin ollessa suljettuna talvikuukausien ajan.<\/p>\n<p>Yksin\u00e4iseen paikkaan muuttavat Jackin mukana my\u00f6s h\u00e4nen vaimonsa Wendy (<strong>Shelley Duvall<\/strong>) ja pieni poikansa Danny (<strong>Danny Lloyd<\/strong>).<\/p>\n<p>Talvi muuttuu kuitenkin kauhutarinaksi, kun hotelli kummituksineen alkaa v\u00e4hitellen her\u00e4t\u00e4 eloon kolmikon ymp\u00e4rill\u00e4. Intiaanien vanhalle hautausmaapaikalle rakennetulla talolla on v\u00e4kivaltainen menneisyys, josta kurkottava pahuus saa Jackin valtaansa ja suunnittelemaan perheens\u00e4 murhaamista. Danny-pojalla puolestaan on telepaattisia kykyj\u00e4, joissa voi piill\u00e4 pelastus.<\/p>\n<p>Puhdasverinen kauhuelokuva oli aikanaan melko yll\u00e4tt\u00e4v\u00e4 veto kokonaan muissa aihepiireiss\u00e4 uransa siihen pisteeseen asti liikkuneelta Kubrickilta. Hyyt\u00e4v\u00e4n psykologisen kauhun kehitt\u00e4j\u00e4n\u00e4 ohjaaja osoittautui kuitenkin \u00e4\u00e4rimm\u00e4isen lahjakkaaksi, kuten suunnilleen kaikessa muussakin mihin ryhtyi. Yksi elokuvahistorian pelottavimmista elokuvista ei ole nelj\u00e4ss\u00e4kymmeness\u00e4viidess\u00e4 vuodessa menett\u00e4nyt tehoaan lainkaan.<\/p>\n<p>Lue my\u00f6s: <a href=\"https:\/\/www.episodi.fi\/uutiset\/hohto-leffasta-tehtiin-jattimainen-loyto-45-vuotta-ensi-illan-jalkeen\/\" title=\"Hohto-leffasta tehtiin j\u00e4ttim\u00e4inen l\u00f6yt\u00f6 45 vuotta ensi-illan j\u00e4lkeen\" class=\"underline-custom !font-montserrat !font-bold !underline-offset-4 !decoration-4 !decoration-episodi-blue !text-md\" rel=\"nofollow noopener\" target=\"_blank\">Hohto-leffasta tehtiin j\u00e4ttim\u00e4inen l\u00f6yt\u00f6 45 vuotta ensi-illan j\u00e4lkeen<\/a><\/p>\n<p>King teki kirjalle jatko-osan Tohtori Uni pitk\u00e4n tauon j\u00e4lkeen vuonna 2013. Se siirtyi elokuvaksi vuonna 2019.<\/p>\n<p>Hohto esitet\u00e4\u00e4n nyt televisiossa kolmeen otteeseen:<\/p>\n<ul class=\"wp-block-list\">\n<li>To 23.10.2025 klo 21.00 \u00b7 Kutonen<\/li>\n<li>La 25.10.2025 klo 23.10 \u00b7 TV5<\/li>\n<li>Ma 27.10.2025 klo 00.00 \u00b7 Kutonen<\/li>\n<\/ul>\n<p>Elokuva l\u00f6ytyy t\u00e4ll\u00e4 hetkell\u00e4 my\u00f6s HBO Maxista. Katso traileri alta.<\/p>\n<p>Arvio: Jukka Halttunen<\/p>\n<p><img loading=\"lazy\" decoding=\"async\" alt=\"YouTube video\" width=\"480\" height=\"360\" data-pin-nopin=\"true\" nopin=\"nopin\" class=\"perfmatters-lazy\" src=\"https:\/\/www.europesays.com\/fi\/wp-content\/uploads\/2025\/10\/1761193148_237_hqdefault.jpg\"\/><\/p>\n<p>Lue my\u00f6s: <a href=\"https:\/\/www.episodi.fi\/uutiskirje\/?uutiskirjemainos=tekstilinkkimainos\" title=\"Tilaa Episodin uutiskirje ja voit voittaa leffalippuja! Nappaa tv-vinkit suoraan s\u00e4hk\u00f6postiin t\u00e4st\u00e4.\" class=\"underline-custom !font-montserrat !font-bold !underline-offset-4 !decoration-4 !decoration-episodi-blue !text-md\" rel=\"nofollow noopener\" target=\"_blank\">Tilaa Episodin uutiskirje ja voit voittaa leffalippuja! Nappaa katseluvinkit suoraan s\u00e4hk\u00f6postiin t\u00e4st\u00e4.<\/a><\/p>\n","protected":false},"excerpt":{"rendered":"1970-luvun lopulla vasta l\u00e4pimurtoaan tekem\u00e4ss\u00e4 olleen kauhukirjallisuuden tulevan supert\u00e4hden Stephen Kingin romaaniin perustuva Hohto oli merkitt\u00e4v\u00e4ll\u00e4 tavalla mukana&hellip;\n","protected":false},"author":2,"featured_media":69786,"comment_status":"","ping_status":"","sticky":false,"template":"","format":"standard","meta":{"footnotes":""},"categories":[131],"tags":[155,137,33,173,31,30,172,32,139,109],"class_list":{"0":"post-69785","1":"post","2":"type-post","3":"status-publish","4":"format-standard","5":"has-post-thumbnail","7":"category-elokuvat","8":"tag-elokuvat","9":"tag-entertainment","10":"tag-fi","11":"tag-film","12":"tag-finland","13":"tag-finnish","14":"tag-movies","15":"tag-suomi","16":"tag-tv-ohjelmat","17":"tag-viihde"},"share_on_mastodon":{"url":"https:\/\/pubeurope.com\/@fi\/115421561764188805","error":""},"_links":{"self":[{"href":"https:\/\/www.europesays.com\/fi\/wp-json\/wp\/v2\/posts\/69785","targetHints":{"allow":["GET"]}}],"collection":[{"href":"https:\/\/www.europesays.com\/fi\/wp-json\/wp\/v2\/posts"}],"about":[{"href":"https:\/\/www.europesays.com\/fi\/wp-json\/wp\/v2\/types\/post"}],"author":[{"embeddable":true,"href":"https:\/\/www.europesays.com\/fi\/wp-json\/wp\/v2\/users\/2"}],"replies":[{"embeddable":true,"href":"https:\/\/www.europesays.com\/fi\/wp-json\/wp\/v2\/comments?post=69785"}],"version-history":[{"count":0,"href":"https:\/\/www.europesays.com\/fi\/wp-json\/wp\/v2\/posts\/69785\/revisions"}],"wp:featuredmedia":[{"embeddable":true,"href":"https:\/\/www.europesays.com\/fi\/wp-json\/wp\/v2\/media\/69786"}],"wp:attachment":[{"href":"https:\/\/www.europesays.com\/fi\/wp-json\/wp\/v2\/media?parent=69785"}],"wp:term":[{"taxonomy":"category","embeddable":true,"href":"https:\/\/www.europesays.com\/fi\/wp-json\/wp\/v2\/categories?post=69785"},{"taxonomy":"post_tag","embeddable":true,"href":"https:\/\/www.europesays.com\/fi\/wp-json\/wp\/v2\/tags?post=69785"}],"curies":[{"name":"wp","href":"https:\/\/api.w.org\/{rel}","templated":true}]}}