{"id":69943,"date":"2025-10-23T07:56:08","date_gmt":"2025-10-23T07:56:08","guid":{"rendered":"https:\/\/www.europesays.com\/fi\/69943\/"},"modified":"2025-10-23T07:56:08","modified_gmt":"2025-10-23T07:56:08","slug":"suomessa-on-yleistynyt-ilmio-joka-voi-aarimmillaan-johtaa-kamaliin-seurauksiin-asiantuntija-halyttavaa","status":"publish","type":"post","link":"https:\/\/www.europesays.com\/fi\/69943\/","title":{"rendered":"Suomessa on yleistynyt ilmi\u00f6, joka voi \u00e4\u00e4rimmill\u00e4\u00e4n johtaa kamaliin seurauksiin \u2013 Asiantuntija: H\u00e4lytt\u00e4v\u00e4\u00e4"},"content":{"rendered":"<p>Kriisikeskus Monikan johtaja Natalie Gerbert sanoo, ettei Suomessa tapahtuvasta kunniaan liittyv\u00e4st\u00e4 v\u00e4kivallasta voi puhua en\u00e4\u00e4 v\u00e4h\u00e4isen\u00e4 ilmi\u00f6n\u00e4. Tilastokeskus arvioi, ett\u00e4 miltei joka kymmenes 16\u201374-vuotias Suomessa asuva on havainnut tai kokenut kunniaan liittyv\u00e4\u00e4 v\u00e4kivaltaa. <\/p>\n<p class=\"paragraph\">L\u00e4hes joka kymmenes suomalainen on havainnut tai kokenut kunniaan liittyv\u00e4\u00e4 v\u00e4kivaltaa, k\u00e4y ilmi <a href=\"https:\/\/stat.fi\/fi\/uutinen\/joka-kymmenes-havainnut-tai-kokenut-kunniaan-liittyvaa-vakivaltaa\" target=\"_blank\" rel=\"noopener nofollow\">Tilastokeskuksen<\/a> joulukuussa 2024 julkaisemasta tutkimuksesta.<\/p>\n<p class=\"paragraph\">Tutkimuksessa aiheeseen liittyv\u00e4 verkkokysely l\u00e4hetettiin 25 000 16\u201374-vuotiaalle Suomessa asuvalle henkil\u00f6lle. Kyselyn vastausprosentti oli 30. Vastauksia tutkimuksen aineistossa on yhteens\u00e4 7 575 henkil\u00f6lt\u00e4. Aineisto oli painotettu vastaamaan koko Suomen v\u00e4est\u00f6\u00e4.<\/p>\n<p class=\"paragraph\">Havaitseminen oli yleisint\u00e4 ulkomaalaistaustaisten keskuudessa. Kyseess\u00e4 on sukupuolittunut ilmi\u00f6, joka merkitsee naisten kontrollointia eri tavoin. Rajoittamisen kohteeksi voi joutua esimerkiksi pukeutuminen, ihmissuhteet tai oman talouden hallinta.<\/p>\n<p class=\"paragraph\">Luku on Kriisikeskus Monikan johtaja <strong>Natalie Gerbertin<\/strong> mukaan h\u00e4lytt\u00e4v\u00e4. H\u00e4nen luotsaamansa kriisikeskus kuuluu Monika-Naiset liitto ry:n toimintaan, joka on suomalainen monikulttuuristen naisj\u00e4rjest\u00f6jen kattoj\u00e4rjest\u00f6.<\/p>\n<p class=\"paragraph\">\u2013 Emme voida en\u00e4\u00e4 puhua marginaali-ilmi\u00f6st\u00e4, se voi koskea kymmeni\u00e4 tuhansia henkil\u00f6it\u00e4.<\/p>\n<p class=\"paragraph\">Gerbertin arvion mukaan niiden naisten m\u00e4\u00e4r\u00e4, jotka ovat riskiss\u00e4 kohdata kunniav\u00e4kivaltaa, on kasvanut Suomessa viimeisen kymmenen vuoden aikana. Vuodessa kymmeni\u00e4 naisia hakeutuu h\u00e4nen mukaansa Monikan kriisikeskukseen ja turvakotiin.<\/p>\n<p>T\u00c4T\u00c4 PAKOTTAVA KONTROLLI TARKOITTAA<\/p>\n<p class=\"paragraph\">Pakottava kontrolli tarkoittaa toisen henkil\u00f6n itsem\u00e4\u00e4r\u00e4\u00e4misoikeuden rajoittamista esimerkiksi uhkauksella, painostuksella tai v\u00e4kivallalla.<\/p>\n<p class=\"paragraph\">Oikeusministeri\u00f6n vuonna 2023 teett\u00e4m\u00e4ss\u00e4 selvityksess\u00e4 henkisen v\u00e4kivallan rangaistavuudesta suositeltiin, ett\u00e4 pakottava kontrolli lis\u00e4tt\u00e4isiin uutena rikosnimikkeen\u00e4. Kriminalisointimahdollisuuksia vasta selvitet\u00e4\u00e4n ja t\u00e4lle selvitykselle on varattu aikaa vuoden 2026 loppuun saakka.<\/p>\n<p class=\"paragraph\">Kunniaan liittyv\u00e4n v\u00e4kivallan kokeneet eiv\u00e4t ole ainoita, joita valmistelussa otetaan huomioon. Uutta lakia laatiessa tarkastellaan my\u00f6s l\u00e4hisuhteissa ja hoivasuhteissa tapahtuvaa pakottavaa kontrollia, sek\u00e4 tekoja, jotka tapahtuvat uskonnollisissa yhteis\u00f6iss\u00e4, kun rikoksen tunnusmerkist\u00f6 ei sellaisenaan kuulu esimerkiksi v\u00e4kivaltarikoksen, vainoamisen tai ihmiskaupan alle.<\/p>\n<p class=\"paragraph\">Oikeusministeri\u00f6n asiantuntija <strong>Julia H\u00f6yhty\u00e4n<\/strong> mukaan t\u00e4ll\u00e4 hetkell\u00e4 lains\u00e4\u00e4t\u00e4j\u00e4n n\u00e4k\u00f6kulmasta selvitell\u00e4\u00e4n ovatko jo nykyiset voimassa olevat s\u00e4\u00e4ntelyt riitt\u00e4vi\u00e4 ja esimerkiksi kriminalisointiperiaatteiden tarkastelua. Kyseess\u00e4 on my\u00f6s ilmi\u00f6, jota voi olla haastavaa kuvata oikeudellisesti riitt\u00e4v\u00e4n tarkkarajaisesti.<\/p>\n<p class=\"paragraph\">L\u00e4hde: Kohti pakottavan kontrollin kriminalisointia -seminaari 16.10.2025. Seminaarin j\u00e4rjestiv\u00e4t yhteisty\u00f6ss\u00e4 eduskunnan ihmisoikeusverkosto, Amnestyn Suomen osasto, Ihmisoikeusliitto ja Monika-Naiset liitto.<\/p>\n<p>Kontrolli ulottuu kaikkialle<\/p>\n<p class=\"paragraph\">Kunniaan liittyv\u00e4 v\u00e4kivalta on piilorikollisuutta, ja sit\u00e4 on usein hankala tunnistaa, Gerbert sanoo. Siit\u00e4 on my\u00f6s vaikea puhua suoraan esimerkiksi v\u00e4kivallan pelossa.<\/p>\n<p class=\"paragraph\">Suomessa kasvoillaan kunniaan liittyv\u00e4st\u00e4 v\u00e4kivallasta ovat puhuneet julkisuudessa poliitikko <strong>Eva Tawasoli<\/strong> ja Fenix Helsingin toiminnanjohtaja <strong>Ujuni Ahmed<\/strong>. Kumpikin nainen on toiminut asiassa ihmisoikeusaktivistina.<\/p>\n<p class=\"paragraph\">Tawasoli <a href=\"https:\/\/www.iltalehti.fi\/kotimaa\/bcd94f43-09b8-40de-a933-2e606bd1b66a\" rel=\"nofollow noopener\" target=\"_blank\">on kertonut<\/a>, ett\u00e4 perhe asetti h\u00e4nelle tiukkoja kotiintuloaikoja, vaikka h\u00e4n oli t\u00e4ysi-ik\u00e4inen. L\u00e4nsimaalainen pukeutuminen ja huivista luopuminen johtivat my\u00f6s kunniav\u00e4kivaltaan. Ahmed <a href=\"https:\/\/www.iltalehti.fi\/iltv-doc\/5ec10811-4c11-4eaa-9a9b-acc555fe0a88\" rel=\"nofollow noopener\" target=\"_blank\">on puhunut<\/a> julkisuudessa naisten ja tytt\u00f6jen sukuelinten silpomista vastaan.<\/p>\n<p>Kuvituskuva. Getty Images<\/p>\n<p class=\"paragraph\">V\u00e4kivallan muodot ovat moninaisia, sanoo my\u00f6s Natalie Gerbert.<\/p>\n<p class=\"paragraph\">\u201dLievimmill\u00e4\u00e4n\u201d kunniaan liittyv\u00e4 kontrolli voi tarkoittaa pukeutumisen ja sosiaalisten kontaktien rajoittamista. Jos kyseess\u00e4 on aikuinen lapsi, kontrollointi voi koskea esimerkiksi sit\u00e4, saako h\u00e4n osallistua opintoihin kuuluvaan ty\u00f6harjoitteluun ty\u00f6paikalla, jossa on miehi\u00e4. \u00c4\u00e4rimmill\u00e4\u00e4n kunniav\u00e4kivalta voi johtaa kunniamurhaan tai itsemurhaan pakottamiseen.<\/p>\n<p class=\"paragraph\">\u2013 Kun puhumme kunniaan liittyv\u00e4st\u00e4 v\u00e4kivallasta, meid\u00e4n on ymm\u00e4rrett\u00e4v\u00e4 mik\u00e4 sen ytimess\u00e4 on: kyse ei ole kunniasta siin\u00e4 mieless\u00e4, ett\u00e4 joku puolustaisi henkil\u00f6kohtaista arvokkuutta.<\/p>\n<p class=\"paragraph\">\u2013 Kunnian puolustaminen tai palauttaminen toimii motiivina \u2013 syyn\u00e4 k\u00e4ytt\u00e4\u00e4 v\u00e4kivaltaa oikeutetuksi ja hyv\u00e4ksytyksi perheen, suvun tai yhteis\u00f6n silmiss\u00e4. Tekojen motiivi usein j\u00e4\u00e4 piiloon, my\u00f6s mahdollisessa rikosprosessissa.<\/p>\n<p class=\"paragraph\">Lain s\u00e4\u00e4t\u00e4misen n\u00e4k\u00f6kulmasta pakottava kontrolli on kinkkinen m\u00e4\u00e4ritelt\u00e4v\u00e4, sill\u00e4 se ei ole kovin tarkkarajainen. Jo pelk\u00e4st\u00e4\u00e4n itsem\u00e4\u00e4r\u00e4\u00e4misoikeuden liikkuva k\u00e4site voi olla hankala ja tulkinnanvarainen esimerkiksi lasten, vanhusten tai vammaisten henkil\u00f6iden kohdalla.<\/p>\n<p class=\"paragraph\">Valtionsyytt\u00e4j\u00e4 <strong>Heidi Savurinne<\/strong> sanoo, ett\u00e4 jos s\u00e4\u00e4d\u00f6s saadaan aikaan, se varmasti lis\u00e4isi kansalaisten oikeusturvaa.<\/p>\n<p class=\"paragraph\">\u2013 On esimerkiksi tekoja, jotka eiv\u00e4t esimerkiksi t\u00e4yt\u00e4 laittoman uhkauksen tunnusmerkist\u00f6tekij\u00f6it\u00e4, kun toista ei uhata v\u00e4kivallalla, mutta toisaalta t\u00e4llainen menettely voisi olla suunnitellun pakottavaa kontrollia koskevan rikoksen osatekona, koska teolla saadaan kuitenkin esimerkiksi toinen toimimaan vastoin tahtoaan tai pelk\u00e4\u00e4m\u00e4\u00e4n tai vastaavaa.<\/p>\n","protected":false},"excerpt":{"rendered":"Kriisikeskus Monikan johtaja Natalie Gerbert sanoo, ettei Suomessa tapahtuvasta kunniaan liittyv\u00e4st\u00e4 v\u00e4kivallasta voi puhua en\u00e4\u00e4 v\u00e4h\u00e4isen\u00e4 ilmi\u00f6n\u00e4. Tilastokeskus&hellip;\n","protected":false},"author":2,"featured_media":69944,"comment_status":"","ping_status":"","sticky":false,"template":"","format":"standard","meta":{"footnotes":""},"categories":[5],"tags":[35,22,23,26,27,33,31,30,17,24,25,28,29,15,18,21,52,38,32,19,20,16,40,37],"class_list":{"0":"post-69943","1":"post","2":"type-post","3":"status-publish","4":"format-standard","5":"has-post-thumbnail","7":"category-otsikot","8":"tag-24h","9":"tag-breaking-news","10":"tag-breakingnews","11":"tag-featured-news","12":"tag-featurednews","13":"tag-fi","14":"tag-finland","15":"tag-finnish","16":"tag-headlines","17":"tag-latest-news","18":"tag-latestnews","19":"tag-main-news","20":"tag-mainnews","21":"tag-news","22":"tag-otsikot","23":"tag-paauutiset","24":"tag-poliisi","25":"tag-rikos","26":"tag-suomi","27":"tag-top-stories","28":"tag-topstories","29":"tag-uutiset","30":"tag-vakivalta","31":"tag-vakivaltarikokset"},"share_on_mastodon":{"url":"https:\/\/pubeurope.com\/@fi\/115422414937972770","error":""},"_links":{"self":[{"href":"https:\/\/www.europesays.com\/fi\/wp-json\/wp\/v2\/posts\/69943","targetHints":{"allow":["GET"]}}],"collection":[{"href":"https:\/\/www.europesays.com\/fi\/wp-json\/wp\/v2\/posts"}],"about":[{"href":"https:\/\/www.europesays.com\/fi\/wp-json\/wp\/v2\/types\/post"}],"author":[{"embeddable":true,"href":"https:\/\/www.europesays.com\/fi\/wp-json\/wp\/v2\/users\/2"}],"replies":[{"embeddable":true,"href":"https:\/\/www.europesays.com\/fi\/wp-json\/wp\/v2\/comments?post=69943"}],"version-history":[{"count":0,"href":"https:\/\/www.europesays.com\/fi\/wp-json\/wp\/v2\/posts\/69943\/revisions"}],"wp:featuredmedia":[{"embeddable":true,"href":"https:\/\/www.europesays.com\/fi\/wp-json\/wp\/v2\/media\/69944"}],"wp:attachment":[{"href":"https:\/\/www.europesays.com\/fi\/wp-json\/wp\/v2\/media?parent=69943"}],"wp:term":[{"taxonomy":"category","embeddable":true,"href":"https:\/\/www.europesays.com\/fi\/wp-json\/wp\/v2\/categories?post=69943"},{"taxonomy":"post_tag","embeddable":true,"href":"https:\/\/www.europesays.com\/fi\/wp-json\/wp\/v2\/tags?post=69943"}],"curies":[{"name":"wp","href":"https:\/\/api.w.org\/{rel}","templated":true}]}}