{"id":70061,"date":"2025-10-23T10:26:08","date_gmt":"2025-10-23T10:26:08","guid":{"rendered":"https:\/\/www.europesays.com\/fi\/70061\/"},"modified":"2025-10-23T10:26:08","modified_gmt":"2025-10-23T10:26:08","slug":"kenny-loggins-vaatii-biisinsa-poistamista-donald-trumpin-ulostevideolta-en-voi-kuvitella-miksi-kukaan-antaisi-kayttaa-musiikkiaan-tallaisessa","status":"publish","type":"post","link":"https:\/\/www.europesays.com\/fi\/70061\/","title":{"rendered":"Kenny Loggins vaatii biisins\u00e4 poistamista Donald Trumpin ulostevideolta &#8211; &#8221;En voi kuvitella, miksi kukaan antaisi k\u00e4ytt\u00e4\u00e4 musiikkiaan t\u00e4llaisessa&#8221;"},"content":{"rendered":"<p>Yhdysvaltain presidentti Donald Trump reagoi h\u00e4nt\u00e4 ja h\u00e4nen republikaani\u00adhallintonsa politiikkaa vastustaneisiin No Kings -mielenosoituksiin julkaisemalla viime viikonloppuna Truth Social -viestint\u00e4palvelussaan teko\u00e4lyll\u00e4 luodun videon, jossa kruunup\u00e4inen Trump lent\u00e4\u00e4 h\u00e4vitt\u00e4j\u00e4ll\u00e4 mielenosoittajien yli pudottaen ulostetta n\u00e4iden niskaan. Videolla soi Top Gun -menestyselokuvista tuttu Kenny Logginsin Danger Zone.<\/p>\n<p>Nyt Loggins on julkaissut some-kanavissaan tiedotteen, jossa t\u00e4m\u00e4 tuomitsee kappaleensa k\u00e4yt\u00f6n videolla.<\/p>\n<p>\u201dT\u00e4m\u00e4 on Danger Zonen luvatonta k\u00e4ytt\u00f6\u00e4. Kukaan ei ole kysynyt siihen minulta lupaa, jota en olisi edes antanut. Vaadin, ett\u00e4 kappale poistetaan videolta v\u00e4litt\u00f6m\u00e4sti\u201d, Loggins tiedottaa ja jatkaa:<\/p>\n<p>\u201dEn voi kuvitella, miksi kukaan antaisi k\u00e4ytt\u00e4\u00e4 musiikkiaan t\u00e4llaisessa, jonka ainoa tarkoitus on jakaa ihmisi\u00e4. Aivan liian moni yritt\u00e4\u00e4 repi\u00e4 meit\u00e4 erilleen ja meid\u00e4n pit\u00e4isi l\u00f6yt\u00e4\u00e4 uusia keinoja liitty\u00e4 yhteen. Olemme kaikki amerikkalaisia, olemme kaikki patriootteja. Ei ole olemassa \u2019meit\u00e4 ja heit\u00e4\u2019 \u2013 emme ole sellaisia, eik\u00e4 meist\u00e4 pid\u00e4 tulla sellaisia. Olemme kaikki t\u00e4ss\u00e4 yhdess\u00e4. Toiveeni on, ett\u00e4 musiikki on asia, jolla juhlistetaan ja saadaan jokainen meist\u00e4 liittym\u00e4\u00e4n yhteen.\u201d<\/p>\n<p>Kenny Loggins on viimeisin lis\u00e4ys pitk\u00e4\u00e4n listaan muusikoista ja artisteista, jotka ovat kielt\u00e4neet Trumpia k\u00e4ytt\u00e4m\u00e4st\u00e4 musiikkiaan poliittisissa toimissaan tai joiden musiikkia Trump on k\u00e4ytt\u00e4nyt luvatta. Listalta l\u00f6ytyv\u00e4t muun muassa Queen, The Smithsin Johnny Marr, Ozzy Osbourne, Guns N\u2019 Roses, Heart sek\u00e4 Neil Young, joka on yksi \u00e4\u00e4nekk\u00e4immist\u00e4 Trumpia vastustavista muusikoista.<\/p>\n<p><img loading=\"lazy\" decoding=\"async\" alt=\"YouTube video\" width=\"480\" height=\"360\" data-pin-nopin=\"true\" nopin=\"nopin\" class=\"perfmatters-lazy\" src=\"https:\/\/www.europesays.com\/fi\/wp-content\/uploads\/2025\/10\/1761215167_657_hqdefault.jpg\"\/><\/p>\n<p><img loading=\"lazy\" decoding=\"async\" alt=\"YouTube video\" width=\"480\" height=\"360\" data-pin-nopin=\"true\" nopin=\"nopin\" class=\"perfmatters-lazy\" src=\"https:\/\/www.europesays.com\/fi\/wp-content\/uploads\/2025\/10\/1761215168_455_hqdefault.jpg\"\/><\/p>\n<p>Lue my\u00f6s: <a href=\"https:\/\/www.soundi.fi\/uutiset\/neil-young-kritisoi-donald-trumpia-ankarasti-uusi-protestilaulu-julki\/\" title=\"Neil Young kritisoi Donald Trumpia ankarasti \u2013 uusi protestilaulu julki\" class=\"underline-custom !font-montserrat !font-bold !underline-offset-4 !decoration-4 !decoration-tilt-light\" rel=\"nofollow noopener\" target=\"_blank\">Neil Young kritisoi Donald Trumpia ankarasti \u2013 uusi protestilaulu julki<\/a><\/p>\n<p>Lue my\u00f6s: <a href=\"https:\/\/www.soundi.fi\/uutiset\/jack-white-kritisoi-donald-trumpin-sisustusratkaisuja-sai-valkoisesta-talosta-tylyn-vastauksen-sanasota-jatkuu\/\" title=\"Jack White kritisoi Donald Trumpin sisustusratkaisuja, sai Valkoisesta talosta tylyn vastauksen \u2013 sanasota jatkuu\" class=\"underline-custom !font-montserrat !font-bold !underline-offset-4 !decoration-4 !decoration-tilt-light\" rel=\"nofollow noopener\" target=\"_blank\">Jack White kritisoi Donald Trumpin sisustusratkaisuja, sai Valkoisesta talosta tylyn vastauksen \u2013 sanasota jatkuu<\/a><\/p>\n<p>Lue my\u00f6s: <a href=\"https:\/\/www.soundi.fi\/uutiset\/rockyhtyeen-laulaja-teki-tiukan-linjauksen-donald-trumpin-aanestajat-eivat-ole-tervetulleita-keikoille\/\" title=\"Rockyhtyeen laulaja teki tiukan linjauksen: Donald Trumpin \u00e4\u00e4nest\u00e4j\u00e4t eiv\u00e4t ole tervetulleita keikoille\" class=\"underline-custom !font-montserrat !font-bold !underline-offset-4 !decoration-4 !decoration-tilt-light\" rel=\"nofollow noopener\" target=\"_blank\">Rockyhtyeen laulaja teki tiukan linjauksen: Donald Trumpin \u00e4\u00e4nest\u00e4j\u00e4t eiv\u00e4t ole tervetulleita keikoille<\/a><\/p>\n","protected":false},"excerpt":{"rendered":"Yhdysvaltain presidentti Donald Trump reagoi h\u00e4nt\u00e4 ja h\u00e4nen republikaani\u00adhallintonsa politiikkaa vastustaneisiin No Kings -mielenosoituksiin julkaisemalla viime viikonloppuna Truth&hellip;\n","protected":false},"author":2,"featured_media":70062,"comment_status":"","ping_status":"","sticky":false,"template":"","format":"standard","meta":{"footnotes":""},"categories":[132],"tags":[137,33,31,30,195,47,32,109],"class_list":{"0":"post-70061","1":"post","2":"type-post","3":"status-publish","4":"format-standard","5":"has-post-thumbnail","7":"category-musiikki","8":"tag-entertainment","9":"tag-fi","10":"tag-finland","11":"tag-finnish","12":"tag-music","13":"tag-musiikki","14":"tag-suomi","15":"tag-viihde"},"share_on_mastodon":{"url":"https:\/\/pubeurope.com\/@fi\/115423005043746176","error":""},"_links":{"self":[{"href":"https:\/\/www.europesays.com\/fi\/wp-json\/wp\/v2\/posts\/70061","targetHints":{"allow":["GET"]}}],"collection":[{"href":"https:\/\/www.europesays.com\/fi\/wp-json\/wp\/v2\/posts"}],"about":[{"href":"https:\/\/www.europesays.com\/fi\/wp-json\/wp\/v2\/types\/post"}],"author":[{"embeddable":true,"href":"https:\/\/www.europesays.com\/fi\/wp-json\/wp\/v2\/users\/2"}],"replies":[{"embeddable":true,"href":"https:\/\/www.europesays.com\/fi\/wp-json\/wp\/v2\/comments?post=70061"}],"version-history":[{"count":0,"href":"https:\/\/www.europesays.com\/fi\/wp-json\/wp\/v2\/posts\/70061\/revisions"}],"wp:featuredmedia":[{"embeddable":true,"href":"https:\/\/www.europesays.com\/fi\/wp-json\/wp\/v2\/media\/70062"}],"wp:attachment":[{"href":"https:\/\/www.europesays.com\/fi\/wp-json\/wp\/v2\/media?parent=70061"}],"wp:term":[{"taxonomy":"category","embeddable":true,"href":"https:\/\/www.europesays.com\/fi\/wp-json\/wp\/v2\/categories?post=70061"},{"taxonomy":"post_tag","embeddable":true,"href":"https:\/\/www.europesays.com\/fi\/wp-json\/wp\/v2\/tags?post=70061"}],"curies":[{"name":"wp","href":"https:\/\/api.w.org\/{rel}","templated":true}]}}