{"id":70114,"date":"2025-10-23T11:40:07","date_gmt":"2025-10-23T11:40:07","guid":{"rendered":"https:\/\/www.europesays.com\/fi\/70114\/"},"modified":"2025-10-23T11:40:07","modified_gmt":"2025-10-23T11:40:07","slug":"anne-kukkohovin-hurja-tempaus-hengastyttaa","status":"publish","type":"post","link":"https:\/\/www.europesays.com\/fi\/70114\/","title":{"rendered":"Anne Kukkohovin hurja tempaus heng\u00e4stytt\u00e4\u00e4"},"content":{"rendered":"<p>Anne Kukkohovi asui pitk\u00e4\u00e4n Suomessa, ennen kuin h\u00e4n p\u00e4\u00e4tti muuttaa saamansa mallisopimuksen per\u00e4ss\u00e4 Yhdysvaltoihin.<\/p>\n<p>Anne on kertonut kotinsa sijainneen aiemmin Helsingin Eirassa, joka tunnetaan yhten\u00e4 Suomen kalleimmista asuinalueista. T\u00e4t\u00e4 ennen Anne on asunut perheineen muun muassa Helsingin Jollaksessa ja Ullanlinnassa.<\/p>\n<p>Eiran vuosien j\u00e4lkeen Anne p\u00e4\u00e4tti kokeilla niin sanottua nomadi-el\u00e4m\u00e4\u00e4 eli kiert\u00e4v\u00e4\u00e4 el\u00e4m\u00e4ntapaa ilman pysyv\u00e4\u00e4 asuinpaikkaa.<\/p>\n<p>Jonkinlainen tukikohta l\u00f6ytyi kuitenkin Helsingin Katajanokalta, kun Anne muutti yhteisty\u00f6n\u00e4 saamaansa asuntoon Bob W -kotihotellissa.<\/p>\n<p>Katajanokalta Anne suuntasi lopulta Los Angelesiin ja siell\u00e4 h\u00e4n on asunut nyt viime vuoden kev\u00e4\u00e4st\u00e4 l\u00e4htien.<\/p>\n","protected":false},"excerpt":{"rendered":"Anne Kukkohovi asui pitk\u00e4\u00e4n Suomessa, ennen kuin h\u00e4n p\u00e4\u00e4tti muuttaa saamansa mallisopimuksen per\u00e4ss\u00e4 Yhdysvaltoihin. Anne on kertonut kotinsa&hellip;\n","protected":false},"author":2,"featured_media":70115,"comment_status":"","ping_status":"","sticky":false,"template":"","format":"standard","meta":{"footnotes":""},"categories":[136],"tags":[15459,407,137,33,31,30,408,4343,1478,5995,12907,32,109],"class_list":{"0":"post-70114","1":"post","2":"type-post","3":"status-publish","4":"format-standard","5":"has-post-thumbnail","7":"category-julkkikset","8":"tag-anne-kukkohovi","9":"tag-celebrities","10":"tag-entertainment","11":"tag-fi","12":"tag-finland","13":"tag-finnish","14":"tag-julkkikset","15":"tag-los-angeles","16":"tag-matkailu","17":"tag-new-york","18":"tag-seiskan-matkavahti","19":"tag-suomi","20":"tag-viihde"},"share_on_mastodon":{"url":"https:\/\/pubeurope.com\/@fi\/115423295823906253","error":""},"_links":{"self":[{"href":"https:\/\/www.europesays.com\/fi\/wp-json\/wp\/v2\/posts\/70114","targetHints":{"allow":["GET"]}}],"collection":[{"href":"https:\/\/www.europesays.com\/fi\/wp-json\/wp\/v2\/posts"}],"about":[{"href":"https:\/\/www.europesays.com\/fi\/wp-json\/wp\/v2\/types\/post"}],"author":[{"embeddable":true,"href":"https:\/\/www.europesays.com\/fi\/wp-json\/wp\/v2\/users\/2"}],"replies":[{"embeddable":true,"href":"https:\/\/www.europesays.com\/fi\/wp-json\/wp\/v2\/comments?post=70114"}],"version-history":[{"count":0,"href":"https:\/\/www.europesays.com\/fi\/wp-json\/wp\/v2\/posts\/70114\/revisions"}],"wp:featuredmedia":[{"embeddable":true,"href":"https:\/\/www.europesays.com\/fi\/wp-json\/wp\/v2\/media\/70115"}],"wp:attachment":[{"href":"https:\/\/www.europesays.com\/fi\/wp-json\/wp\/v2\/media?parent=70114"}],"wp:term":[{"taxonomy":"category","embeddable":true,"href":"https:\/\/www.europesays.com\/fi\/wp-json\/wp\/v2\/categories?post=70114"},{"taxonomy":"post_tag","embeddable":true,"href":"https:\/\/www.europesays.com\/fi\/wp-json\/wp\/v2\/tags?post=70114"}],"curies":[{"name":"wp","href":"https:\/\/api.w.org\/{rel}","templated":true}]}}