{"id":70161,"date":"2025-10-23T12:45:10","date_gmt":"2025-10-23T12:45:10","guid":{"rendered":"https:\/\/www.europesays.com\/fi\/70161\/"},"modified":"2025-10-23T12:45:10","modified_gmt":"2025-10-23T12:45:10","slug":"analyysi-kiinan-media-kutsui-yhdysvaltoja-epaonnistuneeksi-valtioksi-ja-nyt-maalla-on-toimintasuunnitelma-ulkomaat","status":"publish","type":"post","link":"https:\/\/www.europesays.com\/fi\/70161\/","title":{"rendered":"Analyysi: Kiinan media kutsui Yhdysvaltoja \u201dep\u00e4onnistuneeksi valtioksi\u201d, ja nyt maalla on toimintasuunnitelma | Ulkomaat"},"content":{"rendered":"<p class=\"aw-1gybjub aw-5vja16 ghpEtB kjanFo yle__article__paragraph\">Kiinan viisivuotissuunnitelma on tiekartta maan kehitykselle vuoteen 2030 asti. Se vahvistaa presidentti Xi Jinpingin asemaa, kirjoittaa Aasian-kirjeenvaihtaja Olli-Pekka Sulasma.<\/p>\n<p><img decoding=\"async\" alt=\"Xi jinping pit\u00e4\u00e4 vasenta k\u00e4tt\u00e4\u00e4n puvun takin sis\u00e4ll\u00e4 puoliksi. \" src=\"https:\/\/www.europesays.com\/fi\/wp-content\/uploads\/2025\/10\/39-151526268b5264747efd.jpeg\" class=\"aw-1l9m598 hKVVvP\"\/><\/p>\n<p>Avaa kuvien katselu<\/p>\n<p>Kommunikean mukaan koko puolueen on hankittava syv\u00e4 ymm\u00e4rrys presidentti Xi Jinpingin keskeisen aseman merkitt\u00e4vyydest\u00e4. Kuva: Suo Takekuma \/ EPA<\/p>\n<p class=\"aw-1gybjub aw-1p7kakr ghpEtB jtovHP yle__article__paragraph\"><strong class=\"aw-ak79eh KyCXm yle__article__strong\">PEKING<\/strong> Kiinan pit\u00e4isi saavuttaa merkitt\u00e4v\u00e4sti laajempi omavaraisuus, voimistaa tiede- ja teknologia-alaa ja ohjata laadun kehitt\u00e4mist\u00e4 kasvattavia voimia.<\/p>\n<p class=\"aw-1gybjub aw-1p7kakr ghpEtB jtovHP yle__article__paragraph\">T\u00e4t\u00e4 ja paljon muuta Kiina tavoittelee presidentti <strong class=\"aw-ak79eh KyCXm yle__article__strong\">Xi Jinpingin<\/strong> johdolla uudella viisivuotissuunnitelmallaan, joka ulottuu seuraavan vuosikymmenen alkuun asti.<\/p>\n<p class=\"aw-1gybjub aw-1p7kakr ghpEtB jtovHP yle__article__paragraph\">Kommunistisen puolueen keskuskomitea p\u00e4\u00e4tti torstaina nelip\u00e4iv\u00e4isen kokouksensa, jonka aikana se ty\u00f6sti suunnitelman.<\/p>\n<p class=\"aw-1gybjub aw-1p7kakr ghpEtB jtovHP yle__article__paragraph\">Tekem\u00e4ll\u00e4 uusia l\u00e4pimurtoja Kiinan on mahdollista tehd\u00e4 entist\u00e4 syvemm\u00e4lle menevi\u00e4 uudistuksia ja parantaa ihmisten el\u00e4m\u00e4n tasoa, kokouksesta annettu tiedonanto toteaa.<\/p>\n<p class=\"aw-1gybjub aw-1p7kakr ghpEtB jtovHP yle__article__paragraph\"><strong class=\"aw-ak79eh KyCXm yle__article__strong\">T\u00e4rkeit\u00e4 ovat my\u00f6s<\/strong> vihre\u00e4 siirtym\u00e4, armeijan ja muiden kansalliseen turvallisuuteen liittyvien rakenteiden modernisointi.<\/p>\n<p><img decoding=\"async\" alt=\"Kiinan armeijan panssaroidut ajoneuvot osana sotilasparaatia Pekingiss\u00e4 Taivaallisen rauhan aukiolla. Taustalla n\u00e4kyy kansallisia rakennuksia ja punaisia lippuja liehuu kaikkialla.\" src=\"https:\/\/www.europesays.com\/fi\/wp-content\/uploads\/2025\/10\/39-151641768b7c506660a7.jpeg\" loading=\"lazy\" class=\"aw-1l9m598 hKVVvP\"\/><\/p>\n<p>Avaa kuvien katselu<\/p>\n<p>Kiina esitteli sotakalustoaan suuressa paraatissa Pekingiss\u00e4 syyskuussa 2025. Kuva: Andres Martinez Casares \/ EPA<\/p>\n<p class=\"aw-1gybjub aw-1p7kakr ghpEtB jtovHP yle__article__paragraph\">Kiinan armeijan kenraalikunta on muuttunut rajusti, kun presidentti on halunnut sen tiukemmin valvontaansa. Keskuskomitea ylensi nyt armeija korruption vastaista taistelua johtaneen <strong class=\"aw-ak79eh KyCXm yle__article__strong\">Zhang Shenmingin<\/strong> Xin johtaman keskussotilaskomission varapuheenjohtajaksi.<\/p>\n<p class=\"aw-1gybjub aw-1p7kakr ghpEtB jtovHP yle__article__paragraph\"><strong class=\"aw-ak79eh KyCXm yle__article__strong\">Suunnitelman on tarkoitus<\/strong> vastata Kiinan isoihin haasteisiin, joihin kauppasota Yhdysvaltain kanssa on tuonut oman lis\u00e4ns\u00e4.<\/p>\n<p class=\"aw-1gybjub aw-1p7kakr ghpEtB jtovHP yle__article__paragraph\">Kotimaassa riitt\u00e4\u00e4 teht\u00e4v\u00e4 alakuloisen kulutuskysynn\u00e4n, kiinteist\u00f6alan kriisin, ik\u00e4\u00e4ntyv\u00e4n v\u00e4est\u00f6n ja syntyvyyden laskun kanssa.<\/p>\n<p class=\"aw-1gybjub aw-1p7kakr ghpEtB jtovHP yle__article__paragraph\">\u2013 Meill\u00e4 on oltava rohkeutta kohdata kovia tuulia, ly\u00f6vi\u00e4 laineita ja raivoavia myrskyj\u00e4, kommunikea toteaa.<\/p>\n<p class=\"aw-1gybjub aw-1p7kakr ghpEtB jtovHP yle__article__paragraph\">Se toteaa, ett\u00e4 Kiinan on itse teht\u00e4v\u00e4 hyv\u00e4\u00e4 ty\u00f6t\u00e4 ja kirjoitettava uusi luku talouskasvun ja pitk\u00e4aikaisen yhteiskuntavakauden turvaamiseksi.<\/p>\n<p class=\"aw-1gybjub aw-1p7kakr ghpEtB jtovHP yle__article__paragraph\"><strong class=\"aw-ak79eh KyCXm yle__article__strong\">Suunnitelma siis ulottuu<\/strong> Yhdysvaltain presidentin Donald Trumpin koko virkakauden ajaksi ja v\u00e4h\u00e4n ylikin. Kiina ja Yhdysvallat k\u00e4yv\u00e4t perjantaista maanantaihin kauppaneuvotteluja Malesiassa Kaakkois-Aasian maiden yhteisty\u00f6j\u00e4rjest\u00f6n laajennetussa huippukokouksessa, jonne odotetaan sunnuntaina my\u00f6s Trumpia.<\/p>\n<p class=\"aw-1gybjub aw-1p7kakr ghpEtB jtovHP yle__article__paragraph\">Trumpin on m\u00e4\u00e4r\u00e4 tavata Xi Etel\u00e4-Koreassa ensi viikolla.<\/p>\n<p>Kiinan halu voimistaa omavaraisuutta teknologiassa tulee ohjaamaan investointeja muun muassa robotiikkaan, teko\u00e4lyyn ja puolijohteisiin.<\/p>\n<p class=\"aw-1gybjub aw-1p7kakr ghpEtB jtovHP yle__article__paragraph\">Viisivuotissuunnitelma vahvistaa edelleen Xin asemaa kotimaassa.<\/p>\n<p class=\"aw-1gybjub aw-1p7kakr ghpEtB jtovHP yle__article__paragraph\">Xi voi pelata pitk\u00e4\u00e4 peli\u00e4 vied\u00e4kseen Kiinaa kohti tavoitetta nousta maailman johtavaksi suurvallaksi. H\u00e4nen ei tarvitse mietti\u00e4 vaalikausia ja \u00e4\u00e4nest\u00e4jien k\u00e4ytt\u00e4ytymist\u00e4.<\/p>\n<p class=\"aw-1gybjub aw-1p7kakr ghpEtB jtovHP yle__article__paragraph\"><strong class=\"aw-ak79eh KyCXm yle__article__strong\">Suunnitelmasta julkaistusta tiedonannosta<\/strong> ei tietenk\u00e4\u00e4n suoraan k\u00e4y ilmi, mit\u00e4 Kiina ajattelee kilpailijastaan Yhdysvalloista. Sit\u00e4 selvemmin sen sanoo valtionmedia.<\/p>\n<p class=\"aw-1gybjub aw-1p7kakr ghpEtB jtovHP yle__article__paragraph\"><a class=\"aw-iao6s4 iHOxEa yle__article__link\" href=\"https:\/\/news.bjd.com.cn\/2025\/10\/21\/11363658.shtml\" role=\"link\" rel=\"nofollow noopener\" target=\"_blank\">Beijing Daily<\/a> -lehti k\u00e4ytti tiistaina Yhdysvalloista nimityst\u00e4 failed state eli Yhdysvallat on monin tavoin ep\u00e4onnistunut, toimintakyvyt\u00f6n valtio, joka kuolee sis\u00e4lt\u00e4 p\u00e4in.<\/p>\n<p class=\"aw-1gybjub aw-1p7kakr ghpEtB jtovHP yle__article__paragraph\">Lehti sanoo siteeraavansa arvioissaan presidentti Trumpia itse\u00e4\u00e4n.<\/p>\n<p class=\"aw-1gybjub aw-1p7kakr ghpEtB jtovHP yle__article__paragraph\">Beijing Daily.pit\u00e4\u00e4 merkkein\u00e4 toimintakyvytt\u00f6myydest\u00e4 Yhdysvaltain poliittista polarisaatiota, laajoja mielenosoituksia, pitk\u00e4\u00e4n jatkunutta liittovaltion hallinnon sulkua ja Trumpin kauppapolitiikkaa, joka lehden mukaan on \u201dj\u00e4lleen iskenyt p\u00e4in tavallisten amerikkalaisten naamaa\u201d.<\/p>\n<p class=\"aw-1gybjub aw-1p7kakr ghpEtB jtovHP yle__article__paragraph\">\u2013 Yhdysvaltain s\u00e4dekeh\u00e4 on vain kuvitelmaa, lehti kommentoi.<\/p>\n<p class=\"aw-1gybjub aw-1p7kakr ghpEtB jtovHP yle__article__paragraph\">Beijing Dailyn arvio valottaa luultavasti sit\u00e4, kuinka Kiina n\u00e4kee my\u00f6s Yhdysvaltain johdon.<\/p>\n<p class=\"aw-1gybjub aw-1p7kakr ghpEtB jtovHP yle__article__paragraph\">Ep\u00e4onnistunut ja toimintakyvyt\u00f6n.<\/p>\n","protected":false},"excerpt":{"rendered":"Kiinan viisivuotissuunnitelma on tiekartta maan kehitykselle vuoteen 2030 asti. Se vahvistaa presidentti Xi Jinpingin asemaa, kirjoittaa Aasian-kirjeenvaihtaja Olli-Pekka&hellip;\n","protected":false},"author":2,"featured_media":70162,"comment_status":"","ping_status":"","sticky":false,"template":"","format":"standard","meta":{"footnotes":""},"categories":[14],"tags":[22,23,585,26,27,33,31,30,17,510,1796,10093,24,25,28,29,15,18,21,32,19,20,56,16,15469,59,60,61,7744],"class_list":{"0":"post-70161","1":"post","2":"type-post","3":"status-publish","4":"format-standard","5":"has-post-thumbnail","7":"category-ulkomaat","8":"tag-breaking-news","9":"tag-breakingnews","10":"tag-donald-trump","11":"tag-featured-news","12":"tag-featurednews","13":"tag-fi","14":"tag-finland","15":"tag-finnish","16":"tag-headlines","17":"tag-kiina","18":"tag-kiinan-kommunistinen-puolue","19":"tag-kiinan-talous","20":"tag-latest-news","21":"tag-latestnews","22":"tag-main-news","23":"tag-mainnews","24":"tag-news","25":"tag-otsikot","26":"tag-paauutiset","27":"tag-suomi","28":"tag-top-stories","29":"tag-topstories","30":"tag-ulkomaat","31":"tag-uutiset","32":"tag-viisivuotissuunnitelma","33":"tag-world","34":"tag-world-news","35":"tag-worldnews","36":"tag-xi-jinping"},"share_on_mastodon":{"url":"https:\/\/pubeurope.com\/@fi\/115423551562038398","error":""},"_links":{"self":[{"href":"https:\/\/www.europesays.com\/fi\/wp-json\/wp\/v2\/posts\/70161","targetHints":{"allow":["GET"]}}],"collection":[{"href":"https:\/\/www.europesays.com\/fi\/wp-json\/wp\/v2\/posts"}],"about":[{"href":"https:\/\/www.europesays.com\/fi\/wp-json\/wp\/v2\/types\/post"}],"author":[{"embeddable":true,"href":"https:\/\/www.europesays.com\/fi\/wp-json\/wp\/v2\/users\/2"}],"replies":[{"embeddable":true,"href":"https:\/\/www.europesays.com\/fi\/wp-json\/wp\/v2\/comments?post=70161"}],"version-history":[{"count":0,"href":"https:\/\/www.europesays.com\/fi\/wp-json\/wp\/v2\/posts\/70161\/revisions"}],"wp:featuredmedia":[{"embeddable":true,"href":"https:\/\/www.europesays.com\/fi\/wp-json\/wp\/v2\/media\/70162"}],"wp:attachment":[{"href":"https:\/\/www.europesays.com\/fi\/wp-json\/wp\/v2\/media?parent=70161"}],"wp:term":[{"taxonomy":"category","embeddable":true,"href":"https:\/\/www.europesays.com\/fi\/wp-json\/wp\/v2\/categories?post=70161"},{"taxonomy":"post_tag","embeddable":true,"href":"https:\/\/www.europesays.com\/fi\/wp-json\/wp\/v2\/tags?post=70161"}],"curies":[{"name":"wp","href":"https:\/\/api.w.org\/{rel}","templated":true}]}}