{"id":70250,"date":"2025-10-23T14:52:15","date_gmt":"2025-10-23T14:52:15","guid":{"rendered":"https:\/\/www.europesays.com\/fi\/70250\/"},"modified":"2025-10-23T14:52:15","modified_gmt":"2025-10-23T14:52:15","slug":"riitu-ja-lempi-tuoreimmat-susien-uhrit-riitusta-jai-jaljelle-vain-karvatuppoja-ja-purtu-panta-metsa","status":"publish","type":"post","link":"https:\/\/www.europesays.com\/fi\/70250\/","title":{"rendered":"Riitu ja Lempi tuoreimmat susien uhrit \u2013 Riitusta j\u00e4i j\u00e4ljelle vain karvatuppoja ja purtu panta &#8211; Mets\u00e4"},"content":{"rendered":"<p>Kankaanp\u00e4\u00e4ss\u00e4 ja Rautj\u00e4rvell\u00e4 surraan mets\u00e4styskoiria, jotka susi tai sudet tappoivat kesken mets\u00e4styksen. <\/p>\n<p><a class=\"ArticleImage_imageContainer__e0EST\" href=\"https:\/\/www.europesays.com\/fi\/wp-content\/uploads\/2025\/10\/JV9uvQHtmITLaIHS2D4ZGIfP0WI.jpg\"><img decoding=\"async\" src=\"https:\/\/www.europesays.com\/fi\/wp-content\/uploads\/2025\/10\/JV9uvQHtmITLaIHS2D4ZGIfP0WI.jpg\" alt=\"Riitu-koirasta j\u00e4i j\u00e4ljelle vain karvoja.\" loading=\"lazy\"\/><\/a><\/p>\n<p>Riitu-koirasta j\u00e4i j\u00e4ljelle vain karvoja.\u00a0Kuva: Toni Tunturi<\/p>\n<p class=\"RichTextParagraph_richTextParagraph__Wxs3t undefined\">Susi hy\u00f6kk\u00e4si hirvenj\u00e4ljill\u00e4 olleen harmaan norjanhirvikoira Riitun kimppuun ja repi uhrinsa kappaleiksi Satakunnan Kankaanp\u00e4\u00e4ss\u00e4 19. lokakuuta. Koirasta ei ollut l\u00f6yt\u00f6paikalla j\u00e4ljell\u00e4 kuin rippeet, jotka olisivat omistajan mukaan mahtuneet taskuun.<\/p>\n<p class=\"RichTextParagraph_richTextParagraph__Wxs3t undefined\">Suomenajokoira Lempi puolestaan joutui hy\u00f6kk\u00e4yksen kohteeksi tiistaina 21. lokakuuta Rautj\u00e4rvell\u00e4. Pahasti purtu ajokoira lopetettiin el\u00e4inklinikalla.<\/p>\n<p class=\"RichTextParagraph_richTextParagraph__Wxs3t undefined\">Hy\u00f6kk\u00e4ys j\u00e4nisajossa olleen Lempin kimppuun tapahtui l\u00e4hestulkoon talon pihassa V\u00e4\u00e4r\u00e4m\u00e4en kyl\u00e4ll\u00e4.<\/p>\n<p class=\"RichTextParagraph_richTextParagraph__Wxs3t undefined\">\u201dTapahtumapaikka oli kuusikossa vain 50 metrin p\u00e4\u00e4ss\u00e4 asutusta talosta. L\u00e4himm\u00e4t piharakennukset olivat vain parinkymmenen metrin p\u00e4\u00e4ss\u00e4 hy\u00f6kk\u00e4yspaikasta\u201d, koiran omistaja kertoo.<\/p>\n<p class=\"RichTextParagraph_richTextParagraph__Wxs3t undefined\">Tapauksista kertoi Mets\u00e4st\u00e4j\u00e4liitto.<\/p>\n","protected":false},"excerpt":{"rendered":"Kankaanp\u00e4\u00e4ss\u00e4 ja Rautj\u00e4rvell\u00e4 surraan mets\u00e4styskoiria, jotka susi tai sudet tappoivat kesken mets\u00e4styksen. Riitu-koirasta j\u00e4i j\u00e4ljelle vain karvoja.\u00a0Kuva: Toni&hellip;\n","protected":false},"author":2,"featured_media":70251,"comment_status":"","ping_status":"","sticky":false,"template":"","format":"standard","meta":{"footnotes":""},"categories":[112],"tags":[33,31,30,118,32,119],"class_list":{"0":"post-70250","1":"post","2":"type-post","3":"status-publish","4":"format-standard","5":"has-post-thumbnail","7":"category-tiede","8":"tag-fi","9":"tag-finland","10":"tag-finnish","11":"tag-science","12":"tag-suomi","13":"tag-tiede"},"share_on_mastodon":{"url":"https:\/\/pubeurope.com\/@fi\/115424050890506485","error":""},"_links":{"self":[{"href":"https:\/\/www.europesays.com\/fi\/wp-json\/wp\/v2\/posts\/70250","targetHints":{"allow":["GET"]}}],"collection":[{"href":"https:\/\/www.europesays.com\/fi\/wp-json\/wp\/v2\/posts"}],"about":[{"href":"https:\/\/www.europesays.com\/fi\/wp-json\/wp\/v2\/types\/post"}],"author":[{"embeddable":true,"href":"https:\/\/www.europesays.com\/fi\/wp-json\/wp\/v2\/users\/2"}],"replies":[{"embeddable":true,"href":"https:\/\/www.europesays.com\/fi\/wp-json\/wp\/v2\/comments?post=70250"}],"version-history":[{"count":0,"href":"https:\/\/www.europesays.com\/fi\/wp-json\/wp\/v2\/posts\/70250\/revisions"}],"wp:featuredmedia":[{"embeddable":true,"href":"https:\/\/www.europesays.com\/fi\/wp-json\/wp\/v2\/media\/70251"}],"wp:attachment":[{"href":"https:\/\/www.europesays.com\/fi\/wp-json\/wp\/v2\/media?parent=70250"}],"wp:term":[{"taxonomy":"category","embeddable":true,"href":"https:\/\/www.europesays.com\/fi\/wp-json\/wp\/v2\/categories?post=70250"},{"taxonomy":"post_tag","embeddable":true,"href":"https:\/\/www.europesays.com\/fi\/wp-json\/wp\/v2\/tags?post=70250"}],"curies":[{"name":"wp","href":"https:\/\/api.w.org\/{rel}","templated":true}]}}