{"id":70297,"date":"2025-10-23T16:01:08","date_gmt":"2025-10-23T16:01:08","guid":{"rendered":"https:\/\/www.europesays.com\/fi\/70297\/"},"modified":"2025-10-23T16:01:08","modified_gmt":"2025-10-23T16:01:08","slug":"nisa-sorayan-ikoninen-1980-luvun-video-leviaa-instagramissa-kasaritahti-kommentoi-itse","status":"publish","type":"post","link":"https:\/\/www.europesays.com\/fi\/70297\/","title":{"rendered":"Nisa Sorayan ikoninen 1980-luvun video levi\u00e4\u00e4 Instagramissa \u2013 Kasarit\u00e4hti kommentoi itse"},"content":{"rendered":"<p>            ATTE KAJOVA\n        <\/p>\n<p class=\"subtitle \">Kasarit\u00e4hti osoittautuu humoristiksi. 40 vuotta t\u00e4ytt\u00e4nyt video n\u00e4ytt\u00e4\u00e4, millaista olisi hiphop, jos se suunniteltaisiin maakuntaviraston komiteaty\u00f6n\u00e4.<\/p>\n<p class=\"article-content article-content-width !bg-background\"> oli parikymppinen, kun h\u00e4n saapui Suomeen 1980.<\/p>\n<p class=\"font-weight-bold m-font-weight-bold article-content article-content-width !bg-background\">Arkistovideo: Nisan Drag-t\u00e4hdet nelj\u00e4n vuoden takaa<\/p>\n<p class=\"article-content article-content-width !bg-background\">Singaporelaisb\u00e4ndin kanssa maailmaa kiert\u00e4nyt Nisa oli syntynyt briteiss\u00e4, mutta muuttanut Ranskan Singaporeen. Suomeen h\u00e4n tuli laulu-uraa tekem\u00e4\u00e4n ja p\u00e4\u00e4tyi yhteisty\u00f6h\u00f6n  ja t\u00e4m\u00e4n b\u00e4ndin kanssa.<\/p>\n<p class=\"article-content article-content-width !bg-background\">Yhteisty\u00f6 Markun kanssa syveni my\u00f6s suhteeksi.<\/p>\n<p>Mennyt maailma<\/p>\n<p class=\"article-content article-content-width !bg-background\">Ajoitus Nisan musamarkkinoille tulossa oli ja ei ollut kohdallaan.\u00a0<\/p>\n<p class=\"article-content article-content-width !bg-background\">1980-luvun alun Suomi seisoi musiikkimarkkinoilla tukevasti kahdessa maailmassa.<\/p>\n<p class=\"article-content article-content-width !bg-background\">Sek\u00e4 tanssimusiikki ett\u00e4 iskelm\u00e4 olivat voimatekij\u00f6it\u00e4, ja ymp\u00e4rill\u00e4 alkoi poreilla kunnolla my\u00f6s nuorisomusiikissa. Lis\u00e4ksi Suomi oli todella kaukana kansainv\u00e4lisest\u00e4 maasta.<\/p>\n<p class=\"article-content article-content-width !bg-background\">V\u00e4hint\u00e4\u00e4n kolme eri aikakautta ja tyyli\u00e4 t\u00f6rm\u00e4si samaan aikaan Euroopan perukoille. Uudet avaukset n\u00e4ytt\u00e4v\u00e4t tilanteessa v\u00e4ist\u00e4m\u00e4tt\u00e4 k\u00f6mpel\u00f6ilt\u00e4 ja p\u00e4\u00e4lleliimatuilta.<\/p>\n<p class=\"article-content article-content-width !bg-background\">T\u00e4ll\u00e4 taustoituksella on helppo ymm\u00e4rt\u00e4\u00e4, miksi juuri tuo vuosikymmen n\u00e4ytt\u00e4ytyy nykysilmin tavattoman usein tahattoman koomiselta. Nisaa t\u00e4m\u00e4 ei kuitenkaan haittaa.<\/p>\n<p>Huippuvideo levi\u00e4\u00e4<\/p>\n<p class=\"article-content article-content-width !bg-background\">Instagram-tili <a href=\"https:\/\/www.instagram.com\/suomi_musiikki\/\" target=\"_blank\" rel=\"nofollow noopener\">Suomi_musiikki<\/a> iskee retroilufanien makuhermoon ja hy\u00f6dynt\u00e4\u00e4 nykykatseen taipumusta n\u00e4hd\u00e4 menneisyys koomisena.<\/p>\n<p>        <a itemprop=\"url\" href=\"https:\/\/www.seiska.fi\/kotimaa\/kanaria-hurmasi-nisa-sorayan-jo-1990-luvulla-lue-laulajan-matkavinkit\/1149233\" rel=\"nofollow noopener\" target=\"_blank\"><\/p>\n<p class=\"section-date\">\n        <strong class=\"article-section\" data-section=\"kotimaa\"><br \/>\n            kotimaa<br \/>\n        <\/strong><br \/>\n        1.10.2023 20:30\n    <\/p>\n<p>Kanaria hurmasi Nisa Sorayan jo 1990-luvulla \u2013 lue laulajan matkavinkit\n    <\/p>\n<p itemprop=\"description\" class=\"subtitle \">\n    Laulajal\u00e4hti Gran Canarialle 30 vuotta sitten ja j\u00e4i sille tielleen.\n<\/p>\n<p>        <\/a><\/p>\n<p class=\"article-content article-content-width !bg-background\">Nisan vuoden 1985 kappale Anna rakas raju hetki on saanut videokseen aikakautensa tyylipuhtaan tuotteen. Abstrakteissa, vain lavasteiden n\u00e4k\u00f6iseksi rakennetuissa lavasteissa Nisa laulaa kappalettaan huulisynkassa, tanssii ja taustalla on kolme muuta tanssijaa.<\/p>\n<p class=\"article-content article-content-width !bg-background\">Puvustus on kuvausajankohdan nuorisomuotia y\u00f6puvun ja college-asun risteytyksineen, kampaukset kuohkeampia kuin mummon kermakakku ja koreografia n\u00e4ytt\u00e4\u00e4 pahimmillaan yl\u00e4asteen jumppatunnin komitean suunnittelemien hiphop-liikkeiden risteytykselt\u00e4.<\/p>\n<p class=\"article-content article-content-width !bg-background\">Biisi on  ja  k\u00e4sialaa. Kev\u00e4\u00e4n s\u00e4veleen osallistunut kappale sai jumbosijan, mutta katsojat pitiv\u00e4t, ja laulu on j\u00e4\u00e4nyt el\u00e4m\u00e4\u00e4n.<\/p>\n<p class=\"article-content article-content-width !bg-background\">Kappale on nyky\u00e4\u00e4n tunnetumpi toisen esitt\u00e4j\u00e4n, , hittin\u00e4 vain nelj\u00e4 vuotta my\u00f6hemmin.\u00a0Silloin musiikkimaailma oli jo kovin toisenlainen. Kikalle kappale istui vihjailevan sanoituksensa puolesta, ja h\u00e4nen niin ik\u00e4\u00e4n hyvin persoonallinen koreografiansa on vain lis\u00e4nnyt Villin sek\u00e4 rajun hetken nostalgia-arvoa.<\/p>\n<p>Nisa on kommenttikent\u00e4n kuningatar<\/p>\n<p class=\"article-content article-content-width !bg-background\">Kev\u00e4\u00e4n s\u00e4veless\u00e4 nauhoitetun videon kommenttikentt\u00e4 Instagramissa on silmi\u00e4 avaavaa luettavaa, sill\u00e4 Nisa itse on k\u00e4ynyt osallistumassa keskusteluun.<\/p>\n<p>        <a itemprop=\"url\" href=\"https:\/\/www.seiska.fi\/kotimaa\/markku-aro-ei-aio-tuoda-25-vuotta-nuorempaa-puolisoaan-julkisuuteen-liitto-kestanyt-jo-11-vuotta\/1107943\" rel=\"nofollow noopener\" target=\"_blank\"><\/p>\n<p class=\"section-date\">\n        <strong class=\"article-section\" data-section=\"kotimaa\"><br \/>\n            kotimaa<br \/>\n        <\/strong><br \/>\n        13.8.2023 17:00\n    <\/p>\n<p>Markku Aro ei aio tuoda 25 vuotta nuorempaa puolisoaan julkisuuteen \u2013 liitto kest\u00e4nyt jo 11 vuotta\n    <\/p>\n<p itemprop=\"description\" class=\"subtitle \">\n    Markku Aro toteaa, ett\u00e4 viihdemaailmassa useat avioliitot ovat yleisi\u00e4. \u2013 Viihdemaailma tarjoaa mahdollisuuksia, joista ei aina pysty valitsemaan oikein.\n<\/p>\n<p>        <\/a><\/p>\n<p class=\"article-content article-content-width !bg-background\">Videoiden naureskeluun h\u00e4n suhtautuu rennosti ja jakaa auliisti lis\u00e4\u00e4 ajankuvaa.<\/p>\n<p class=\"article-content article-content-width !bg-background\">Asuja hekottelevassa keskustelussa Nisa kertoo vaatteiden olevan sen hetken ykk\u00f6svaatekaupasta Micmacista, josta ylip\u00e4\u00e4t\u00e4\u00e4n esiintyj\u00e4t hakivat kasarin puoliv\u00e4lin garderoobiinsa t\u00e4ytett\u00e4.<\/p>\n<p class=\"article-content article-content-width !bg-background\">\u2013 Toivottavasti koreografi on sittemmin l\u00f6yt\u00e4nyt muita t\u00f6it\u00e4, yksi kommentti kuuluu.<\/p>\n<p class=\"article-content article-content-width !bg-background\">Nisa vastaa napakasti ja nauraa itselleen.<\/p>\n<p>        <a itemprop=\"url\" href=\"https:\/\/www.seiska.fi\/kotimaa\/nisa-soraya-virheestaan-sain-burn-outin-ja-menin-hatapaissani-naimisiin\/1066299\" rel=\"nofollow noopener\" target=\"_blank\"><\/p>\n<p class=\"section-date\">\n        <strong class=\"article-section\" data-section=\"kotimaa\"><br \/>\n            kotimaa<br \/>\n        <\/strong><br \/>\n        28.6.2023 07:00\n    <\/p>\n<p>Nisa Soraya virheest\u00e4\u00e4n: Sain burn outin ja menin h\u00e4t\u00e4p\u00e4iss\u00e4ni naimisiin\n    <\/p>\n<p itemprop=\"description\" class=\"subtitle \">\n    Kasarii-musiikkivideon julkkist\u00e4hdet muistelevat 1980-lukua.\n<\/p>\n<p>        <\/a><\/p>\n<p class=\"article-content article-content-width !bg-background\">\u2013 Koreografi asuu Los Angelesissa ja koreografoi mm  showt. Se ei ollut h\u00e4nen vika ett\u00e4 mun Break Dance esitys oli hirve\u00e4, Nisa kirjoittaa ja lis\u00e4\u00e4 rivin itkunauruhymi\u00f6it\u00e4 per\u00e4\u00e4n.<\/p>\n<p class=\"article-content article-content-width !bg-background\">\u2013 Nuo taustatanssijat toi mieleen alakoulun kev\u00e4tjuhlat. Mutta t\u00e4\u00e4 on mun lempip\u00e4tki\u00e4 internetiss\u00e4, ei siis pahalla! <\/p>\n<p>        <a itemprop=\"url\" href=\"https:\/\/www.seiska.fi\/kotimaa\/kasaritahti-nisa-soraya-on-taas-sinkku-suhde-plastiikkakirurgiin-paattyi\/1066159\" rel=\"nofollow noopener\" target=\"_blank\"><\/p>\n<p class=\"section-date\">\n        <strong class=\"article-section\" data-section=\"kotimaa\"><br \/>\n            kotimaa<br \/>\n        <\/strong><br \/>\n        25.6.2023 15:00\n    <\/p>\n<p>Kasarit\u00e4hti Nisa Soraya on taas sinkku \u2013 suhde plastiikkakirurgiin p\u00e4\u00e4ttyi\n    <\/p>\n<p itemprop=\"description\" class=\"subtitle \">\n    Nisa on ollut julkisuudessa uransa alusta asti ja oltuaan avoliitossa laulaja Markku Aron kanssa.\n<\/p>\n<p>        <\/a><\/p>\n<p class=\"article-content article-content-width !bg-background\">\u2013\u00a0Miettik\u00e4\u00e4, n\u00e4\u00e4 tanssijat on todenn\u00e4k\u00f6isesti joidenkin nykyisten tiktok-teinien iso\u00e4itej\u00e4!<\/p>\n<p class=\"article-content article-content-width !bg-background\">Nisa arvelee koreografian olevan juuri se syy, miksi video on Youtubessa saanut yli miljoona katselukertaa.\u00a0My\u00f6s siell\u00e4 h\u00e4n on k\u00e4ynyt kiitt\u00e4m\u00e4ss\u00e4 katsojia ja kertoo olevansa iloinen, ett\u00e4 video on tuonut niin monelle nauruhetki\u00e4.<\/p>\n<p>        <a itemprop=\"url\" href=\"https:\/\/www.seiska.fi\/kotimaa\/nisa-soraya-palasi-kasarin-riemuihin-julkkiskaunottaret-tahdittavat-uutta-musiikkivideota\/1066122\" rel=\"nofollow noopener\" target=\"_blank\"><\/p>\n<p class=\"section-date\">\n        <strong class=\"article-section\" data-section=\"kotimaa\"><br \/>\n            kotimaa<br \/>\n        <\/strong><br \/>\n        24.6.2023 21:00\n    <\/p>\n<p>Nisa Soraya palasi kasarin riemuihin \u2013 julkkiskaunottaret t\u00e4hditt\u00e4v\u00e4t uutta musiikkivideota\n    <\/p>\n<p itemprop=\"description\" class=\"subtitle \">\n    Seiska oli seuraamassa vuoden nostalgisimman kes\u00e4hitin Kasarii videokuvauksia.\n<\/p>\n<p>        <\/a><\/p>\n<p><script async src=\"\/\/www.instagram.com\/embed.js\"><\/script><\/p>\n","protected":false},"excerpt":{"rendered":"ATTE KAJOVA Kasarit\u00e4hti osoittautuu humoristiksi. 40 vuotta t\u00e4ytt\u00e4nyt video n\u00e4ytt\u00e4\u00e4, millaista olisi hiphop, jos se suunniteltaisiin maakuntaviraston komiteaty\u00f6n\u00e4.&hellip;\n","protected":false},"author":2,"featured_media":70298,"comment_status":"","ping_status":"","sticky":false,"template":"","format":"standard","meta":{"footnotes":""},"categories":[136],"tags":[5133,15494,15493,14213,407,137,33,31,30,15492,408,7991,15491,15490,212,5376,15497,15496,32,15495,109],"class_list":{"0":"post-70297","1":"post","2":"type-post","3":"status-publish","4":"format-standard","5":"has-post-thumbnail","7":"category-julkkikset","8":"tag-1980-luku","9":"tag-1980-luvun-kulttuuri","10":"tag-15493","11":"tag-80-luku","12":"tag-celebrities","13":"tag-entertainment","14":"tag-fi","15":"tag-finland","16":"tag-finnish","17":"tag-hip-hop","18":"tag-julkkikset","19":"tag-kasari","20":"tag-koreografi","21":"tag-koreografia","22":"tag-lifestyle","23":"tag-markku-aro","24":"tag-nisa-soraya","25":"tag-retro","26":"tag-suomi","27":"tag-tanssivideo","28":"tag-viihde"},"share_on_mastodon":{"url":"https:\/\/pubeurope.com\/@fi\/115424322055599858","error":""},"_links":{"self":[{"href":"https:\/\/www.europesays.com\/fi\/wp-json\/wp\/v2\/posts\/70297","targetHints":{"allow":["GET"]}}],"collection":[{"href":"https:\/\/www.europesays.com\/fi\/wp-json\/wp\/v2\/posts"}],"about":[{"href":"https:\/\/www.europesays.com\/fi\/wp-json\/wp\/v2\/types\/post"}],"author":[{"embeddable":true,"href":"https:\/\/www.europesays.com\/fi\/wp-json\/wp\/v2\/users\/2"}],"replies":[{"embeddable":true,"href":"https:\/\/www.europesays.com\/fi\/wp-json\/wp\/v2\/comments?post=70297"}],"version-history":[{"count":0,"href":"https:\/\/www.europesays.com\/fi\/wp-json\/wp\/v2\/posts\/70297\/revisions"}],"wp:featuredmedia":[{"embeddable":true,"href":"https:\/\/www.europesays.com\/fi\/wp-json\/wp\/v2\/media\/70298"}],"wp:attachment":[{"href":"https:\/\/www.europesays.com\/fi\/wp-json\/wp\/v2\/media?parent=70297"}],"wp:term":[{"taxonomy":"category","embeddable":true,"href":"https:\/\/www.europesays.com\/fi\/wp-json\/wp\/v2\/categories?post=70297"},{"taxonomy":"post_tag","embeddable":true,"href":"https:\/\/www.europesays.com\/fi\/wp-json\/wp\/v2\/tags?post=70297"}],"curies":[{"name":"wp","href":"https:\/\/api.w.org\/{rel}","templated":true}]}}