{"id":70316,"date":"2025-10-23T16:19:07","date_gmt":"2025-10-23T16:19:07","guid":{"rendered":"https:\/\/www.europesays.com\/fi\/70316\/"},"modified":"2025-10-23T16:19:07","modified_gmt":"2025-10-23T16:19:07","slug":"epaonnistuminen-on-ihmisen-kyvyista-aliarvostetuin-sanoo-tahtitieteen-emeritusprofessori-esko-valtaoja-paijat-hame","status":"publish","type":"post","link":"https:\/\/www.europesays.com\/fi\/70316\/","title":{"rendered":"Ep\u00e4onnistuminen on ihmisen kyvyist\u00e4 aliarvostetuin, sanoo t\u00e4htitieteen emeritusprofessori Esko Valtaoja | P\u00e4ij\u00e4t-H\u00e4me"},"content":{"rendered":"<p>Valtaoja kirjoitti Googleen hakusanan \u201dvanhat hyv\u00e4t ajat\u201d. Se tuotti 36\u2009200 osumaa. \u201dTulevat hyv\u00e4t ajat\u201d antoi 42 osumaa.<\/p>\n<p>T\u00e4htitieteen emeritusprofessori <strong>Esko Valtaoja<\/strong> on oman aikansa radikaali. Valtaoja nimitt\u00e4in kehottaa: Kun seuraavan kerran mokaat, \u00e4l\u00e4 h\u00e4pe\u00e4 \u00e4l\u00e4k\u00e4 surkuttele vaan totea: Tulipa tehty\u00e4 jotain, mihin mik\u00e4\u00e4n muu laji ei pysty! Nyt annetaan totisesti piutpaut h\u00e4pe\u00e4lle ja korvapuusti Instagram-kelpoiselle virheett\u00f6m\u00e4lle el\u00e4m\u00e4lle.<\/p>\n","protected":false},"excerpt":{"rendered":"Valtaoja kirjoitti Googleen hakusanan \u201dvanhat hyv\u00e4t ajat\u201d. Se tuotti 36\u2009200 osumaa. \u201dTulevat hyv\u00e4t ajat\u201d antoi 42 osumaa. T\u00e4htitieteen&hellip;\n","protected":false},"author":2,"featured_media":70317,"comment_status":"","ping_status":"","sticky":false,"template":"","format":"standard","meta":{"footnotes":""},"categories":[114],"tags":[453,15503,33,31,30,104,440,1776,4071,72,15504,118,452,32,119],"class_list":{"0":"post-70316","1":"post","2":"type-post","3":"status-publish","4":"format-standard","5":"has-post-thumbnail","7":"category-avaruus","8":"tag-avaruus","9":"tag-esko-valtaoja","10":"tag-fi","11":"tag-finland","12":"tag-finnish","13":"tag-helsinki","14":"tag-ihmiset","15":"tag-ilmastonmuutos","16":"tag-joutsa","17":"tag-luonto","18":"tag-professori","19":"tag-science","20":"tag-space","21":"tag-suomi","22":"tag-tiede"},"share_on_mastodon":{"url":"https:\/\/pubeurope.com\/@fi\/115424393145283435","error":""},"_links":{"self":[{"href":"https:\/\/www.europesays.com\/fi\/wp-json\/wp\/v2\/posts\/70316","targetHints":{"allow":["GET"]}}],"collection":[{"href":"https:\/\/www.europesays.com\/fi\/wp-json\/wp\/v2\/posts"}],"about":[{"href":"https:\/\/www.europesays.com\/fi\/wp-json\/wp\/v2\/types\/post"}],"author":[{"embeddable":true,"href":"https:\/\/www.europesays.com\/fi\/wp-json\/wp\/v2\/users\/2"}],"replies":[{"embeddable":true,"href":"https:\/\/www.europesays.com\/fi\/wp-json\/wp\/v2\/comments?post=70316"}],"version-history":[{"count":0,"href":"https:\/\/www.europesays.com\/fi\/wp-json\/wp\/v2\/posts\/70316\/revisions"}],"wp:featuredmedia":[{"embeddable":true,"href":"https:\/\/www.europesays.com\/fi\/wp-json\/wp\/v2\/media\/70317"}],"wp:attachment":[{"href":"https:\/\/www.europesays.com\/fi\/wp-json\/wp\/v2\/media?parent=70316"}],"wp:term":[{"taxonomy":"category","embeddable":true,"href":"https:\/\/www.europesays.com\/fi\/wp-json\/wp\/v2\/categories?post=70316"},{"taxonomy":"post_tag","embeddable":true,"href":"https:\/\/www.europesays.com\/fi\/wp-json\/wp\/v2\/tags?post=70316"}],"curies":[{"name":"wp","href":"https:\/\/api.w.org\/{rel}","templated":true}]}}