{"id":70354,"date":"2025-10-23T17:05:09","date_gmt":"2025-10-23T17:05:09","guid":{"rendered":"https:\/\/www.europesays.com\/fi\/70354\/"},"modified":"2025-10-23T17:05:09","modified_gmt":"2025-10-23T17:05:09","slug":"stubb-arvioi-trumpin-ja-putinin-valeja-kiristyneiksi","status":"publish","type":"post","link":"https:\/\/www.europesays.com\/fi\/70354\/","title":{"rendered":"Stubb arvioi Trumpin ja Putinin v\u00e4lej\u00e4 kiristyneiksi"},"content":{"rendered":"<p>Presidentti Etel\u00e4-Pohjanmaalla|Eurooppa on p\u00e4\u00e4ssyt Ukrainan turvatakuissa maaliin, mutta Yhdysvalloilla on viel\u00e4 tekemist\u00e4, Stubb arvioi. Trump ei vaikuta olevan Stubbin mukaan tyytyv\u00e4inen Putinin lupauksiin Ukrainan sodasta.<\/p>\n<p class=\"article-body mb-nof-24 px-nof-16\">Porkkana ja keppi. Ne ovat tasavallan presidentti <a class=\"article-personlink\" href=\"https:\/\/www.hs.fi\/haku\/?query=Alexander%20Stubbin\" rel=\"nofollow noopener\" target=\"_blank\">Alexander Stubbin<\/a> arvion mukaan Yhdysvaltain presidentti <a class=\"article-personlink\" href=\"https:\/\/www.hs.fi\/haku\/?query=Donald%20Trumpin\" rel=\"nofollow noopener\" target=\"_blank\">Donald Trumpin<\/a> kaksi neuvottelutapaa.<\/p>\n<p class=\"article-body mb-nof-24 px-nof-16\">\u201cNyt ollaan kepin puolella aika vahvasti\u201d, Stubb sanoo Etel\u00e4-Pohjanmaalla tiedotustilaisuudessa.<\/p>\n<p class=\"article-body mb-nof-24 px-nof-16\">Yhdysvallat kertoi kohdistavansa pakotteita ven\u00e4l\u00e4isiin \u00f6ljy-yhti\u00f6ihin Lukoiliin ja Rosneftiin. Tiistaina Trump ilmoitti, ett\u00e4 h\u00e4n ei aio tavata Ven\u00e4j\u00e4n presidentti <a class=\"article-personlink\" href=\"https:\/\/www.hs.fi\/haku\/?query=Vladimir%20Putinia\" rel=\"nofollow noopener\" target=\"_blank\">Vladimir Putinia <\/a>turhaan. Presidenttien oli m\u00e4\u00e4r\u00e4 tavata l\u00e4hiviikkoina Budapestissa.<\/p>\n<p class=\"article-body mb-nof-24 px-nof-16\">Stubb arvioi uutisten kertovan siit\u00e4, ett\u00e4 Trump ei ole tyytyv\u00e4inen Putinin lupauksiin Ukrainan sodasta. Trump ja Putin keskustelivat puhelimitse viime torstaina.<\/p>\n<p class=\"article-body mb-nof-24 px-nof-16\">\u201cH\u00e4n [Trump] j\u00e4i siihen k\u00e4sitykseen, ett\u00e4 syntyy tulitauko ja se tehd\u00e4\u00e4n kontaktilinjalta.\u201d<\/p>\n<p class=\"article-body mb-nof-24 px-nof-16\">Stubbin mukaan Ven\u00e4j\u00e4 on kuitenkin v\u00e4litt\u00e4nyt ulkoministeritasolla Yhdysvaltoihin viesti\u00e4, ett\u00e4 \u201cei se n\u00e4in ollutkaan\u201d. Se on aiheuttanut vahvan vastareaktion Trumpissa.<\/p>\n<p class=\"article-body mb-nof-24 px-nof-16\">Yhdysvaltain ulkoministeri <a class=\"article-personlink\" href=\"https:\/\/www.hs.fi\/haku\/?query=Marco%20Rubio\" rel=\"nofollow noopener\" target=\"_blank\">Marco Rubio<\/a> keskusteli Ven\u00e4j\u00e4n ulkoministeri <a class=\"article-personlink\" href=\"https:\/\/www.hs.fi\/haku\/?query=Sergei%20Lavrovin\" rel=\"nofollow noopener\" target=\"_blank\">Sergei Lavrovin<\/a> kanssa maanantaina puhelimessa.<\/p>\n<p class=\"article-body mb-nof-24 px-nof-16\">Trumpin ja Ukrainan presidentti <a class=\"article-personlink\" href=\"https:\/\/www.hs.fi\/haku\/?query=Volodymyr%20Zelenskyi\" rel=\"nofollow noopener\" target=\"_blank\">Volodymyr Zelenskyi<\/a> viime perjantaisen tapaamisen j\u00e4lkeen Financial Times uutisoi, ett\u00e4 kohtaaminen olisi yltynyt huutamiseksi ja kiroiluksi. Lehden mukaan Trump yritti saada Zelenskyin suostumaan Ven\u00e4j\u00e4n ehtoihin, jotta sota saataisiin lopetettua.<\/p>\n<p class=\"article-body mb-nof-24 px-nof-16\">Kuvaukset kuulostavat v\u00e4rittyneilt\u00e4, Stubb sanoo. H\u00e4n kertoo keskustelleensa puhelimitse Zelenskyin kanssa tapaamisen j\u00e4lkeen.<\/p>\n<p class=\"article-body mb-nof-24 px-nof-16\">\u201cZelenskyi ei meille mit\u00e4\u00e4n normaalista kokouksesta poikkeavaa ilmoittanut\u201d, Stubb sanoo<\/p>\n<p><img decoding=\"async\" src=\"https:\/\/www.europesays.com\/fi\/wp-content\/uploads\/2025\/10\/1761239109_576_468.jpg\" alt=\"Presidentti Alexander Stubb osallistui yleis\u00f6tapaamiseen Sein\u00e4joella torstaina.\" class=\"_Img_1rerz_1\" style=\"aspect-ratio:1.5\" loading=\"eager\"\/><\/p>\n<p class=\"article-picture-caption\">Presidentti Alexander Stubb osallistui yleis\u00f6tapaamiseen Sein\u00e4joella torstaina. Kuva:\u00a0Juhani Niiranen \/ HS<\/p>\n<p class=\"article-body mb-nof-24 px-nof-16\">Stubb kertoo vet\u00e4neens\u00e4 Trumpin ja Zelenskyin tapaamisesta kaksi johtop\u00e4\u00e4t\u00f6st\u00e4. Ensinn\u00e4kin Ukrainan tulitauosta ei ole Stubbin mukaan keskusteltu Alaskan kokouksen j\u00e4lkeen.<\/p>\n<p class=\"article-body mb-nof-24 px-nof-16\">\u201cNyt Trump itse sanoi, ett\u00e4 meid\u00e4n on saatava aikaiseksi tulitauko. Se on mielest\u00e4ni hyv\u00e4 uutinen.\u201d<\/p>\n<p class=\"article-body mb-nof-24 px-nof-16\">Toisena johtop\u00e4\u00e4t\u00f6ksen\u00e4 Stubb sanoo, ett\u00e4 tulitauko alkaa sodan kontaktilinjalta eik\u00e4 Ukrainassa tapahtuisi maa-alueiden vaihtoa.<\/p>\n<p class=\"article-body mb-nof-24 px-nof-16\">Stubbin mukaan Ukrainan sodassa on edelleen sama perusasetelma kuin aiemmin. Siihen kuuluvat h\u00e4nen mukaansa lyhyt, keskipitk\u00e4 ja pitk\u00e4 aikav\u00e4li.<\/p>\n<p class=\"article-body mb-nof-24 px-nof-16\">Lyhyell\u00e4 aikav\u00e4lill\u00e4 maksimoidaan paine Ven\u00e4j\u00e4\u00e4 kohtaan tukemalla Ukrainaa ja lis\u00e4\u00e4m\u00e4ll\u00e4 taloudellista painetta Ven\u00e4j\u00e4\u00e4 kohtaan. Keskipitk\u00e4ll\u00e4 aikav\u00e4lill\u00e4 panostetaan Ukrainan turvatakuisiin.<\/p>\n<p class=\"article-body mb-nof-24 px-nof-16\">\u201dNiiss\u00e4 ollaan p\u00e4\u00e4sty Euroopan puolella maaliin, mutta ehk\u00e4 Yhdysvaltojen kanssa on viel\u00e4 v\u00e4h\u00e4n tekemist\u00e4\u201d, Stubb sanoo.<\/p>\n<p class=\"article-body mb-nof-24 px-nof-16\">Pitk\u00e4ll\u00e4 aikav\u00e4lill\u00e4 esille nousevat rauhanneuvottelut. Stubbin mukaan Suomen n\u00e4k\u00f6kulma ja Trumpille v\u00e4litetty viesti on, ett\u00e4 rauhanneuvottelut t\u00e4ytyy jakaa kahteen vaiheeseen. Ensimm\u00e4isen\u00e4 on tulitauko Gazan tapaan ja toisena tulevat varsinaiset neuvottelut rauhasta.<\/p>\n<p class=\"article-body mb-nof-24 px-nof-16\">\u201cP\u00e4iv\u00e4n hyv\u00e4 uutinen painepuolella on se, ett\u00e4 Yhdysvallat on lis\u00e4nnyt painetta sanktioiden muodossa ensimm\u00e4ist\u00e4 kertaa Trumpin hallinnon kauden aikana\u201d, Stubb sanoo.<\/p>\n","protected":false},"excerpt":{"rendered":"Presidentti Etel\u00e4-Pohjanmaalla|Eurooppa on p\u00e4\u00e4ssyt Ukrainan turvatakuissa maaliin, mutta Yhdysvalloilla on viel\u00e4 tekemist\u00e4, Stubb arvioi. Trump ei vaikuta olevan&hellip;\n","protected":false},"author":2,"featured_media":70355,"comment_status":"","ping_status":"","sticky":false,"template":"","format":"standard","meta":{"footnotes":""},"categories":[14],"tags":[22,23,26,27,33,31,30,17,46,24,25,28,29,15,18,21,32,19,20,56,16,59,60,61],"class_list":{"0":"post-70354","1":"post","2":"type-post","3":"status-publish","4":"format-standard","5":"has-post-thumbnail","7":"category-ulkomaat","8":"tag-breaking-news","9":"tag-breakingnews","10":"tag-featured-news","11":"tag-featurednews","12":"tag-fi","13":"tag-finland","14":"tag-finnish","15":"tag-headlines","16":"tag-helsingin-sanomat","17":"tag-latest-news","18":"tag-latestnews","19":"tag-main-news","20":"tag-mainnews","21":"tag-news","22":"tag-otsikot","23":"tag-paauutiset","24":"tag-suomi","25":"tag-top-stories","26":"tag-topstories","27":"tag-ulkomaat","28":"tag-uutiset","29":"tag-world","30":"tag-world-news","31":"tag-worldnews"},"share_on_mastodon":{"url":"https:\/\/pubeurope.com\/@fi\/115424573932338641","error":""},"_links":{"self":[{"href":"https:\/\/www.europesays.com\/fi\/wp-json\/wp\/v2\/posts\/70354","targetHints":{"allow":["GET"]}}],"collection":[{"href":"https:\/\/www.europesays.com\/fi\/wp-json\/wp\/v2\/posts"}],"about":[{"href":"https:\/\/www.europesays.com\/fi\/wp-json\/wp\/v2\/types\/post"}],"author":[{"embeddable":true,"href":"https:\/\/www.europesays.com\/fi\/wp-json\/wp\/v2\/users\/2"}],"replies":[{"embeddable":true,"href":"https:\/\/www.europesays.com\/fi\/wp-json\/wp\/v2\/comments?post=70354"}],"version-history":[{"count":0,"href":"https:\/\/www.europesays.com\/fi\/wp-json\/wp\/v2\/posts\/70354\/revisions"}],"wp:featuredmedia":[{"embeddable":true,"href":"https:\/\/www.europesays.com\/fi\/wp-json\/wp\/v2\/media\/70355"}],"wp:attachment":[{"href":"https:\/\/www.europesays.com\/fi\/wp-json\/wp\/v2\/media?parent=70354"}],"wp:term":[{"taxonomy":"category","embeddable":true,"href":"https:\/\/www.europesays.com\/fi\/wp-json\/wp\/v2\/categories?post=70354"},{"taxonomy":"post_tag","embeddable":true,"href":"https:\/\/www.europesays.com\/fi\/wp-json\/wp\/v2\/tags?post=70354"}],"curies":[{"name":"wp","href":"https:\/\/api.w.org\/{rel}","templated":true}]}}