{"id":70380,"date":"2025-10-23T17:48:14","date_gmt":"2025-10-23T17:48:14","guid":{"rendered":"https:\/\/www.europesays.com\/fi\/70380\/"},"modified":"2025-10-23T17:48:14","modified_gmt":"2025-10-23T17:48:14","slug":"jo-toinen-ensitreffit-pari-paatti-suhteensa","status":"publish","type":"post","link":"https:\/\/www.europesays.com\/fi\/70380\/","title":{"rendered":"Jo toinen Ensitreffit-pari p\u00e4\u00e4tti suhteensa"},"content":{"rendered":"<p>Elisan ja Matin suhde on p\u00e4\u00e4ttynyt. VARO JUONIPALJASTUKSIA!<\/p>\n<p><img decoding=\"async\" class=\"image image-show image-preview\" src=\"https:\/\/www.europesays.com\/fi\/wp-content\/uploads\/2025\/10\/662b787bfab72c4b7cf17af742b770199ebf193620fa4031049bc6e8f5f68219.jpg\" alt=\"\"\/><img decoding=\"async\" class=\"image image-show\" src=\"https:\/\/www.europesays.com\/fi\/wp-content\/uploads\/2025\/10\/1761241693_268_662b787bfab72c4b7cf17af742b770199ebf193620fa4031049bc6e8f5f68219.jpg\" alt=\"\"\/><\/p>\n<p>Elisa keskustelee Joonas Pesosen kanssa itsens\u00e4 kehitt\u00e4misest\u00e4. MTV<\/p>\n<p class=\"paragraph\">Ensitreffit alttarilla -ohjelmassa jo kahden pariskunnan suhteet ovat p\u00e4\u00e4ttyneet. Aiemmin <strong>Julia<\/strong> ja <strong>Arttu<\/strong> lopettivat suhteensa ja nyt my\u00f6s <strong>Elisa<\/strong> ja <strong>Matti<\/strong> ovat p\u00e4\u00e4tt\u00e4neet, ettei suhde jatku ohjelman j\u00e4lkeen.<\/p>\n<p class=\"paragraph\">Kymmenes jakso on katsottavissa 23. lokakuuta alkaen Katsomo+-palvelusta, ja televisiosta se n\u00e4hd\u00e4\u00e4n 6. marraskuuta.<\/p>\n<p class=\"paragraph\">Jaksossa Elisa keskustelee suhteesta ja sen ongelmista paitsi Matin my\u00f6s yst\u00e4viens\u00e4 ja asiantuntija <strong>Joonas Pesosen<\/strong> kanssa. Elisa kertoo Joonakselle kadottaneensa itsens\u00e4 huomattuaan, ettei Matin kanssa voi rakentaa parisuhdetta tai avioliittoa.<\/p>\n<p class=\"paragraph\">Pesonen kysyy Elisalta, miten kaksi kuukautta kest\u00e4v\u00e4n ohjelmaprosessin ajan voisi k\u00e4ytt\u00e4\u00e4 hy\u00f6dyksi.<\/p>\n<p class=\"paragraph\">\u2013 Voisi tutkia itse\u00e4\u00e4n ja sit\u00e4 toista. Mit\u00e4 asioita haluaisit oppia viel\u00e4 itselt\u00e4si t\u00e4m\u00e4n prosessin aikana? Asiantuntija Pesonen kysyy.<\/p>\n<p>Elisa ja Matti keskustelevat avoimesti siit\u00e4, ett\u00e4 heid\u00e4n suhteensa on p\u00e4\u00e4ttynyt. MTV<\/p>\n<p class=\"paragraph\">Elisa ei j\u00e4\u00e4 tilanteessa sanattomaksi.<\/p>\n<p class=\"paragraph\">\u2013 Minun mielest\u00e4ni se on jotenkin \u00e4lyt\u00f6nt\u00e4, ett\u00e4 t\u00e4ss\u00e4 prosessissa koko ajan vaaditaan, ett\u00e4 t\u00e4ss\u00e4 pit\u00e4isi itse, yksin oppia kauheasti jotain. Olen kuusi vuotta ollut sinkku, prosessoinut hirve\u00e4sti asioita ja itsereflektoinut paljon, Elisa aloittaa.<\/p>\n<p class=\"paragraph\">\u2013 Miten min\u00e4 voisin muutamassa viikossa yksin keksi\u00e4 itsest\u00e4ni jotain hurjan suurta, kun olen nimenomaan tullut t\u00e4nne hakemaan puolisoa, joka peilaisi niit\u00e4 asioita? Elisa kysyy asiantuntijalta.<\/p>\n<p class=\"paragraph\">Elisan ja Matin yksi ongelmista on liittynyt l\u00e4heisyyteen ja kosketukseen. Elisa kaipaa l\u00e4heisyytt\u00e4 tunneyhteyden muodostamiseen, kun taas Matti kaipaa ensin tunneyhteytt\u00e4 ja vasta sitten kosketusta. Asiantuntija Pesonen kysyy viel\u00e4 uudelleen, mit\u00e4 Elisa voisi itse muuttaa itsess\u00e4\u00e4n suhteessa t\u00e4h\u00e4n tilanteeseen.<\/p>\n<p class=\"paragraph\">\u2013 Min\u00e4 en tied\u00e4, olen niin tyhm\u00e4, etten tied\u00e4. Jos minulle sanotaan, ett\u00e4 \u00e4l\u00e4 sammuta liekki\u00e4si, joka on sis\u00e4ll\u00e4si. Kyll\u00e4 se tukahtuu, jos ei p\u00e4\u00e4se koskettamaan ja saa kosketusta, Elisa summaa.<\/p>\n<p class=\"paragraph\">Ensitreffit alttarilla -ohjelma torstaisin kello 21 MTV3-kanavalla ja MTV Katsomossa. <a href=\"https:\/\/www.iltalehti.fi\/telkku\" rel=\"nofollow noopener\" target=\"_blank\">Katso kaikki ohjelmatiedot ja l\u00e4hetysajat Telkusta.<\/a><\/p>\n","protected":false},"excerpt":{"rendered":"Elisan ja Matin suhde on p\u00e4\u00e4ttynyt. VARO JUONIPALJASTUKSIA! Elisa keskustelee Joonas Pesosen kanssa itsens\u00e4 kehitt\u00e4misest\u00e4. MTV Ensitreffit alttarilla&hellip;\n","protected":false},"author":2,"featured_media":70381,"comment_status":"","ping_status":"","sticky":false,"template":"","format":"standard","meta":{"footnotes":""},"categories":[133],"tags":[35,137,33,31,30,1511,1616,979,32,206,140,139,156,109],"class_list":{"0":"post-70380","1":"post","2":"type-post","3":"status-publish","4":"format-standard","5":"has-post-thumbnail","7":"category-televisiot","8":"tag-24h","9":"tag-entertainment","10":"tag-fi","11":"tag-finland","12":"tag-finnish","13":"tag-joukkoviestinta","14":"tag-media-viestinta","15":"tag-sahkoinen-media","16":"tag-suomi","17":"tag-televisiot","18":"tag-tv-ja-elokuvat","19":"tag-tv-ohjelmat","20":"tag-tv","21":"tag-viihde"},"share_on_mastodon":{"url":"https:\/\/pubeurope.com\/@fi\/115424744107896908","error":""},"_links":{"self":[{"href":"https:\/\/www.europesays.com\/fi\/wp-json\/wp\/v2\/posts\/70380","targetHints":{"allow":["GET"]}}],"collection":[{"href":"https:\/\/www.europesays.com\/fi\/wp-json\/wp\/v2\/posts"}],"about":[{"href":"https:\/\/www.europesays.com\/fi\/wp-json\/wp\/v2\/types\/post"}],"author":[{"embeddable":true,"href":"https:\/\/www.europesays.com\/fi\/wp-json\/wp\/v2\/users\/2"}],"replies":[{"embeddable":true,"href":"https:\/\/www.europesays.com\/fi\/wp-json\/wp\/v2\/comments?post=70380"}],"version-history":[{"count":0,"href":"https:\/\/www.europesays.com\/fi\/wp-json\/wp\/v2\/posts\/70380\/revisions"}],"wp:featuredmedia":[{"embeddable":true,"href":"https:\/\/www.europesays.com\/fi\/wp-json\/wp\/v2\/media\/70381"}],"wp:attachment":[{"href":"https:\/\/www.europesays.com\/fi\/wp-json\/wp\/v2\/media?parent=70380"}],"wp:term":[{"taxonomy":"category","embeddable":true,"href":"https:\/\/www.europesays.com\/fi\/wp-json\/wp\/v2\/categories?post=70380"},{"taxonomy":"post_tag","embeddable":true,"href":"https:\/\/www.europesays.com\/fi\/wp-json\/wp\/v2\/tags?post=70380"}],"curies":[{"name":"wp","href":"https:\/\/api.w.org\/{rel}","templated":true}]}}