{"id":70420,"date":"2025-10-23T18:46:07","date_gmt":"2025-10-23T18:46:07","guid":{"rendered":"https:\/\/www.europesays.com\/fi\/70420\/"},"modified":"2025-10-23T18:46:07","modified_gmt":"2025-10-23T18:46:07","slug":"tutkijat-tunnistivat-myrkkykoktailin-joka-aiheuttaa-aivoissa-alzheimerin-taudin-tunnusmerkkeja","status":"publish","type":"post","link":"https:\/\/www.europesays.com\/fi\/70420\/","title":{"rendered":"Tutkijat tunnistivat &#8221;myrkkykoktailin&#8221;, joka aiheuttaa aivoissa Alzheimerin taudin tunnusmerkkej\u00e4"},"content":{"rendered":"<p class=\"is-style-dropcap\">Tutkijat ovat l\u00f6yt\u00e4neet vahingollisen liittoutuman kahden proteiinin v\u00e4lill\u00e4, joka saattaa selitt\u00e4\u00e4 Alzheimerin taudin alkuvaiheen. \u201cMyrkyllisest\u00e4 kaksikoista\u201d <a href=\"https:\/\/www.sciencedaily.com\/releases\/2025\/10\/251022023113.htm\" rel=\"nofollow noopener\" target=\"_blank\">kirjoittaa<\/a> Science Daily. <\/p>\n<p><a href=\"https:\/\/alz-journals.onlinelibrary.wiley.com\/doi\/10.1002\/alz.70119\" rel=\"nofollow noopener\" target=\"_blank\">Tutkimusartikkeli<\/a> aiheesta on julkaistu Alzheimer\u2019s and Dementia -tiedelehdess\u00e4. <\/p>\n<p>Vuosikymmenten ajan tutkijat ovat tienneet, ett\u00e4 Alzheimerin tauti liittyy aivoissa muodostuviin tahmaisiin plakkeihin ja takertuviin proteiineihin. Viime vuosina tutkimus on my\u00f6s osoittanut aivojen verisuonten merkitt\u00e4v\u00e4n roolin taudin kehittymisess\u00e4. Syvemm\u00e4st\u00e4 ymm\u00e4rryksest\u00e4 huolimatta t\u00e4ysin tehokkaita hoitoja ei ole viel\u00e4 l\u00f6ydetty, sill\u00e4 taustalla vaikuttava biologinen tapahtumaketju on pysynyt ep\u00e4selv\u00e4n\u00e4.<\/p>\n<p>Nyt Rockefeller-yliopiston tutkijat ovat paljastaneet vahingollisen vuorovaikutuksen kahden keskeisen molekyylin v\u00e4lill\u00e4: beeta-amyloidin (A\u03b2) ja fibrinogeenin. A\u03b2 tunnetaan aivoplakkeja muodostavana peptidin\u00e4, kun taas fibrinogeeni on keskeinen hyytymiseen osallistuva veriproteiini. Kun A\u03b2 kiinnittyy fibrinogeeniin, syntyy ep\u00e4tavallisia hyytymiskomplekseja, jotka vastustavat normaalia hajoamista.<\/p>\n<p>Tutkimuksessa havaittiin, ett\u00e4 n\u00e4m\u00e4 sitke\u00e4t hyytym\u00e4t liittyv\u00e4t tulehdukseen ja verisuonivaurioihin. Erityisen huolestuttavaa on, ett\u00e4 jo hyvin pienet m\u00e4\u00e4r\u00e4t A\u03b2-fibrinogeeni-yhdistelm\u00e4\u00e4 k\u00e4ynnist\u00e4v\u00e4t Alzheimerin taudin varhaisia merkkej\u00e4: synapsien tuhoutumista, aivoturvotusta ja veri-aivoesteen vuotamista.<\/p>\n<p>\u201dSuuremmat m\u00e4\u00e4r\u00e4t A\u03b2:ta tai fibrinogeeni\u00e4 yksin\u00e4\u00e4n aiheuttavat vakavia vaurioita Alzheimer-aivoissa\u201d, sanoo Rockfellerin <strong>Erin Norris<\/strong>.<\/p>\n<p>\u201dMutta kun n\u00e4m\u00e4 kaksi yhdistyv\u00e4t, tarvitaan vain hyvin pieni\u00e4 m\u00e4\u00e4ri\u00e4 kumpaakin, jotta ne aiheuttavat vahinkoa. A\u03b2:n ja fibrinogeenin v\u00e4lill\u00e4 on synergistinen vaikutus.\u201d<\/p>\n<p>Tutkijat ovat perehtyneet \u201dmyrkyllisen kaksikon\u201d yhteyteen l\u00e4hes kaksikymment\u00e4 vuotta. Tuorein tutkimus k\u00e4ytti sek\u00e4 hiirien eristettyj\u00e4 aivokudosn\u00e4ytteit\u00e4 ett\u00e4 el\u00e4vi\u00e4 hiiri\u00e4 vahvistaakseen tulokset. Kokeet osoittivat, ett\u00e4 kun A\u03b2:n ja fibrinogeenin sitoutuminen estettiin vasta-aineilla, haitalliset vaikutukset v\u00e4heniv\u00e4t merkitt\u00e4v\u00e4sti.<\/p>\n<p>L\u00f6yd\u00f6ksell\u00e4 voi olla kliinisi\u00e4 vaikutuksia, sill\u00e4 pienetkin m\u00e4\u00e4r\u00e4t yhdistett\u00e4 voivat k\u00e4ynnist\u00e4\u00e4 Alzheimerin taudin piirteit\u00e4 kauan ennen kognitiivisten oireiden ilmaantumista. Yhdisteelle altistuneilla hiirill\u00e4 havaittiin kohonneita arvoja biomarkkereissa, joita ihmisill\u00e4 k\u00e4ytet\u00e4\u00e4n Alzheimerin havaitsemiseen vuosia ennen oireiden puhkeamista.<\/p>\n<p>Vaikka monet mekanismit vaikuttavat Alzheimerin tautiin, tutkijat uskovat, ett\u00e4 tutkimuksen havaintoihin kannattaa perehty\u00e4 yh\u00e4 tarkemmin. Varhainen t\u00e4sm\u00e4hoito voisi mahdollisesti viiv\u00e4stytt\u00e4\u00e4 tai est\u00e4\u00e4 taudin etenemist\u00e4.<\/p>\n<p>Voit lukea lis\u00e4\u00e4 aiheesta <a href=\"https:\/\/www.sciencedaily.com\/releases\/2025\/10\/251022023113.htm\" rel=\"nofollow noopener\" target=\"_blank\">Science Dailyn<\/a> uutisesta ja itse <a href=\"https:\/\/alz-journals.onlinelibrary.wiley.com\/doi\/10.1002\/alz.70119\" rel=\"nofollow noopener\" target=\"_blank\">tutkimusartikkelista<\/a>.<\/p>\n","protected":false},"excerpt":{"rendered":"Tutkijat ovat l\u00f6yt\u00e4neet vahingollisen liittoutuman kahden proteiinin v\u00e4lill\u00e4, joka saattaa selitt\u00e4\u00e4 Alzheimerin taudin alkuvaiheen. \u201cMyrkyllisest\u00e4 kaksikoista\u201d kirjoittaa Science&hellip;\n","protected":false},"author":2,"featured_media":70421,"comment_status":"","ping_status":"","sticky":false,"template":"","format":"standard","meta":{"footnotes":""},"categories":[165],"tags":[12096,33,31,30,166,32,167],"class_list":{"0":"post-70420","1":"post","2":"type-post","3":"status-publish","4":"format-standard","5":"has-post-thumbnail","7":"category-terveys","8":"tag-alzheimerin-tauti","9":"tag-fi","10":"tag-finland","11":"tag-finnish","12":"tag-health","13":"tag-suomi","14":"tag-terveys"},"share_on_mastodon":{"url":"https:\/\/pubeurope.com\/@fi\/115424971064466174","error":""},"_links":{"self":[{"href":"https:\/\/www.europesays.com\/fi\/wp-json\/wp\/v2\/posts\/70420","targetHints":{"allow":["GET"]}}],"collection":[{"href":"https:\/\/www.europesays.com\/fi\/wp-json\/wp\/v2\/posts"}],"about":[{"href":"https:\/\/www.europesays.com\/fi\/wp-json\/wp\/v2\/types\/post"}],"author":[{"embeddable":true,"href":"https:\/\/www.europesays.com\/fi\/wp-json\/wp\/v2\/users\/2"}],"replies":[{"embeddable":true,"href":"https:\/\/www.europesays.com\/fi\/wp-json\/wp\/v2\/comments?post=70420"}],"version-history":[{"count":0,"href":"https:\/\/www.europesays.com\/fi\/wp-json\/wp\/v2\/posts\/70420\/revisions"}],"wp:featuredmedia":[{"embeddable":true,"href":"https:\/\/www.europesays.com\/fi\/wp-json\/wp\/v2\/media\/70421"}],"wp:attachment":[{"href":"https:\/\/www.europesays.com\/fi\/wp-json\/wp\/v2\/media?parent=70420"}],"wp:term":[{"taxonomy":"category","embeddable":true,"href":"https:\/\/www.europesays.com\/fi\/wp-json\/wp\/v2\/categories?post=70420"},{"taxonomy":"post_tag","embeddable":true,"href":"https:\/\/www.europesays.com\/fi\/wp-json\/wp\/v2\/tags?post=70420"}],"curies":[{"name":"wp","href":"https:\/\/api.w.org\/{rel}","templated":true}]}}