{"id":70479,"date":"2025-10-23T20:12:08","date_gmt":"2025-10-23T20:12:08","guid":{"rendered":"https:\/\/www.europesays.com\/fi\/70479\/"},"modified":"2025-10-23T20:12:08","modified_gmt":"2025-10-23T20:12:08","slug":"kahdella-finnairin-lennolla-teknisia-ongelmia","status":"publish","type":"post","link":"https:\/\/www.europesays.com\/fi\/70479\/","title":{"rendered":"Kahdella Finnairin lennolla teknisi\u00e4 ongelmia"},"content":{"rendered":"<p>Lentoliikenne|Viel\u00e4 ei ole tiedossa, p\u00e4\u00e4seek\u00f6 Kreetalta Helsinkiin suuntaava kone l\u00e4htem\u00e4\u00e4n.<\/p>\n<p class=\"article-body mb-nof-24 px-nof-16\">Kahdella eri Finnairin lennolla on ollut teknisi\u00e4 ongelmia torstaina.<\/p>\n<p class=\"article-body mb-nof-24 px-nof-16\">Finnairin Kreetan Haniasta Helsinkiin suuntaava lentokone tyhjennettiin ennen nousua, kertoo Finnairin viestint\u00e4johtaja <a class=\"article-personlink\" href=\"https:\/\/www.hs.fi\/haku\/?query=P%C3%A4ivyt%20Tallqvist\" rel=\"nofollow noopener\" target=\"_blank\">P\u00e4ivyt Tallqvist<\/a>. H\u00e4nen mukaansa koneessa on jokin vika, mutta yksityiskohdat eiv\u00e4t ole viel\u00e4 tiedossa.<\/p>\n<p class=\"article-body mb-nof-24 px-nof-16\">Koneen oli tarkoitus l\u00e4hte\u00e4 20.40.<\/p>\n<p class=\"article-body mb-nof-24 px-nof-16\">\u201dMekaanikko on parhaillaan paikalla tarkastamassa konetta. Viel\u00e4 ei ole tiedossa, p\u00e4\u00e4st\u00e4\u00e4nk\u00f6 koneella liikenteeseen\u201d, Tallqvist kertoi noin iltakymmenen aikaan.<\/p>\n<p class=\"article-body mb-nof-24 px-nof-16\"><a class=\"article-genericlink\" href=\"https:\/\/www.is.fi\/ulkomaat\/art-2000011580325.html?utm_source=ampparit\" rel=\"nofollow noopener\" target=\"_blank\">Ilta-Sanomien<\/a> mukaan koneen matkustamossa oli levinnyt voimakas kemikaalin haju, joka aiheutti huonoa oloa matkustajille.<\/p>\n<p class=\"article-body mb-nof-24 px-nof-16\">Sen lis\u00e4ksi <a class=\"article-genericlink\" href=\"https:\/\/www.iltalehti.fi\/kotimaa\/a\/33453c51-7781-4a29-a7c2-5cbb21ad1b95\" rel=\"nofollow noopener\" target=\"_blank\">Iltalehti <\/a>kertoo, ett\u00e4 kello 18.20 Helsingist\u00e4 Berliiniin l\u00e4htenyt lento joutui k\u00e4\u00e4ntym\u00e4\u00e4n takaisin teknisen syyn takia.<\/p>\n<p class=\"article-body mb-nof-24 px-nof-16\">IL:n mukaan lentokone teki u-k\u00e4\u00e4nn\u00f6ksen Viron rannikon yll\u00e4 ja palasi sitten Helsinki-Vantaan lentokent\u00e4lle.<\/p>\n<p class=\"article-body mb-nof-24 px-nof-16\">Finnairin viestinn\u00e4st\u00e4 kerrottiin lehdelle, ett\u00e4 kyseess\u00e4 oli tekninen syy. Matkustajat p\u00e4\u00e4sev\u00e4t illalla toisella lennolla Berliiniin.<\/p>\n","protected":false},"excerpt":{"rendered":"Lentoliikenne|Viel\u00e4 ei ole tiedossa, p\u00e4\u00e4seek\u00f6 Kreetalta Helsinkiin suuntaava kone l\u00e4htem\u00e4\u00e4n. Kahdella eri Finnairin lennolla on ollut teknisi\u00e4 ongelmia&hellip;\n","protected":false},"author":2,"featured_media":83,"comment_status":"","ping_status":"","sticky":false,"template":"","format":"standard","meta":{"footnotes":""},"categories":[5],"tags":[22,23,26,27,33,31,30,17,46,24,25,28,29,15,18,21,32,19,20,16],"class_list":{"0":"post-70479","1":"post","2":"type-post","3":"status-publish","4":"format-standard","5":"has-post-thumbnail","7":"category-otsikot","8":"tag-breaking-news","9":"tag-breakingnews","10":"tag-featured-news","11":"tag-featurednews","12":"tag-fi","13":"tag-finland","14":"tag-finnish","15":"tag-headlines","16":"tag-helsingin-sanomat","17":"tag-latest-news","18":"tag-latestnews","19":"tag-main-news","20":"tag-mainnews","21":"tag-news","22":"tag-otsikot","23":"tag-paauutiset","24":"tag-suomi","25":"tag-top-stories","26":"tag-topstories","27":"tag-uutiset"},"share_on_mastodon":{"url":"https:\/\/pubeurope.com\/@fi\/115425309040390974","error":""},"_links":{"self":[{"href":"https:\/\/www.europesays.com\/fi\/wp-json\/wp\/v2\/posts\/70479","targetHints":{"allow":["GET"]}}],"collection":[{"href":"https:\/\/www.europesays.com\/fi\/wp-json\/wp\/v2\/posts"}],"about":[{"href":"https:\/\/www.europesays.com\/fi\/wp-json\/wp\/v2\/types\/post"}],"author":[{"embeddable":true,"href":"https:\/\/www.europesays.com\/fi\/wp-json\/wp\/v2\/users\/2"}],"replies":[{"embeddable":true,"href":"https:\/\/www.europesays.com\/fi\/wp-json\/wp\/v2\/comments?post=70479"}],"version-history":[{"count":0,"href":"https:\/\/www.europesays.com\/fi\/wp-json\/wp\/v2\/posts\/70479\/revisions"}],"wp:featuredmedia":[{"embeddable":true,"href":"https:\/\/www.europesays.com\/fi\/wp-json\/wp\/v2\/media\/83"}],"wp:attachment":[{"href":"https:\/\/www.europesays.com\/fi\/wp-json\/wp\/v2\/media?parent=70479"}],"wp:term":[{"taxonomy":"category","embeddable":true,"href":"https:\/\/www.europesays.com\/fi\/wp-json\/wp\/v2\/categories?post=70479"},{"taxonomy":"post_tag","embeddable":true,"href":"https:\/\/www.europesays.com\/fi\/wp-json\/wp\/v2\/tags?post=70479"}],"curies":[{"name":"wp","href":"https:\/\/api.w.org\/{rel}","templated":true}]}}