{"id":70507,"date":"2025-10-23T21:02:07","date_gmt":"2025-10-23T21:02:07","guid":{"rendered":"https:\/\/www.europesays.com\/fi\/70507\/"},"modified":"2025-10-23T21:02:07","modified_gmt":"2025-10-23T21:02:07","slug":"eu-johtajien-kokouksessa-paatos-ukrainan-taloudellisesta-tuesta-venajalta-jaadytettyja-varoja-ei-kayteta-uutisia-lyhyesti","status":"publish","type":"post","link":"https:\/\/www.europesays.com\/fi\/70507\/","title":{"rendered":"EU-johtajien kokouksessa p\u00e4\u00e4t\u00f6s Ukrainan taloudellisesta tuesta \u2013 Ven\u00e4j\u00e4lt\u00e4 j\u00e4\u00e4dytettyj\u00e4 varoja ei k\u00e4ytet\u00e4 | Uutisia lyhyesti"},"content":{"rendered":"<p class=\"aw-1gybjub aw-5vja16 ghpEtB kjanFo yle__article__paragraph\">Eurooppa-neuvoston puheenjohtajan mukaan Ukrainalle annettava tuki sis\u00e4lt\u00e4\u00e4 my\u00f6s tukea puolustukseen ja asevoimille. Ven\u00e4j\u00e4n j\u00e4\u00e4dytettyj\u00e4 varoja paketissa ei kuitenkaan k\u00e4ytet\u00e4.<\/p>\n<p>23.10. 22:27\u2022P\u00e4ivitetty 23.10. 23:25<\/p>\n<p class=\"aw-1gybjub aw-1p7kakr ghpEtB jtovHP yle__article__paragraph\">EU-johtajat ovat p\u00e4\u00e4tt\u00e4neet Brysselin huippukokouksessaan sitoutumisesta Ukrainan taloudelliseen tukemiseen seuraaviksi kahdeksi vuodeksi. Asiasta kertoo uutistoimisto Reuters viitaten l\u00e4hteeseens\u00e4.<\/p>\n<p class=\"aw-1gybjub aw-1p7kakr ghpEtB jtovHP yle__article__paragraph\">Luonnos p\u00e4\u00e4t\u00f6ksest\u00e4 on m\u00e4\u00e4r\u00e4 hyv\u00e4ksy\u00e4 Eurooppa-neuvoston kokouksessa.<\/p>\n<p class=\"aw-1gybjub aw-1p7kakr ghpEtB jtovHP yle__article__paragraph\">Eurooppa-neuvoston puheenjohtajan <strong class=\"aw-ak79eh KyCXm yle__article__strong\">Antonio Costan<\/strong> mukaan Ukrainalle annettava tuki kattaa my\u00f6s puolustuksen ja asevoimien tukemisen.<\/p>\n<p class=\"aw-1gybjub aw-1p7kakr ghpEtB jtovHP yle__article__paragraph\">Kaikki muut EU-maat paitsi Unkari sitoutuvat Ukraina-tukeen.<\/p>\n<p class=\"aw-1gybjub aw-1p7kakr ghpEtB jtovHP yle__article__paragraph\">Reutersin l\u00e4hteen mukaan my\u00f6s Belgia on antanut hyv\u00e4ksynt\u00e4ns\u00e4 luonnokselle. Belgialla on valtaosa Ven\u00e4j\u00e4n keskuspankilta j\u00e4\u00e4dytetyist\u00e4 varoista, joita kokouksessa oli suunniteltu k\u00e4ytett\u00e4v\u00e4n Ukrainalle my\u00f6nnett\u00e4v\u00e4\u00e4n 140 miljardin euron sotakorvauslainaan. Luonnoksessa ei kuitenkaan mainita kyseist\u00e4 suunnitelmaa Belgian vastutuksen takia.<\/p>\n<p class=\"aw-1gybjub aw-1p7kakr ghpEtB jtovHP yle__article__paragraph\">Sen sijaan luonnoksessa todetaan, ett\u00e4 Ven\u00e4j\u00e4n varat pysyv\u00e4t j\u00e4\u00e4dytettyin\u00e4 kunnes Ven\u00e4j\u00e4 lopettaa sotansa Ukrainassa ja kompensoi sodassa aiheuttamansa tuhot.<\/p>\n<p class=\"aw-1gybjub aw-1p7kakr ghpEtB jtovHP yle__article__paragraph\">Nyt j\u00e4senmaat pyyt\u00e4v\u00e4t Euroopan komissiota esitt\u00e4m\u00e4\u00e4n vaihtoehtoja rahoituksen l\u00f6yt\u00e4miseksi Ukrainalle.<\/p>\n<p class=\"aw-1gybjub aw-1p7kakr ghpEtB jtovHP yle__article__paragraph\">L\u00e4hteet: Reuters, AFP, STT<\/p>\n","protected":false},"excerpt":{"rendered":"Eurooppa-neuvoston puheenjohtajan mukaan Ukrainalle annettava tuki sis\u00e4lt\u00e4\u00e4 my\u00f6s tukea puolustukseen ja asevoimille. Ven\u00e4j\u00e4n j\u00e4\u00e4dytettyj\u00e4 varoja paketissa ei kuitenkaan&hellip;\n","protected":false},"author":2,"featured_media":74,"comment_status":"","ping_status":"","sticky":false,"template":"","format":"standard","meta":{"footnotes":""},"categories":[14],"tags":[22,23,10923,1617,26,27,33,31,30,17,70,24,25,28,29,15,18,21,32,19,20,1303,56,16,547,987,59,60,61],"class_list":{"0":"post-70507","1":"post","2":"type-post","3":"status-publish","4":"format-standard","5":"has-post-thumbnail","7":"category-ulkomaat","8":"tag-breaking-news","9":"tag-breakingnews","10":"tag-bryssel","11":"tag-euroopan-unioni","12":"tag-featured-news","13":"tag-featurednews","14":"tag-fi","15":"tag-finland","16":"tag-finnish","17":"tag-headlines","18":"tag-kansainvalinen-politiikka","19":"tag-latest-news","20":"tag-latestnews","21":"tag-main-news","22":"tag-mainnews","23":"tag-news","24":"tag-otsikot","25":"tag-paauutiset","26":"tag-suomi","27":"tag-top-stories","28":"tag-topstories","29":"tag-ukraina","30":"tag-ulkomaat","31":"tag-uutiset","32":"tag-venaja","33":"tag-venajan-hyokkays","34":"tag-world","35":"tag-world-news","36":"tag-worldnews"},"share_on_mastodon":{"url":"https:\/\/pubeurope.com\/@fi\/115425505725626372","error":""},"_links":{"self":[{"href":"https:\/\/www.europesays.com\/fi\/wp-json\/wp\/v2\/posts\/70507","targetHints":{"allow":["GET"]}}],"collection":[{"href":"https:\/\/www.europesays.com\/fi\/wp-json\/wp\/v2\/posts"}],"about":[{"href":"https:\/\/www.europesays.com\/fi\/wp-json\/wp\/v2\/types\/post"}],"author":[{"embeddable":true,"href":"https:\/\/www.europesays.com\/fi\/wp-json\/wp\/v2\/users\/2"}],"replies":[{"embeddable":true,"href":"https:\/\/www.europesays.com\/fi\/wp-json\/wp\/v2\/comments?post=70507"}],"version-history":[{"count":0,"href":"https:\/\/www.europesays.com\/fi\/wp-json\/wp\/v2\/posts\/70507\/revisions"}],"wp:featuredmedia":[{"embeddable":true,"href":"https:\/\/www.europesays.com\/fi\/wp-json\/wp\/v2\/media\/74"}],"wp:attachment":[{"href":"https:\/\/www.europesays.com\/fi\/wp-json\/wp\/v2\/media?parent=70507"}],"wp:term":[{"taxonomy":"category","embeddable":true,"href":"https:\/\/www.europesays.com\/fi\/wp-json\/wp\/v2\/categories?post=70507"},{"taxonomy":"post_tag","embeddable":true,"href":"https:\/\/www.europesays.com\/fi\/wp-json\/wp\/v2\/tags?post=70507"}],"curies":[{"name":"wp","href":"https:\/\/api.w.org\/{rel}","templated":true}]}}