{"id":70527,"date":"2025-10-23T21:53:25","date_gmt":"2025-10-23T21:53:25","guid":{"rendered":"https:\/\/www.europesays.com\/fi\/70527\/"},"modified":"2025-10-23T21:53:25","modified_gmt":"2025-10-23T21:53:25","slug":"olvin-tulos-tippui-lahes-kymmenen-prosenttia-savo","status":"publish","type":"post","link":"https:\/\/www.europesays.com\/fi\/70527\/","title":{"rendered":"Olvin tulos tippui l\u00e4hes kymmenen prosenttia | Savo"},"content":{"rendered":"<p>Iisalmelaisen panimoyhti\u00f6n Olvi Oyj:n liiketulos laski l\u00e4hes kymmenen prosenttia hein\u00e4-syyskuussa viime vuoden vastaavaan ajanjaksoon verrattuna.<\/p>\n<p>Tulos oli 27 miljoonaa euroa, kun viime vuonna se oli 29,8 miljoonaa euroa. Olvi julkaisi t\u00e4n\u00e4\u00e4n kolmannen vuosinelj\u00e4nneksen osavuosikatsauksensa.<\/p>\n<p>Eilen yhti\u00f6 julkaisi tulosvaroituksen, jossa se korjasi t\u00e4m\u00e4n vuoden tulosta aiempaa pienemm\u00e4ksi. Toimitusjohtaja <strong>Patrik Lundellin<\/strong> mukaan syyn\u00e4 tuloksen laskuun oli erityisesti heikko kysynt\u00e4.<\/p>\n<p>\u2013\u2009Alkukes\u00e4n s\u00e4\u00e4 oli kotimarkkinoillamme kauttaaltaan viile\u00e4, mik\u00e4 laski kokonaiskysynt\u00e4\u00e4 merkitt\u00e4v\u00e4sti vertailuvuoteen n\u00e4hden, Lundell sanoo tiedotteessa.<\/p>\n<p>Suomessa kysynt\u00e4\u00e4 nosti hein\u00e4kuun helleputki, mutta Baltiassa ja Valko-Ven\u00e4j\u00e4ll\u00e4 kysynt\u00e4 pysyi Lundellin mukaan alhaisena my\u00f6s loppukes\u00e4n.<\/p>\n<p><strong class=\"diks-storyline__impact\">Toimitusjohtaja<\/strong> Lundell ja talousjohtaja <strong>Tiina-Liisa Liukkonen<\/strong> kommentoivat keskiviikkona pidetyss\u00e4 tiedotustilaisuudessa Olvin loppuvuoden n\u00e4kymi\u00e4.<\/p>\n<p>\u2013\u2009Meill\u00e4 on luotto siihen, ett\u00e4 nelj\u00e4s vuosinelj\u00e4nnes on vahva, Lundell sanoo.<\/p>\n<blockquote class=\"voice-no-read rs_skip diks-blockquote\">\n<p class=\"diks-blockquote__text\">Alkukes\u00e4n s\u00e4\u00e4 oli kotimarkkinoillamme kauttaaltaan viile\u00e4.<\/p>\n<p>Patrik Lundell<\/p><\/blockquote>\n<p>Suurin syy ovat tehostustoimet, joihin kuuluu esimerkiksi Iisalmeen rakennettu varasto. Se on lis\u00e4nnyt toimitusvarmuutta ja nopeuttanut toimituksia. Olvi teki tammi-syyskuun aikana investointeja 37 miljoonalla eurolla, kun viime vuonna vastaavaan aikaan luku oli 27 miljoonaa.<\/p>\n<p>Kysynn\u00e4n kasvuun Lundell suhtautuu varovaisesti. Viimeisen vuosinelj\u00e4nneksen tulokseen vaikuttavat enemm\u00e4n yrityksen omat toimet.<\/p>\n<p>\u2013\u2009Uskomme, ett\u00e4 lopulta suomalaiset saavat varmuutta ja alkavat kuluttaa enemm\u00e4n, Lundell sanoo.<\/p>\n<p><strong class=\"diks-storyline__impact\">Olvi aikoo<\/strong> tehd\u00e4 l\u00e4hiaikoina suuria investointeja. Syyskuussa yhti\u00f6 ilmoitti yrityskaupoista Latviassa, Bosnia ja Hertsegovinassa sek\u00e4 Virossa. Kaupat ovat kilpailuviranomaisten arvioinnissa, ja Lundell arvioi, ett\u00e4 ne toteutuvat vuoden 2026 ensimm\u00e4isen vuosinelj\u00e4nneksen aikana.<\/p>\n<p>\u2013\u2009Yritysostojen arvioitu vaikutus ensi vuoden liikevaihtoomme olisi 55 miljoonaa euroa ja myyntivolyymiin 88 miljoonaa litraa, olettaen kauppojen vahvistuvan vuoden vaihteessa, Lundell sanoo tiedotteessa.<\/p>\n<p>Viime vuonna Olvin liikevaihto oli noin 657 miljoonaa euroa ja myyntivolyymi noin 990 miljoonaa litraa.<\/p>\n<p><strong class=\"diks-storyline__impact\">Toiminnan riskeiss\u00e4<\/strong> korostuvat tiedotteen mukaan geopoliittinen tilanne, kuluttajak\u00e4ytt\u00e4ytyminen ja Valko-Ven\u00e4j\u00e4n toimintaymp\u00e4rist\u00f6<\/p>\n<p>Yhti\u00f6n mukaan Ukrainan sota ja ilmastonmuutos vaikuttavat hintoihin ja kuluttajaluottamukseen. Yhdysvaltojen tullitariffeilla taas ei ole merkitt\u00e4vi\u00e4 vaikutuksia yhti\u00f6n toiminnalle.<\/p>\n<p>Lis\u00e4ksi korkeat hinnat, verotuksen ja s\u00e4\u00e4ntelyn kirist\u00e4minen ja yleinen huono taloudellinen tilanne vaikuttavat Olviin.<\/p>\n<p>Valko-Ven\u00e4j\u00e4n myyntivolyymi laski 0,4 prosenttia viime vuoteen verrattuna. Maan liikevaihto kasvoi 7 prosenttia mutta liiketulos laski 7,5 prosenttia. Tiedotteen mukaan t\u00e4h\u00e4n vaikutti erityisesti kiinteiden kustannusten nousu.<\/p>\n<p>Valko-Ven\u00e4j\u00e4 on Ven\u00e4j\u00e4n liittolainen ja tukee Ven\u00e4j\u00e4n sotatoimia Ukrainassa. Olvi yritti myyd\u00e4 maassa toimivan tyt\u00e4ryhti\u00f6ns\u00e4 vuonna 2022, mutta ei ole saanut Valko-Ven\u00e4j\u00e4n viranomaisilta lupaa myyntiin.<\/p>\n<p>\u2013\u2009Seuraamme lains\u00e4\u00e4d\u00e4nt\u00f6tilannetta sek\u00e4 arvioimme aktiivisesti markkinassa toimimisen edellytyksi\u00e4 ja vaihtoehtoja, tiedotteessa sanotaan.<\/p>\n<p>Juttua p\u00e4ivitetty 22.10. klo 12:59: Lis\u00e4tty kommentit tiedotustilaisuudesta.<\/p>\n<p class=\"diks-title diks-article-box__title\">Olvi Oyj<\/p>\n<p>Osavuosikatsaus 1.1.\u201330.9.2025<\/p>\n<p>Myyntivolyymi 758,5 miljoonaa litraa (vuosi sitten 775,7 miljoonaa litraa).<\/p>\n<p>Liikevaihto 514,1 miljoonaa euroa (510,0 miljoonaa euroa).<\/p>\n<p>Liiketulos 65,7 miljoonaa euroa (72 miljoonaa euroa).<\/p>\n<p>Liiketulosprosentti 12,8 (14,1).<\/p>\n<p>Tilikauden tulos 47,7 miljoonaa euroa (55,0 miljoonaa euroa).<\/p>\n<p>Konserni ty\u00f6llist\u00e4\u00e4 noin 2\u2009500 henkil\u00f6\u00e4.<\/p>\n<p>Muokattu 22.10. klo 13.30: Liikevaihdoksi korjattu 514,1 miljoonaa euroa.<\/p>\n","protected":false},"excerpt":{"rendered":"Iisalmelaisen panimoyhti\u00f6n Olvi Oyj:n liiketulos laski l\u00e4hes kymmenen prosenttia hein\u00e4-syyskuussa viime vuoden vastaavaan ajanjaksoon verrattuna. Tulos oli 27&hellip;\n","protected":false},"author":2,"featured_media":70528,"comment_status":"","ping_status":"","sticky":false,"template":"","format":"standard","meta":{"footnotes":""},"categories":[76],"tags":[79,77,33,31,30,6487,1320,2349,402,32,78,1319,549,4029],"class_list":{"0":"post-70527","1":"post","2":"type-post","3":"status-publish","4":"format-standard","5":"has-post-thumbnail","7":"category-talous","8":"tag-business","9":"tag-economy","10":"tag-fi","11":"tag-finland","12":"tag-finnish","13":"tag-liiketulos","14":"tag-liikevaihto","15":"tag-myynti","16":"tag-rakentaminen-kiinteistot","17":"tag-suomi","18":"tag-talous","19":"tag-tulostiedot","20":"tag-ukrainan-sota","21":"tag-viro"},"share_on_mastodon":{"url":"https:\/\/pubeurope.com\/@fi\/115425706238122248","error":""},"_links":{"self":[{"href":"https:\/\/www.europesays.com\/fi\/wp-json\/wp\/v2\/posts\/70527","targetHints":{"allow":["GET"]}}],"collection":[{"href":"https:\/\/www.europesays.com\/fi\/wp-json\/wp\/v2\/posts"}],"about":[{"href":"https:\/\/www.europesays.com\/fi\/wp-json\/wp\/v2\/types\/post"}],"author":[{"embeddable":true,"href":"https:\/\/www.europesays.com\/fi\/wp-json\/wp\/v2\/users\/2"}],"replies":[{"embeddable":true,"href":"https:\/\/www.europesays.com\/fi\/wp-json\/wp\/v2\/comments?post=70527"}],"version-history":[{"count":0,"href":"https:\/\/www.europesays.com\/fi\/wp-json\/wp\/v2\/posts\/70527\/revisions"}],"wp:featuredmedia":[{"embeddable":true,"href":"https:\/\/www.europesays.com\/fi\/wp-json\/wp\/v2\/media\/70528"}],"wp:attachment":[{"href":"https:\/\/www.europesays.com\/fi\/wp-json\/wp\/v2\/media?parent=70527"}],"wp:term":[{"taxonomy":"category","embeddable":true,"href":"https:\/\/www.europesays.com\/fi\/wp-json\/wp\/v2\/categories?post=70527"},{"taxonomy":"post_tag","embeddable":true,"href":"https:\/\/www.europesays.com\/fi\/wp-json\/wp\/v2\/tags?post=70527"}],"curies":[{"name":"wp","href":"https:\/\/api.w.org\/{rel}","templated":true}]}}