{"id":70572,"date":"2025-10-23T23:13:09","date_gmt":"2025-10-23T23:13:09","guid":{"rendered":"https:\/\/www.europesays.com\/fi\/70572\/"},"modified":"2025-10-23T23:13:09","modified_gmt":"2025-10-23T23:13:09","slug":"yksi-ihminen-loukkaantui-vakivallanteossa-inkeroisissa-poliisi-tutkii-tapahtumia-kymenlaakso","status":"publish","type":"post","link":"https:\/\/www.europesays.com\/fi\/70572\/","title":{"rendered":"Yksi ihminen loukkaantui v\u00e4kivallanteossa Inkeroisissa \u2013 poliisi tutkii tapahtumia | Kymenlaakso"},"content":{"rendered":"<p class=\"aw-1gybjub aw-5vja16 ghpEtB kjanFo yle__article__paragraph\">Kaakkois-Suomen poliisi sai h\u00e4lytyksen tapahtumista torstaina iltap\u00e4iv\u00e4ll\u00e4. <\/p>\n<p><img decoding=\"async\" alt=\"Inkeroisissa sijaitsevan karttakuvan keskelle on merkitty rikospaikka. L\u00e4hell\u00e4 sijaitsevat my\u00f6s koulu ja p\u00e4iv\u00e4koti.\" src=\"https:\/\/www.europesays.com\/fi\/wp-content\/uploads\/2025\/10\/39-154288168fa275d4c472.jpeg\" class=\"aw-1l9m598 hKVVvP\"\/><\/p>\n<p>Avaa kuvien katselu<\/p>\n<p>Tilanne tapahtui Inkeroisten keskustassa. Kuva: Mari Siltanen \/ Yle, Mapcreator, Open Street Map<\/p>\n<p class=\"aw-1gybjub aw-1p7kakr ghpEtB jtovHP yle__article__paragraph\">Poliisi tutkii torstaina iltap\u00e4iv\u00e4ll\u00e4 Kouvolassa tapahtunutta v\u00e4kivaltatilannetta.<\/p>\n<p class=\"aw-1gybjub aw-1p7kakr ghpEtB jtovHP yle__article__paragraph\">Poliisin mukaan yksi ihminen loukkaantui, kun t\u00e4t\u00e4 puukotettiin ter\u00e4aseella Inkeroisissa, Yhteiskouluntiell\u00e4.<\/p>\n<p class=\"aw-1gybjub aw-1p7kakr ghpEtB jtovHP yle__article__paragraph\">Poliisin tietojen mukaan yhteenotossa oli mukana vain uhri ja v\u00e4kivallantekij\u00e4. Tilanteesta ei ollut vaaraa ulkopuolisille.<\/p>\n<p class=\"aw-1gybjub aw-1p7kakr ghpEtB jtovHP yle__article__paragraph\">Poliisi sai ilmoituksen rikoksesta noin puoli kolmelta iltap\u00e4iv\u00e4ll\u00e4. Paikalle meni useampi poliisipartio sek\u00e4 ambulanssi.<\/p>\n<p class=\"aw-1gybjub aw-1p7kakr ghpEtB jtovHP yle__article__paragraph\">Poliisi selvitt\u00e4\u00e4 nyt tapahtumien kulkua ja on aloittanut rikostutkinnan tapahtumapaikalla. N\u00e4in ollen Inkeroisissa voi n\u00e4ky\u00e4 poikkeuksellisen paljon poliiseja, vaikka akuutti poliisioperaatio alueella on ohi.<\/p>\n","protected":false},"excerpt":{"rendered":"Kaakkois-Suomen poliisi sai h\u00e4lytyksen tapahtumista torstaina iltap\u00e4iv\u00e4ll\u00e4. Avaa kuvien katselu Tilanne tapahtui Inkeroisten keskustassa. Kuva: Mari Siltanen \/&hellip;\n","protected":false},"author":2,"featured_media":70573,"comment_status":"","ping_status":"","sticky":false,"template":"","format":"standard","meta":{"footnotes":""},"categories":[12],"tags":[9330,22,23,26,27,33,31,30,17,15538,737,3764,464,55,24,25,28,29,15,18,21,3523,857,52,3522,1283,581,1263,32,19,20,16,40],"class_list":{"0":"post-70572","1":"post","2":"type-post","3":"status-publish","4":"format-standard","5":"has-post-thumbnail","7":"category-suomi","8":"tag-ambulanssit","9":"tag-breaking-news","10":"tag-breakingnews","11":"tag-featured-news","12":"tag-featurednews","13":"tag-fi","14":"tag-finland","15":"tag-finnish","16":"tag-headlines","17":"tag-inkeroinen","18":"tag-kouvola","19":"tag-kouvolan-seutukunta","20":"tag-kymenlaakso","21":"tag-lainvalvonta","22":"tag-latest-news","23":"tag-latestnews","24":"tag-main-news","25":"tag-mainnews","26":"tag-news","27":"tag-otsikot","28":"tag-paauutiset","29":"tag-pelastuspalvelu","30":"tag-pelastustoiminta","31":"tag-poliisi","32":"tag-poliisin-toimenpiteet","33":"tag-poliisitutkinta","34":"tag-rikokset","35":"tag-rikosepailyt","36":"tag-suomi","37":"tag-top-stories","38":"tag-topstories","39":"tag-uutiset","40":"tag-vakivalta"},"share_on_mastodon":{"url":"","error":"Validation failed: Text character limit of 500 exceeded"},"_links":{"self":[{"href":"https:\/\/www.europesays.com\/fi\/wp-json\/wp\/v2\/posts\/70572","targetHints":{"allow":["GET"]}}],"collection":[{"href":"https:\/\/www.europesays.com\/fi\/wp-json\/wp\/v2\/posts"}],"about":[{"href":"https:\/\/www.europesays.com\/fi\/wp-json\/wp\/v2\/types\/post"}],"author":[{"embeddable":true,"href":"https:\/\/www.europesays.com\/fi\/wp-json\/wp\/v2\/users\/2"}],"replies":[{"embeddable":true,"href":"https:\/\/www.europesays.com\/fi\/wp-json\/wp\/v2\/comments?post=70572"}],"version-history":[{"count":0,"href":"https:\/\/www.europesays.com\/fi\/wp-json\/wp\/v2\/posts\/70572\/revisions"}],"wp:featuredmedia":[{"embeddable":true,"href":"https:\/\/www.europesays.com\/fi\/wp-json\/wp\/v2\/media\/70573"}],"wp:attachment":[{"href":"https:\/\/www.europesays.com\/fi\/wp-json\/wp\/v2\/media?parent=70572"}],"wp:term":[{"taxonomy":"category","embeddable":true,"href":"https:\/\/www.europesays.com\/fi\/wp-json\/wp\/v2\/categories?post=70572"},{"taxonomy":"post_tag","embeddable":true,"href":"https:\/\/www.europesays.com\/fi\/wp-json\/wp\/v2\/tags?post=70572"}],"curies":[{"name":"wp","href":"https:\/\/api.w.org\/{rel}","templated":true}]}}