{"id":70584,"date":"2025-10-23T23:40:11","date_gmt":"2025-10-23T23:40:11","guid":{"rendered":"https:\/\/www.europesays.com\/fi\/70584\/"},"modified":"2025-10-23T23:40:11","modified_gmt":"2025-10-23T23:40:11","slug":"poliisitehtava-keravalla-tasta-oli-kyse","status":"publish","type":"post","link":"https:\/\/www.europesays.com\/fi\/70584\/","title":{"rendered":"Poliisiteht\u00e4v\u00e4 Keravalla \u2013 T\u00e4st\u00e4 oli kyse"},"content":{"rendered":"<p>Tapausta tutkitaan toistaiseksi t\u00f6rke\u00e4n\u00e4 pahoinpitelyn\u00e4.<\/p>\n<p><img decoding=\"async\" class=\"image image-show image-preview\" src=\"https:\/\/www.europesays.com\/fi\/wp-content\/uploads\/2025\/10\/7349366a637eca54ce9c60258efccef8e645c0bf07579fc6b2f17deb9d4a2165.jpg\" alt=\"\"\/><img decoding=\"async\" class=\"image image-show\" src=\"https:\/\/www.europesays.com\/fi\/wp-content\/uploads\/2025\/10\/1761262811_131_7349366a637eca54ce9c60258efccef8e645c0bf07579fc6b2f17deb9d4a2165.jpg\" alt=\"\"\/><\/p>\n<p>Teht\u00e4v\u00e4lle osallistui muutama poliisipartio. Kuvituskuva. Elle Laitila<\/p>\n<p class=\"paragraph\">It\u00e4-Uudenmaan poliisilla oli torstaina iltap\u00e4iv\u00e4ll\u00e4 teht\u00e4v\u00e4 Keravan Lintulammenkadulla.  Poliisi kertoo Iltalehdelle puoli yhdeks\u00e4n aikaan illalla, ett\u00e4 kyse on ollut ep\u00e4illyst\u00e4 v\u00e4kivallanteosta.<\/p>\n<p class=\"paragraph\">\u2013 Kyse on toistaiseksi hieman ep\u00e4selv\u00e4st\u00e4 pahoinpitelyst\u00e4, jossa yksi ihminen on saanut k\u00e4teens\u00e4 haavan ter\u00e4aseesta.<\/p>\n<p class=\"paragraph\">H\u00e4t\u00e4keskus sai tiedon v\u00e4kivallanteosta kello 16.37. Teht\u00e4v\u00e4lle osallistui muutama poliisipartio. Tapausta tutkitaan toistaiseksi t\u00f6rke\u00e4n\u00e4 pahoinpitelyn\u00e4.<\/p>\n<p class=\"paragraph\">Rikosnimike voi selitty\u00e4 ter\u00e4aseen k\u00e4ytt\u00e4misell\u00e4. <a href=\"https:\/\/www.finlex.fi\/fi\/lainsaadanto\/1889\/39-001#chp_21__sec_6\" target=\"_blank\" rel=\"noopener nofollow\">Rikoslain mukaan<\/a> pahoinpitely on t\u00f6rke\u00e4, jos siin\u00e4 k\u00e4ytet\u00e4\u00e4n \u201dampuma- tai ter\u00e4asetta taikka muuta niihin rinnastettavaa hengenvaarallista v\u00e4linett\u00e4\u201d ja rikos on kokonaisuutena arvostellen t\u00f6rke\u00e4. Rikosnimike voi tarkentua esitutkinnan edetess\u00e4.<\/p>\n<p class=\"paragraph\">Asiasta ensimm\u00e4isen\u00e4 uutisoinut <a href=\"https:\/\/www.is.fi\/kotimaa\/art-2000011580142.html\" target=\"_blank\" rel=\"noopener nofollow\">Ilta-Sanomat<\/a> haastatteli silminn\u00e4kij\u00e4\u00e4, joka kuvaili tapausta hieman vakavammaksi. IS:n haastattelema naapurinmies sanoi, ett\u00e4 poliisit kantoivat rappuk\u00e4yt\u00e4v\u00e4st\u00e4 elottomalta vaikuttanutta, noin 30-vuotiasta miest\u00e4.<\/p>\n<p class=\"paragraph\">Naapuri kertoi lehdelle kuulleensa \u201dhelvetinmoisen pamauksen\u201d iltap\u00e4iv\u00e4ll\u00e4 nelj\u00e4n aikoihin. Sen j\u00e4lkeen poliisit tulivat paikalle \u201dpillit ulvoen\u201d. Naapurinmiehen mukaan ambulanssi ei pit\u00e4nyt kiirett\u00e4 poistuessaan paikalta.<\/p>\n<p class=\"paragraph\">Paikalla oli IS:n mukaan my\u00f6s verij\u00e4lki\u00e4.<\/p>\n","protected":false},"excerpt":{"rendered":"Tapausta tutkitaan toistaiseksi t\u00f6rke\u00e4n\u00e4 pahoinpitelyn\u00e4. Teht\u00e4v\u00e4lle osallistui muutama poliisipartio. Kuvituskuva. Elle Laitila It\u00e4-Uudenmaan poliisilla oli torstaina iltap\u00e4iv\u00e4ll\u00e4 teht\u00e4v\u00e4&hellip;\n","protected":false},"author":2,"featured_media":70585,"comment_status":"","ping_status":"","sticky":false,"template":"","format":"standard","meta":{"footnotes":""},"categories":[5],"tags":[35,36,22,23,26,27,33,31,30,17,53,24,25,28,29,15,18,21,122,54,52,32,19,20,16],"class_list":{"0":"post-70584","1":"post","2":"type-post","3":"status-publish","4":"format-standard","5":"has-post-thumbnail","7":"category-otsikot","8":"tag-24h","9":"tag-asuintalot-ja-asunnot","10":"tag-breaking-news","11":"tag-breakingnews","12":"tag-featured-news","13":"tag-featurednews","14":"tag-fi","15":"tag-finland","16":"tag-finnish","17":"tag-headlines","18":"tag-laki-oikeus-ja-rikos","19":"tag-latest-news","20":"tag-latestnews","21":"tag-main-news","22":"tag-mainnews","23":"tag-news","24":"tag-otsikot","25":"tag-paauutiset","26":"tag-pelastaminen","27":"tag-pelastuspalvelut","28":"tag-poliisi","29":"tag-suomi","30":"tag-top-stories","31":"tag-topstories","32":"tag-uutiset"},"share_on_mastodon":{"url":"https:\/\/pubeurope.com\/@fi\/115426127002939695","error":""},"_links":{"self":[{"href":"https:\/\/www.europesays.com\/fi\/wp-json\/wp\/v2\/posts\/70584","targetHints":{"allow":["GET"]}}],"collection":[{"href":"https:\/\/www.europesays.com\/fi\/wp-json\/wp\/v2\/posts"}],"about":[{"href":"https:\/\/www.europesays.com\/fi\/wp-json\/wp\/v2\/types\/post"}],"author":[{"embeddable":true,"href":"https:\/\/www.europesays.com\/fi\/wp-json\/wp\/v2\/users\/2"}],"replies":[{"embeddable":true,"href":"https:\/\/www.europesays.com\/fi\/wp-json\/wp\/v2\/comments?post=70584"}],"version-history":[{"count":0,"href":"https:\/\/www.europesays.com\/fi\/wp-json\/wp\/v2\/posts\/70584\/revisions"}],"wp:featuredmedia":[{"embeddable":true,"href":"https:\/\/www.europesays.com\/fi\/wp-json\/wp\/v2\/media\/70585"}],"wp:attachment":[{"href":"https:\/\/www.europesays.com\/fi\/wp-json\/wp\/v2\/media?parent=70584"}],"wp:term":[{"taxonomy":"category","embeddable":true,"href":"https:\/\/www.europesays.com\/fi\/wp-json\/wp\/v2\/categories?post=70584"},{"taxonomy":"post_tag","embeddable":true,"href":"https:\/\/www.europesays.com\/fi\/wp-json\/wp\/v2\/tags?post=70584"}],"curies":[{"name":"wp","href":"https:\/\/api.w.org\/{rel}","templated":true}]}}