{"id":70680,"date":"2025-10-24T03:20:09","date_gmt":"2025-10-24T03:20:09","guid":{"rendered":"https:\/\/www.europesays.com\/fi\/70680\/"},"modified":"2025-10-24T03:20:09","modified_gmt":"2025-10-24T03:20:09","slug":"rosanna-kulju-paljastaa-hedelmoityshoitojensa-hintalapun","status":"publish","type":"post","link":"https:\/\/www.europesays.com\/fi\/70680\/","title":{"rendered":"Rosanna Kulju paljastaa hedelm\u00f6ityshoitojensa hintalapun"},"content":{"rendered":"<p>Rosanna Kulju kertoo podcastissaan hedelm\u00f6ityshoitojensa hinnasta.<\/p>\n<p><img decoding=\"async\" class=\"image image-show image-preview\" src=\"https:\/\/www.europesays.com\/fi\/wp-content\/uploads\/2025\/10\/32bad8a6910f729cc5a46a0369af37c156e07c6222b653408536651002361e6f.jpg\" alt=\"\"\/><img decoding=\"async\" class=\"image image-show\" src=\"https:\/\/www.europesays.com\/fi\/wp-content\/uploads\/2025\/10\/1761276009_977_32bad8a6910f729cc5a46a0369af37c156e07c6222b653408536651002361e6f.jpg\" alt=\"\"\/><\/p>\n<p>Rosanna Kulju Tanssii t\u00e4htien kanssa -l\u00e4hetyksen punaisella matolla syyskuussa. Atte Kajova<\/p>\n<p class=\"paragraph\">Somevaikuttaja <a href=\"https:\/\/www.iltalehti.fi\/henkilot\/Rosanna Kulju\" class=\"article-link-person-page\" rel=\"nofollow noopener\" target=\"_blank\">Rosanna Kulju<\/a> on raskaana ja paljastaa nyt tuoreessa Mit\u00e4 mieless\u00e4? -podcastin jaksossa, kuinka paljon h\u00e4nen hedelm\u00f6ityshoitonsa maksoivat.<\/p>\n<p class=\"paragraph\">Kulju ja h\u00e4nen kumppaninsa hedelm\u00f6ityshoidot tehtiin yksityisell\u00e4 puolella. Pariskunta ei edes harkinnut julkisen puolen hoitoja, sill\u00e4 he halusivat nopeuttaa prosessia. P\u00e4\u00e4t\u00f6kseen vaikutti my\u00f6s se, ett\u00e4 pariskunnalla oli tarpeeksi rahaa hoitoihin.<\/p>\n<p class=\"paragraph\">Hoitomuodoksi valikoitui ISCI eli mikrohedelm\u00f6itys.<\/p>\n<p class=\"paragraph\">Kulju kertoo podcastissa, ett\u00e4 hedelm\u00f6ityshoitojen loppusumma asettui viiteen ja puoleen tuhanteen euroon. Lis\u00e4ksi kuluja tuli muun muassa l\u00e4\u00e4kkeist\u00e4.<\/p>\n<p class=\"paragraph\">Kulju on k\u00e4sitellyt podcastissaan lapsettomuutta. Kuljulla ja h\u00e4nen kumppanillaan oli haasteita luonnollisesti raskaaksi tulemisen kanssa.<\/p>\n<p class=\"paragraph\">Kuljun vauvan laskettu aika on ensi vuoden kev\u00e4\u00e4ll\u00e4. Lapsi on Kuljun ensimm\u00e4inen. Kuljun kumppanille vauva on nelj\u00e4s lapsi.<\/p>\n<p class=\"paragraph\">Kulju on tuntenut nykyisen miehens\u00e4 jo seitsem\u00e4n vuoden ajan. Pari on vuosien aikana ollut yhdess\u00e4 ja erill\u00e4\u00e4n. He palasivat yhteen noin vuosi sitten.<\/p>\n<p class=\"paragraph\">Mit\u00e4 mieless\u00e4? -podcast on kuunneltavissa suoratoistopalvelu <a href=\"https:\/\/podimo.com\/fi\/shows\/mita-mielessa-2\" rel=\"noopener nofollow\" target=\"_blank\">Podimossa<\/a>.<\/p>\n","protected":false},"excerpt":{"rendered":"Rosanna Kulju kertoo podcastissaan hedelm\u00f6ityshoitojensa hinnasta. Rosanna Kulju Tanssii t\u00e4htien kanssa -l\u00e4hetyksen punaisella matolla syyskuussa. Atte Kajova Somevaikuttaja&hellip;\n","protected":false},"author":2,"featured_media":70681,"comment_status":"","ping_status":"","sticky":false,"template":"","format":"standard","meta":{"footnotes":""},"categories":[136],"tags":[35,407,137,33,31,30,101,408,99,100,98,103,32,109],"class_list":{"0":"post-70680","1":"post","2":"type-post","3":"status-publish","4":"format-standard","5":"has-post-thumbnail","7":"category-julkkikset","8":"tag-24h","9":"tag-celebrities","10":"tag-entertainment","11":"tag-fi","12":"tag-finland","13":"tag-finnish","14":"tag-ihmissuhteet","15":"tag-julkkikset","16":"tag-lapset","17":"tag-lapset-ja-nuoret","18":"tag-perhe","19":"tag-sosiaalikysymykset","20":"tag-suomi","21":"tag-viihde"},"share_on_mastodon":{"url":"https:\/\/pubeurope.com\/@fi\/115426992116311562","error":""},"_links":{"self":[{"href":"https:\/\/www.europesays.com\/fi\/wp-json\/wp\/v2\/posts\/70680","targetHints":{"allow":["GET"]}}],"collection":[{"href":"https:\/\/www.europesays.com\/fi\/wp-json\/wp\/v2\/posts"}],"about":[{"href":"https:\/\/www.europesays.com\/fi\/wp-json\/wp\/v2\/types\/post"}],"author":[{"embeddable":true,"href":"https:\/\/www.europesays.com\/fi\/wp-json\/wp\/v2\/users\/2"}],"replies":[{"embeddable":true,"href":"https:\/\/www.europesays.com\/fi\/wp-json\/wp\/v2\/comments?post=70680"}],"version-history":[{"count":0,"href":"https:\/\/www.europesays.com\/fi\/wp-json\/wp\/v2\/posts\/70680\/revisions"}],"wp:featuredmedia":[{"embeddable":true,"href":"https:\/\/www.europesays.com\/fi\/wp-json\/wp\/v2\/media\/70681"}],"wp:attachment":[{"href":"https:\/\/www.europesays.com\/fi\/wp-json\/wp\/v2\/media?parent=70680"}],"wp:term":[{"taxonomy":"category","embeddable":true,"href":"https:\/\/www.europesays.com\/fi\/wp-json\/wp\/v2\/categories?post=70680"},{"taxonomy":"post_tag","embeddable":true,"href":"https:\/\/www.europesays.com\/fi\/wp-json\/wp\/v2\/tags?post=70680"}],"curies":[{"name":"wp","href":"https:\/\/api.w.org\/{rel}","templated":true}]}}