{"id":70687,"date":"2025-10-24T03:27:08","date_gmt":"2025-10-24T03:27:08","guid":{"rendered":"https:\/\/www.europesays.com\/fi\/70687\/"},"modified":"2025-10-24T03:27:08","modified_gmt":"2025-10-24T03:27:08","slug":"ruotsalaistahti-tiputti-uutisen-valitsi-suomen-2","status":"publish","type":"post","link":"https:\/\/www.europesays.com\/fi\/70687\/","title":{"rendered":"Ruotsalaist\u00e4hti tiputti uutisen \u2013 valitsi Suomen"},"content":{"rendered":"<p>Jalkapallo|Paulina Nystr\u00f6m vaihtaa maajoukkuetta.<\/p>\n<p>23.10. 18:21<\/p>\n<p class=\"article-body mb-nof-24 px-nof-16\">Ruotsalainen jalkapalloilija <a class=\"article-personlink\" href=\"https:\/\/www.hs.fi\/haku\/?query=Paulina%20Nystr%C3%B6m\" rel=\"nofollow noopener\" target=\"_blank\">Paulina Nystr\u00f6m<\/a> on vaihtamassa edustusoikeuttaan Suomen maajoukkueeseen.<\/p>\n<p class=\"article-body mb-nof-24 px-nof-16\">Nystr\u00f6m, 25, edusti Ruotsia maajoukkuetasolla aina U17-ik\u00e4luokasta U23:een. Nyt kaksoiskansalaisuuden omistava hy\u00f6kk\u00e4\u00e4j\u00e4 on kuitenkin p\u00e4\u00e4tt\u00e4nyt valita Suomen.<\/p>\n<p class=\"article-body mb-nof-24 px-nof-16\">\u201d\u00c4itini on suomalainen, ja minulla on aina ollut side maahan. Juhlap\u00e4ivin\u00e4 ja jouluisin ruokap\u00f6yd\u00e4ss\u00e4mme on karjalanpiirakoita, ja minulle on laulettu my\u00f6s suomalaisia unilauluja, Nystr\u00f6m sanoo <a class=\"article-genericlink\" href=\"https:\/\/www.aftonbladet.se\/sportbladet\/fotboll\/a\/W096aa\/paulina-nystrom-byter-fran-sveriges-till-finlands-landslag\" rel=\"nofollow noopener\" target=\"_blank\">Aftonbladetin <\/a>mukaan.\u201d<\/p>\n<p class=\"article-body mb-nof-24 px-nof-16\">Nystr\u00f6m kertoo, ett\u00e4 prosessi maajoukkueen vaihtumisesta on alkanut. Sit\u00e4 ei ole viel\u00e4 tiedossa, milloin h\u00e4n voi edustaa Suomea ensimm\u00e4isen kerran.<\/p>\n<p class=\"article-body mb-nof-24 px-nof-16\">Nystr\u00f6min seurajoukkue on ruotsalainen BK H\u00e4cken.<\/p>\n<p class=\"article-body mb-nof-24 px-nof-16\">Nystr\u00f6m on pelannut koko uransa ruotsalaisissa seurajoukkueissa lukuun ottamatta kautta 2023\u201324, jona h\u00e4n edusti Italian suurseuraa Juventusta.<\/p>\n<p class=\"article-body mb-nof-24 px-nof-16\">Siell\u00e4 h\u00e4n pelasi 25 ottelussa, joissa h\u00e4n teki yhteens\u00e4 nelj\u00e4 maalia.<\/p>\n","protected":false},"excerpt":{"rendered":"Jalkapallo|Paulina Nystr\u00f6m vaihtaa maajoukkuetta. 23.10. 18:21 Ruotsalainen jalkapalloilija Paulina Nystr\u00f6m on vaihtamassa edustusoikeuttaan Suomen maajoukkueeseen. Nystr\u00f6m, 25, edusti&hellip;\n","protected":false},"author":2,"featured_media":70688,"comment_status":"","ping_status":"","sticky":false,"template":"","format":"standard","meta":{"footnotes":""},"categories":[158],"tags":[33,31,30,46,159,32,160],"class_list":{"0":"post-70687","1":"post","2":"type-post","3":"status-publish","4":"format-standard","5":"has-post-thumbnail","7":"category-urheilu","8":"tag-fi","9":"tag-finland","10":"tag-finnish","11":"tag-helsingin-sanomat","12":"tag-sports","13":"tag-suomi","14":"tag-urheilu"},"share_on_mastodon":{"url":"https:\/\/pubeurope.com\/@fi\/115427019526253165","error":""},"_links":{"self":[{"href":"https:\/\/www.europesays.com\/fi\/wp-json\/wp\/v2\/posts\/70687","targetHints":{"allow":["GET"]}}],"collection":[{"href":"https:\/\/www.europesays.com\/fi\/wp-json\/wp\/v2\/posts"}],"about":[{"href":"https:\/\/www.europesays.com\/fi\/wp-json\/wp\/v2\/types\/post"}],"author":[{"embeddable":true,"href":"https:\/\/www.europesays.com\/fi\/wp-json\/wp\/v2\/users\/2"}],"replies":[{"embeddable":true,"href":"https:\/\/www.europesays.com\/fi\/wp-json\/wp\/v2\/comments?post=70687"}],"version-history":[{"count":0,"href":"https:\/\/www.europesays.com\/fi\/wp-json\/wp\/v2\/posts\/70687\/revisions"}],"wp:featuredmedia":[{"embeddable":true,"href":"https:\/\/www.europesays.com\/fi\/wp-json\/wp\/v2\/media\/70688"}],"wp:attachment":[{"href":"https:\/\/www.europesays.com\/fi\/wp-json\/wp\/v2\/media?parent=70687"}],"wp:term":[{"taxonomy":"category","embeddable":true,"href":"https:\/\/www.europesays.com\/fi\/wp-json\/wp\/v2\/categories?post=70687"},{"taxonomy":"post_tag","embeddable":true,"href":"https:\/\/www.europesays.com\/fi\/wp-json\/wp\/v2\/tags?post=70687"}],"curies":[{"name":"wp","href":"https:\/\/api.w.org\/{rel}","templated":true}]}}