{"id":70794,"date":"2025-10-24T06:48:09","date_gmt":"2025-10-24T06:48:09","guid":{"rendered":"https:\/\/www.europesays.com\/fi\/70794\/"},"modified":"2025-10-24T06:48:09","modified_gmt":"2025-10-24T06:48:09","slug":"heidi-willman-paljastaa-vaihdevuosien-haasteet-ja-syovan-vaikutukset","status":"publish","type":"post","link":"https:\/\/www.europesays.com\/fi\/70794\/","title":{"rendered":"Heidi Willman paljastaa vaihdevuosien haasteet ja sy\u00f6v\u00e4n vaikutukset"},"content":{"rendered":"<p>            Matti Matikainen\n        <\/p>\n<p class=\"subtitle \">Vuoden 2001 Miss Suomi haluaa my\u00f6s miesten ymm\u00e4rt\u00e4v\u00e4n \u2013 ja antavan tukea.<\/p>\n<p class=\"article-content article-content-width !bg-background\">Yritt\u00e4j\u00e4, juontaja ja somevaikuttaja  tunnustaa, ett\u00e4 jo seitsem\u00e4n vuotta sitten, alle nelikymppisen\u00e4 alkaneet vaihdevuodet saavat h\u00e4net suuttumaan.<\/p>\n<p class=\"font-weight-bold m-font-weight-bold article-content article-content-width !bg-background\">Arkistovideo: Heidi kertoo Sleepy Sleepersist\u00e4<\/p>\n<p class=\"article-content article-content-width !bg-background\">Instagramin 24 tunnissa vanhenevissa tarinoissaan Heidi kuitenkin puhuu piinasta huumorilla. Lis\u00e4ksi h\u00e4n tahtoisi varsinkin miesten kuulevan h\u00e4nen sanansa.<\/p>\n<p class=\"article-content article-content-width !bg-background\">H\u00e4n istuu puhuessaan portailla ja nojaa leukaa k\u00e4mmeneens\u00e4.<\/p>\n<p class=\"article-content article-content-width !bg-background\">\u2013 Olisin ajatellut, ett\u00e4 teen vaihdevuosista videon. Haluaisin antaa siit\u00e4 vinkkej\u00e4. Ihan erityisesti olisin ajatellut t\u00e4t\u00e4 miehille, eli kaikkien esivaihdevuosi- ja vaihdevuosivaivoista k\u00e4rsivien l\u00e4heisille, Heidi sanoo.<\/p>\n<p class=\"article-content article-content-width !bg-background\">H\u00e4n naurahtaa ja kertoo itse\u00e4\u00e4n pattiin ottavan asiansa hymyillen.<\/p>\n<p>Alku liittyy sy\u00f6p\u00e4\u00e4n<\/p>\n<p class=\"article-content article-content-width !bg-background\">Heti alkuun Heidi k\u00e4rsineens\u00e4 vaihdevuosioireista vuodesta 2018 alkaen. H\u00e4n sanoo huolestuneen n\u00e4k\u00f6isen\u00e4 todeten l\u00e4heistens\u00e4 saaneen k\u00e4rsi\u00e4 h\u00e4nen oireistaan tuosta alkaen.<\/p>\n<p class=\"article-content article-content-width !bg-background\">Heidi on ollut avoin sy\u00f6v\u00e4st\u00e4\u00e4n. Kes\u00e4ll\u00e4 2016 h\u00e4nell\u00e4 todettiin ja l\u00e4hes saman tien my\u00f6s leikattiin rintasy\u00f6p\u00e4. Osana leikkausta Heidin molemmat rinnat poistettiin. Kahta vuotta my\u00f6hemmin, 2018, poistettiin my\u00f6s munasarjat\u00a0<\/p>\n<p class=\"article-content article-content-width !bg-background\">Se tietysti vaikuttaa Heidin vaihdevuosiin. Varhainen vaihdevuosien alkaminen ei siis syntynyt itsest\u00e4\u00e4n vaan munasarjojen poistoon.\u00a0Sy\u00f6p\u00e4 saatiin kuitenkin n\u00e4ill\u00e4 hoidoilla aisoihin ja paranemaan.<\/p>\n<p>Vaihdevuosioireet Heidin huushollissa<\/p>\n<p class=\"article-content article-content-width !bg-background\">Heidi\u00e4 vaivaa oma k\u00e4yt\u00f6ksens\u00e4, jota h\u00e4n ei pid\u00e4 l\u00e4heisilleen miellytt\u00e4v\u00e4n\u00e4. K\u00e4yt\u00e4nn\u00f6n esimerkki kertoo h\u00e4nen my\u00f6t\u00e4tunnostaan perhett\u00e4 kohtaan.<\/p>\n<p>        <a itemprop=\"url\" href=\"https:\/\/www.seiska.fi\/terveys\/heidi-willman-julkaisi-kuvan-sairaalasta-terveytta-ei-voi-koskaan-pitaa-itsestaanselvyytena\/1901760\" rel=\"nofollow noopener\" target=\"_blank\"><\/p>\n<p>\nHeidi Willman\n<\/p>\n<p class=\"section-date\">\n        <strong class=\"article-section\" data-section=\"terveys\"><br \/>\n            terveys<br \/>\n        <\/strong><br \/>\n        16.8. 15:13\n    <\/p>\n<p>Heidi Willman julkaisi kuvan sairaalasta: &#8221;Terveytt\u00e4 ei voi koskaan pit\u00e4\u00e4 itsest\u00e4\u00e4nselvyyten\u00e4&#8221;\n    <\/p>\n<p itemprop=\"description\" class=\"subtitle \">\n    Heidi on puhunut julkisuudessa avoimesti sy\u00f6p\u00e4taistelustaan.\n<\/p>\n<p>        <\/a><\/p>\n<p class=\"article-content article-content-width !bg-background\">\u2013 Viimeksi eilen nukkumaan menness\u00e4 laitoin tytt\u00e4relleni viestin &#8221;Anteeksi, kun korotin \u00e4\u00e4nt\u00e4.&#8221; En pystynyt ryhty\u00e4 nukkumaan ennen sit\u00e4. Aina kun korottaa \u00e4\u00e4nt\u00e4, se on niin raskasta, Heidi sanoo hyvin huolestuneen n\u00e4k\u00f6isen\u00e4.<\/p>\n<p class=\"article-content article-content-width !bg-background\">H\u00e4n selv\u00e4sti pahoillaan, ett\u00e4 asian voi ilmaista monella tapaa, mutta h\u00e4n ei haluaisi kiivastua ja vasta sen j\u00e4lkeen huomata muita tapoja ilmaista pointtinsa.<\/p>\n<p>Huumori v\u00e4lill\u00e4 tiukassa<\/p>\n<p class=\"article-content article-content-width !bg-background\">Vaihdevuosiaiheeseen liittyy muutakin. Siit\u00e4 Heidin perheess\u00e4 kyll\u00e4 vitsaillaan rennosti, ja Heidin nauraa asialle huojentuneena.<\/p>\n<p class=\"article-content article-content-width !bg-background\">\u2013 Mutta sill\u00e4 hetkell\u00e4, auta armias&#8230; Silloin ei ole kyll\u00e4 huumorintajua. \u00c4rsytt\u00e4\u00e4 tajuta, ett\u00e4 nyt min\u00e4 kimpaannun, ja t\u00e4m\u00e4 liittyy vaihdevuosien hormoniasiaan.<\/p>\n<p>        <a itemprop=\"url\" href=\"https:\/\/www.seiska.fi\/kotimaa\/nain-heidi-willman-44-vietti-synttareita-tunnistatko-missikuvasta\/1706228\" rel=\"nofollow noopener\" target=\"_blank\"><\/p>\n<p>\nHeidi Willman t\u00e4ytti 44\n<\/p>\n<p class=\"section-date\">\n        <strong class=\"article-section\" data-section=\"kotimaa\"><br \/>\n            kotimaa<br \/>\n        <\/strong><br \/>\n        19.5. 09:59\n    <\/p>\n<p>N\u00e4in Heidi Willman, 44, vietti syntt\u00e4reit\u00e4 \u2013 tunnistatko missikuvasta?\n    <\/p>\n<p itemprop=\"description\" class=\"subtitle \">\n    Vuoden 2001 Miss Suomi l\u00f6ysi syntt\u00e4reilleen erityisen ilonaiheen.\n<\/p>\n<p>        <\/a><\/p>\n<p class=\"article-content article-content-width !bg-background\">Heidi j\u00e4\u00e4 pohtimaan ja toistaa lupauksensa tehd\u00e4 videon aiheesta.<\/p>\n<p class=\"article-content article-content-width !bg-background\">\u2013 Muut voisivat sitten n\u00e4ytt\u00e4\u00e4 sen l\u00e4heisilleen, jotta sielt\u00e4 tulisi tukea. Ja ymm\u00e4rryst\u00e4!<\/p>\n<p>Pahin jo takana<\/p>\n<p class=\"article-content article-content-width !bg-background\">Ajan mittaan kuumat aallot eiv\u00e4t ole poistuneet, mutta ne ovat v\u00e4hentyneet. Samoin Heidi kertoo ajan tuoneen my\u00f6s mielialoihin balanssia.<\/p>\n<p>        <a itemprop=\"url\" href=\"https:\/\/www.seiska.fi\/kotimaa\/nain-kavi-heidi-willmanin-elamantaparemontille\/1671214\" rel=\"nofollow noopener\" target=\"_blank\"><\/p>\n<p>\nHeidi Willman\n<\/p>\n<p class=\"section-date\">\n        <strong class=\"article-section\" data-section=\"kotimaa\"><br \/>\n            kotimaa<br \/>\n        <\/strong><br \/>\n        10.4. 18:00\n    <\/p>\n<p>N\u00e4in k\u00e4vi Heidi Willmanin el\u00e4m\u00e4ntaparemontille\n    <\/p>\n<p itemprop=\"description\" class=\"subtitle \">\n    Ex-missi kertoo el\u00e4m\u00e4ns\u00e4 viimeaikaisista muutoksista.\n<\/p>\n<p>        <\/a><\/p>\n<p class=\"article-content article-content-width !bg-background\">\u2013 Silti niiden kanssa pit\u00e4\u00e4 el\u00e4\u00e4, fyysisten ja henkisten oireiden. Ihana huomata kuitenkin, ett\u00e4 alun huipusta on tultu ainakin v\u00e4h\u00e4n alasp\u00e4in, Heidi sanoo ja palaa siivouksen pariin.<\/p>\n<p class=\"article-content article-content-width !bg-background\">Heidin <a href=\"https:\/\/www.instagram.com\/stories\/willman.heidi\/3749767787540170544\/\" target=\"_blank\" rel=\"nofollow noopener\">Insta-tarinat p\u00e4\u00e4set katsomaan t\u00e4st\u00e4<\/a>. Ne n\u00e4kyv\u00e4t palvelussa perjantaihin (24.10.) kello 17:\u00e4\u00e4n asti.<\/p>\n<p>        <a itemprop=\"url\" href=\"https:\/\/www.seiska.fi\/kotimaa\/no-nyt-talta-kuulostaa-laulava-heidi-willman-video\/1555751\" rel=\"nofollow noopener\" target=\"_blank\"><\/p>\n<p class=\"section-date\">\n        <strong class=\"article-section\" data-section=\"kotimaa\"><br \/>\n            kotimaa<br \/>\n        <\/strong><br \/>\n        22.12.2024 15:00\n    <\/p>\n<p>No nyt! T\u00e4lt\u00e4 kuulostaa laulava Heidi Willman \u2013 video\n    <\/p>\n<p itemprop=\"description\" class=\"subtitle \">\n    Seiska tapasi entisen Miss Suomen Espanjan Fuengirolassa.\n<\/p>\n<p>        <\/a><\/p>\n<p><script async src=\"\/\/www.instagram.com\/embed.js\"><\/script><\/p>\n","protected":false},"excerpt":{"rendered":"Matti Matikainen Vuoden 2001 Miss Suomi haluaa my\u00f6s miesten ymm\u00e4rt\u00e4v\u00e4n \u2013 ja antavan tukea. Yritt\u00e4j\u00e4, juontaja ja somevaikuttaja&hellip;\n","protected":false},"author":2,"featured_media":70795,"comment_status":"","ping_status":"","sticky":false,"template":"","format":"standard","meta":{"footnotes":""},"categories":[136],"tags":[407,137,15568,33,31,30,3916,408,15567,2715,15566,4054,14635,3918,32,1469,167,13171,4967,15569,11667,109,5260],"class_list":{"0":"post-70794","1":"post","2":"type-post","3":"status-publish","4":"format-standard","5":"has-post-thumbnail","7":"category-julkkikset","8":"tag-celebrities","9":"tag-entertainment","10":"tag-esivaihdevuodet","11":"tag-fi","12":"tag-finland","13":"tag-finnish","14":"tag-heidi-willman","15":"tag-julkkikset","16":"tag-mastektomia","17":"tag-miehet","18":"tag-munasarjat","19":"tag-naiset","20":"tag-rinnat","21":"tag-rintasyopa","22":"tag-suomi","23":"tag-syopa","24":"tag-terveys","25":"tag-terveyshuolet","26":"tag-terveyshuolia","27":"tag-tilitys","28":"tag-vaihdevuodet","29":"tag-viihde","30":"tag-vinkki"},"share_on_mastodon":{"url":"https:\/\/pubeurope.com\/@fi\/115427810060561953","error":""},"_links":{"self":[{"href":"https:\/\/www.europesays.com\/fi\/wp-json\/wp\/v2\/posts\/70794","targetHints":{"allow":["GET"]}}],"collection":[{"href":"https:\/\/www.europesays.com\/fi\/wp-json\/wp\/v2\/posts"}],"about":[{"href":"https:\/\/www.europesays.com\/fi\/wp-json\/wp\/v2\/types\/post"}],"author":[{"embeddable":true,"href":"https:\/\/www.europesays.com\/fi\/wp-json\/wp\/v2\/users\/2"}],"replies":[{"embeddable":true,"href":"https:\/\/www.europesays.com\/fi\/wp-json\/wp\/v2\/comments?post=70794"}],"version-history":[{"count":0,"href":"https:\/\/www.europesays.com\/fi\/wp-json\/wp\/v2\/posts\/70794\/revisions"}],"wp:featuredmedia":[{"embeddable":true,"href":"https:\/\/www.europesays.com\/fi\/wp-json\/wp\/v2\/media\/70795"}],"wp:attachment":[{"href":"https:\/\/www.europesays.com\/fi\/wp-json\/wp\/v2\/media?parent=70794"}],"wp:term":[{"taxonomy":"category","embeddable":true,"href":"https:\/\/www.europesays.com\/fi\/wp-json\/wp\/v2\/categories?post=70794"},{"taxonomy":"post_tag","embeddable":true,"href":"https:\/\/www.europesays.com\/fi\/wp-json\/wp\/v2\/tags?post=70794"}],"curies":[{"name":"wp","href":"https:\/\/api.w.org\/{rel}","templated":true}]}}