{"id":70814,"date":"2025-10-24T07:17:10","date_gmt":"2025-10-24T07:17:10","guid":{"rendered":"https:\/\/www.europesays.com\/fi\/70814\/"},"modified":"2025-10-24T07:17:10","modified_gmt":"2025-10-24T07:17:10","slug":"amazing-race-voittaja-mari-eder-odottaa-kaksosia","status":"publish","type":"post","link":"https:\/\/www.europesays.com\/fi\/70814\/","title":{"rendered":"Amazing Race -voittaja Mari Eder odottaa kaksosia!"},"content":{"rendered":"<p class=\"article-content article-content-width !bg-background\">Entinen ampumahiiht\u00e4j\u00e4 <a alt=\"Haku\" class=\"text-primary-red font-extrabold\" href=\"https:\/\/www.seiska.fi\/haku?q=Mari\" rel=\"nofollow noopener\" target=\"_blank\">Mari<\/a> <a alt=\"Haku\" class=\"text-primary-red font-extrabold\" href=\"https:\/\/www.seiska.fi\/haku?q=Eder\" rel=\"nofollow noopener\" target=\"_blank\">Eder<\/a>, 37, on raskaana.<\/p>\n<p class=\"font-weight-bold m-font-weight-bold article-content article-content-width !bg-background\">Arkistovideo: Amazing Race -t\u00e4hdet kertovat reissumokistaan<\/p>\n<p class=\"article-content article-content-width !bg-background\">Mari ilmoittaa Instagram-tilill\u00e4\u00e4n odottavansa kaksosia. Kuvassa Mari istuu puisella jakkaralla. H\u00e4n hymyilee ja pit\u00e4\u00e4 k\u00e4si\u00e4\u00e4n py\u00f6ristyneen vatsansa p\u00e4\u00e4ll\u00e4.<\/p>\n<p class=\"article-content article-content-width !bg-background\">\u2013 T\u00e4ss\u00e4 mun t\u00e4m\u00e4n kes\u00e4n kovin ty\u00f6maa, Mari kirjoittaa.<\/p>\n<p class=\"article-content article-content-width !bg-background\">H\u00e4n mainitsee, ett\u00e4 laskettu aika on talven aikana.<\/p>\n<p class=\"article-content article-content-width !bg-background\">\u2013 Viel\u00e4 on matkaa kuljettavana, mutta jos kaikki menee hyvin, meist\u00e4 tulee talvella nelihenkinen perhe. Toivottakaa meille onnea.<\/p>\n<p class=\"article-content article-content-width !bg-background\">Mari ja <a alt=\"Haku\" class=\"text-primary-red font-extrabold\" href=\"https:\/\/www.seiska.fi\/haku?q=Benjamin\u00a0\" rel=\"nofollow noopener\" target=\"_blank\">Benjamin\u00a0<\/a><a alt=\"Haku\" class=\"text-primary-red font-extrabold\" href=\"https:\/\/www.seiska.fi\/haku?q=Eder\" rel=\"nofollow noopener\" target=\"_blank\">Eder<\/a> ovat olleet naimisissa vuodesta 2018. He asuvat It\u00e4vallassa.<\/p>\n<p class=\"article-content article-content-width !bg-background\">Mari p\u00e4\u00e4tti kilpauransa vuoden 2023 kev\u00e4\u00e4ll\u00e4. H\u00e4n voitti uransa aikana kaksi maailmancupin osakilpailua.<\/p>\n<p class=\"article-content article-content-width !bg-background\">Mari ja <a alt=\"Haku\" class=\"text-primary-red font-extrabold\" href=\"https:\/\/www.seiska.fi\/haku?q=Kaisa\" rel=\"nofollow noopener\" target=\"_blank\">Kaisa<\/a> <a alt=\"Haku\" class=\"text-primary-red font-extrabold\" href=\"https:\/\/www.seiska.fi\/haku?q=M\u00e4k\u00e4r\u00e4inen\" rel=\"nofollow noopener\" target=\"_blank\">M\u00e4k\u00e4r\u00e4inen<\/a> kilpailivat Amazing Race Suomessa vuonna 2023. He voittivat koko kilpailun ja kuittasivat itselleen 30\u202f000 euron voittopotin.<\/p>\n","protected":false},"excerpt":{"rendered":"Entinen ampumahiiht\u00e4j\u00e4 Mari Eder, 37, on raskaana. Arkistovideo: Amazing Race -t\u00e4hdet kertovat reissumokistaan Mari ilmoittaa Instagram-tilill\u00e4\u00e4n odottavansa kaksosia.&hellip;\n","protected":false},"author":2,"featured_media":70815,"comment_status":"","ping_status":"","sticky":false,"template":"","format":"standard","meta":{"footnotes":""},"categories":[133],"tags":[15574,137,33,31,30,15575,98,2443,3279,32,206,156,9634,6394,109],"class_list":{"0":"post-70814","1":"post","2":"type-post","3":"status-publish","4":"format-standard","5":"has-post-thumbnail","7":"category-televisiot","8":"tag-benjamin-eder","9":"tag-entertainment","10":"tag-fi","11":"tag-finland","12":"tag-finnish","13":"tag-mari-eder","14":"tag-perhe","15":"tag-raskaus","16":"tag-raskausvatsa","17":"tag-suomi","18":"tag-televisiot","19":"tag-tv","20":"tag-vauva-tulossa","21":"tag-vauvauutinen","22":"tag-viihde"},"share_on_mastodon":{"url":"https:\/\/pubeurope.com\/@fi\/115427923897925315","error":""},"_links":{"self":[{"href":"https:\/\/www.europesays.com\/fi\/wp-json\/wp\/v2\/posts\/70814","targetHints":{"allow":["GET"]}}],"collection":[{"href":"https:\/\/www.europesays.com\/fi\/wp-json\/wp\/v2\/posts"}],"about":[{"href":"https:\/\/www.europesays.com\/fi\/wp-json\/wp\/v2\/types\/post"}],"author":[{"embeddable":true,"href":"https:\/\/www.europesays.com\/fi\/wp-json\/wp\/v2\/users\/2"}],"replies":[{"embeddable":true,"href":"https:\/\/www.europesays.com\/fi\/wp-json\/wp\/v2\/comments?post=70814"}],"version-history":[{"count":0,"href":"https:\/\/www.europesays.com\/fi\/wp-json\/wp\/v2\/posts\/70814\/revisions"}],"wp:featuredmedia":[{"embeddable":true,"href":"https:\/\/www.europesays.com\/fi\/wp-json\/wp\/v2\/media\/70815"}],"wp:attachment":[{"href":"https:\/\/www.europesays.com\/fi\/wp-json\/wp\/v2\/media?parent=70814"}],"wp:term":[{"taxonomy":"category","embeddable":true,"href":"https:\/\/www.europesays.com\/fi\/wp-json\/wp\/v2\/categories?post=70814"},{"taxonomy":"post_tag","embeddable":true,"href":"https:\/\/www.europesays.com\/fi\/wp-json\/wp\/v2\/tags?post=70814"}],"curies":[{"name":"wp","href":"https:\/\/api.w.org\/{rel}","templated":true}]}}