{"id":70961,"date":"2025-10-24T10:46:07","date_gmt":"2025-10-24T10:46:07","guid":{"rendered":"https:\/\/www.europesays.com\/fi\/70961\/"},"modified":"2025-10-24T10:46:07","modified_gmt":"2025-10-24T10:46:07","slug":"yksi-suomen-parhaista-tv-sarjoista-jatkuu-joulukuussa-mutta-yksi-asia-estaa-innostumasta-siita-taysin-rinnoin","status":"publish","type":"post","link":"https:\/\/www.europesays.com\/fi\/70961\/","title":{"rendered":"Yksi Suomen parhaista tv-sarjoista jatkuu joulukuussa, mutta yksi asia est\u00e4\u00e4 innostumasta siit\u00e4 t\u00e4ysin rinnoin"},"content":{"rendered":"<p>Vuoden 2022 sarjatapaus Munkkivuori jatkuu joulukuussa toisen kauden jaksoilla.<\/p>\n<p><a href=\"https:\/\/muropaketti.com\/avainsana\/munkkivuori\/\" rel=\"nofollow noopener\" target=\"_blank\">Munkkivuoren<\/a> jatkaminen on melkoinen riski. Ensinn\u00e4kin sarja ei varsinaisesti j\u00e4\u00e4nyt kaipaamaan jatkoa. Voiko sarja osua napakymppiin uudestaan?<\/p>\n<p>Toisekseen \u2013 ja t\u00e4m\u00e4 on viel\u00e4 paljon suurempi riski \u2013 Munkkivuoren is\u00e4 Jani Volanen on mukana en\u00e4\u00e4 toisena k\u00e4sikirjoittajana. Ohjauksesta vastaa nyt Veden vartija -elokuvasta tuttu Saara Saarela.<\/p>\n<p>T\u00e4m\u00e4 ei tietenk\u00e4\u00e4n ole suoraan huono asia ja saattaa jopa nostaa Munkkivuoren uudelle tasolle, mutta Volasen faneja tilanne tietenkin arveluttaa.<\/p>\n<p>\u201dIdea Munkkivuoren toiseen kauteen syntyi ajatuksesta yhdist\u00e4\u00e4 kaksi asiaa: tehd\u00e4 toisaalta jotain hyvin samaa, mutta samalla halusimme k\u00e4sikirjoittaa selv\u00e4sti muuta kuin mit\u00e4 ensimm\u00e4inen kausi oli. S\u00e4ilytettiin pihakeskeisyys ja osa henkil\u00f6hahmoista. Leikittelin kerronnan lineaarisuudella, mutta eri tavoin kuin ensimm\u00e4isell\u00e4 kaudella. Juonta my\u00f6s vietiin tarkoituksella niin kauas ensimm\u00e4isest\u00e4 kaudesta kuin mahdollista tunnelmasta ja yhtym\u00e4kohdista luopumatta\u201d, Volanen on kertonut hittisarjan uusista jaksoista, jotka h\u00e4n kirjoitti Pirjo Longan kanssa.<\/p>\n<p>\u201dEn ole koskaan lukenut k\u00e4sikirjoitusta, joka olisi niin vahvasti pit\u00e4nyt otteessaan loppuun asti kuin Munkkivuoren toinen kausi. T\u00e4m\u00e4 j\u00e4nnite pysyy my\u00f6s sarjassa, t\u00e4ll\u00e4 kertaa nuorten tytt\u00f6jen maailmaan sekoittuu aikuiseksi kasvamisen ja ylisukupolvisten traumojen tematiikkaan. Salaper\u00e4isen mysteerin tuntu ja viimeisen kes\u00e4n kohtalokkuus n\u00e4kyy ja tuntuu\u201d, Saara Saarela kiittelee.<\/p>\n<p>Munkkivuoren toinen kausi sijoittuu edelt\u00e4j\u00e4ns\u00e4 tavoin 1980-luvulle, muutamia vuosia ensimm\u00e4isen kauden j\u00e4lkeen. Tarinasta on kerrottu seuraavaa:<\/p>\n<p>\u201dKes\u00e4n alussa teini-ik\u00e4inen Nina (Tinka Andersson) yst\u00e4vystyy villin ja salaper\u00e4isen, kotoa karanneen Lolan (Rebecca Baer) kanssa. Tyt\u00f6t viett\u00e4v\u00e4t el\u00e4m\u00e4ns\u00e4 kes\u00e4n. Kun Lola katoaa, nuoret ep\u00e4ilev\u00e4t h\u00e4nen l\u00e4hteneen rokkib\u00e4ndin matkaan. Syksyll\u00e4 mets\u00e4st\u00e4 l\u00f6ytyy Lolan lompakko ja vaatteet. Nuoret ryhtyv\u00e4t selvitt\u00e4m\u00e4\u00e4n, mit\u00e4 Lolalle on tapahtunut.\u201d<\/p>\n<p>Sarjaa t\u00e4hditt\u00e4v\u00e4t Anderssonin ja Baerin lis\u00e4ksi sarjassa n\u00e4yttelev\u00e4t ensimm\u00e4iselt\u00e4 kaudelta tutut nuoret Hugo Komaro, Vilho R\u00f6nkk\u00f6nen, Sunja Hyde ja Lumo Levy sek\u00e4 Krista Kosonen, Eero Ritala, Hannu-Pekka Bj\u00f6rkman, Sara Melleri ja Amos Brotherus.<\/p>\n<p>Elisa Viihteen alkuper\u00e4issarja Munkkivuoren toinen kausi julkaistaan 1. joulukuuta. Sarjan ensiesitys n\u00e4hd\u00e4\u00e4n Ruutu+-palvelussa, ja my\u00f6hemmin se on katsottavissa my\u00f6s Elisa Viihde -palvelussa<strong>.<\/strong><\/p>\n","protected":false},"excerpt":{"rendered":"Vuoden 2022 sarjatapaus Munkkivuori jatkuu joulukuussa toisen kauden jaksoilla. Munkkivuoren jatkaminen on melkoinen riski. Ensinn\u00e4kin sarja ei varsinaisesti&hellip;\n","protected":false},"author":2,"featured_media":70962,"comment_status":"","ping_status":"","sticky":false,"template":"","format":"standard","meta":{"footnotes":""},"categories":[133],"tags":[137,33,31,30,15579,32,206,156,109],"class_list":{"0":"post-70961","1":"post","2":"type-post","3":"status-publish","4":"format-standard","5":"has-post-thumbnail","7":"category-televisiot","8":"tag-entertainment","9":"tag-fi","10":"tag-finland","11":"tag-finnish","12":"tag-munkkivuori","13":"tag-suomi","14":"tag-televisiot","15":"tag-tv","16":"tag-viihde"},"share_on_mastodon":{"url":"https:\/\/pubeurope.com\/@fi\/115428745888100356","error":""},"_links":{"self":[{"href":"https:\/\/www.europesays.com\/fi\/wp-json\/wp\/v2\/posts\/70961","targetHints":{"allow":["GET"]}}],"collection":[{"href":"https:\/\/www.europesays.com\/fi\/wp-json\/wp\/v2\/posts"}],"about":[{"href":"https:\/\/www.europesays.com\/fi\/wp-json\/wp\/v2\/types\/post"}],"author":[{"embeddable":true,"href":"https:\/\/www.europesays.com\/fi\/wp-json\/wp\/v2\/users\/2"}],"replies":[{"embeddable":true,"href":"https:\/\/www.europesays.com\/fi\/wp-json\/wp\/v2\/comments?post=70961"}],"version-history":[{"count":0,"href":"https:\/\/www.europesays.com\/fi\/wp-json\/wp\/v2\/posts\/70961\/revisions"}],"wp:featuredmedia":[{"embeddable":true,"href":"https:\/\/www.europesays.com\/fi\/wp-json\/wp\/v2\/media\/70962"}],"wp:attachment":[{"href":"https:\/\/www.europesays.com\/fi\/wp-json\/wp\/v2\/media?parent=70961"}],"wp:term":[{"taxonomy":"category","embeddable":true,"href":"https:\/\/www.europesays.com\/fi\/wp-json\/wp\/v2\/categories?post=70961"},{"taxonomy":"post_tag","embeddable":true,"href":"https:\/\/www.europesays.com\/fi\/wp-json\/wp\/v2\/tags?post=70961"}],"curies":[{"name":"wp","href":"https:\/\/api.w.org\/{rel}","templated":true}]}}