{"id":71008,"date":"2025-10-24T11:40:13","date_gmt":"2025-10-24T11:40:13","guid":{"rendered":"https:\/\/www.europesays.com\/fi\/71008\/"},"modified":"2025-10-24T11:40:13","modified_gmt":"2025-10-24T11:40:13","slug":"kuvat-nosferatu-ohjaaja-robert-eggers-aloitti-1200-luvulle-sijoittuvan-ihmissusielokuvansa-kuvaukset","status":"publish","type":"post","link":"https:\/\/www.europesays.com\/fi\/71008\/","title":{"rendered":"Kuvat: Nosferatu-ohjaaja Robert Eggers aloitti 1200-luvulle sijoittuvan ihmissusielokuvansa kuvaukset"},"content":{"rendered":"<p>Ohjaaja Robert Eggers \/ Kuva:  Aidan Monaghan \/ \u00a9 2024 FOCUS FEATURES LLC.<\/p>\n<p>Robert Eggers vaihtaa yhdest\u00e4 taruolennosta toiseen.<\/p>\n<p>Kuten Muropaketissa on jo aikaisemmin kerrottu, The Witchist\u00e4, The Lighthousesta, The Northmanista ja Nosferatusta tuttu Robert Eggers tekee seuraavaksi historiallisen ihmissusielokuvan nimelt\u00e4 <a href=\"https:\/\/muropaketti.com\/avainsana\/werwulf\/\" rel=\"nofollow noopener\" target=\"_blank\">Werwulf<\/a>.<\/p>\n<p>Elokuvan tuotanto on edennyt nyt niin pitk\u00e4lle, ett\u00e4 kamerat on saatu k\u00e4yntiin Iso-Britanniassa.<\/p>\n<p>Redditiss\u00e4 julkaistut tuotantokuvat sis\u00e4lt\u00e4v\u00e4t varoituksen spoilereista, mutta vaikea on kuvitella oheisten otosten sis\u00e4lt\u00e4v\u00e4n mit\u00e4\u00e4n merkitt\u00e4vi\u00e4 paljastuksia Werwulfin tarinasta tai hahmoista. Toki jos henkil\u00f6nostin ja muut modernit ty\u00f6koneet ovat osa elokuvaa, on luvassa viel\u00e4 villimpi ihmissusitarina kuin arvasimmekaan\u2026<\/p>\n<blockquote class=\"wp-block-quote is-layout-flow wp-block-quote-is-layout-flow\">\n<\/blockquote>\n<p>Robert Eggers on kirjoittanut 1200-luvun Englantiin sijoittuvan Werwulfin yhdess\u00e4 The Northmanista tutun Sj\u00f3nin kanssa. <\/p>\n<p>N\u00e4yttelij\u00f6ist\u00e4 on t\u00e4h\u00e4n menness\u00e4 vahvistettu Eggersin kanssa jo aikaisemmin ty\u00f6skennelleet Aaron Taylor-Johnson, Lily-Rose Depp ja Willem Dafoe.<\/p>\n<p>Werwulf saa ensi-iltansa jouluna 2026. Suomessa elokuvaa joudutaan tosin odottamaan varmaankin vuoden 2027 alkuun asti; Nosferatun ensi-ilta oli USA:ssa jouluna 2024, mutta Suomeen elokuva saapui vasta tammikuun 2025 alussa.<\/p>\n<p>Robert Eggersin aikaisemmista elokuvista The Witch l\u00f6ytyy suoratoistona HBO Maxista, SkyShowtimesta ja Prime Videosta, The Northman Netflixist\u00e4, ja Nosferatu SkyShowtimesta. <\/p>\n<p>The Lighthouse on katsottavissa vain vuokra- ja myyntiversioina eri vod-palveluista.<\/p>\n","protected":false},"excerpt":{"rendered":"Ohjaaja Robert Eggers \/ Kuva: Aidan Monaghan \/ \u00a9 2024 FOCUS FEATURES LLC. Robert Eggers vaihtaa yhdest\u00e4 taruolennosta&hellip;\n","protected":false},"author":2,"featured_media":71009,"comment_status":"","ping_status":"","sticky":false,"template":"","format":"standard","meta":{"footnotes":"","_share_on_mastodon":"0"},"categories":[131],"tags":[155,137,33,173,31,30,172,6835,32,109,6836],"class_list":["post-71008","post","type-post","status-publish","format-standard","has-post-thumbnail","category-elokuvat","tag-elokuvat","tag-entertainment","tag-fi","tag-film","tag-finland","tag-finnish","tag-movies","tag-robert-eggers","tag-suomi","tag-viihde","tag-werwulf"],"share_on_mastodon":{"url":"https:\/\/pubeurope.com\/@fi\/115428958071541602","error":""},"_links":{"self":[{"href":"https:\/\/www.europesays.com\/fi\/wp-json\/wp\/v2\/posts\/71008","targetHints":{"allow":["GET"]}}],"collection":[{"href":"https:\/\/www.europesays.com\/fi\/wp-json\/wp\/v2\/posts"}],"about":[{"href":"https:\/\/www.europesays.com\/fi\/wp-json\/wp\/v2\/types\/post"}],"author":[{"embeddable":true,"href":"https:\/\/www.europesays.com\/fi\/wp-json\/wp\/v2\/users\/2"}],"replies":[{"embeddable":true,"href":"https:\/\/www.europesays.com\/fi\/wp-json\/wp\/v2\/comments?post=71008"}],"version-history":[{"count":0,"href":"https:\/\/www.europesays.com\/fi\/wp-json\/wp\/v2\/posts\/71008\/revisions"}],"wp:featuredmedia":[{"embeddable":true,"href":"https:\/\/www.europesays.com\/fi\/wp-json\/wp\/v2\/media\/71009"}],"wp:attachment":[{"href":"https:\/\/www.europesays.com\/fi\/wp-json\/wp\/v2\/media?parent=71008"}],"wp:term":[{"taxonomy":"category","embeddable":true,"href":"https:\/\/www.europesays.com\/fi\/wp-json\/wp\/v2\/categories?post=71008"},{"taxonomy":"post_tag","embeddable":true,"href":"https:\/\/www.europesays.com\/fi\/wp-json\/wp\/v2\/tags?post=71008"}],"curies":[{"name":"wp","href":"https:\/\/api.w.org\/{rel}","templated":true}]}}