{"id":7107,"date":"2025-08-16T01:50:09","date_gmt":"2025-08-16T01:50:09","guid":{"rendered":"https:\/\/www.europesays.com\/fi\/7107\/"},"modified":"2025-08-16T01:50:09","modified_gmt":"2025-08-16T01:50:09","slug":"lapin-kalojen-geeniperima-tarkassa-syynissa","status":"publish","type":"post","link":"https:\/\/www.europesays.com\/fi\/7107\/","title":{"rendered":"Lapin kalojen geeniperim\u00e4 tarkassa syyniss\u00e4"},"content":{"rendered":"<p>Artikkeli on yli 13 vuotta vanha<\/p>\n<p class=\"sc-jYczwO sc-dNFkOE bUKqJd eiHPxO yle__article__paragraph\">Lapin Ely-keskus ei ole huolissaan lappilaisen kalan geeniperim\u00e4st\u00e4. Kalatalousasiantuntija Kare Koiviston mukaan pohjoisessa kalavesiin istutetaan vain niihin geneettisesti kuuluvia ja sopivia kalalajeja. Kalojen geeniperim\u00e4 voi vaarantua, sill\u00e4 istutuskalamarkkinoilla on tarjolla kaloja, joiden alkuper\u00e4 ei ole tiedossa. Etel\u00e4n kalanpoikasia kaupataan Lappiin kuitenkin vain eritt\u00e4in satunnaisesti.<\/p>\n<p><img decoding=\"async\" alt=\"Kuha rantakivell\u00e4\" src=\"https:\/\/www.europesays.com\/fi\/wp-content\/uploads\/2025\/08\/13-3-5452776.jpeg\" class=\"sc-dntSTA iywpZY\"\/><\/p>\n<p>Avaa kuvien katselu<\/p>\n<p>Kuva: YLE Arja Lento<\/p>\n<p>16.9.2011 16:04\u2022P\u00e4ivitetty 7.4.2012 18:23<\/p>\n<p class=\"sc-jYczwO sc-ciCoXh bUKqJd cIOueB yle__article__paragraph\">Lapin Ely-keskuksen kalatalousasiantuntija Kare Koivisto sanoo, ett\u00e4 esimerkiksi Lapin kuhavedet ovat varsin hyv\u00e4ss\u00e4 kunnossa. Kemij\u00e4rvell\u00e4kin on onnistuttu kuha palauttamaan; luontainen lis\u00e4\u00e4ntyminen on onnistunut ja kuhakanta on l\u00e4htenyt selv\u00e4\u00e4n nousuun.<\/p>\n<p class=\"sc-jYczwO sc-ciCoXh bUKqJd cIOueB yle__article__paragraph\">Voimalaitosrakentaminen tuhosi Lapin luontaiset kalakannat &#8211; esimerkiksi vei kuhan Kemij\u00e4rvest\u00e4. Koiviston mukaan Kemijoen patoamisen j\u00e4lkeen Lappiin on istutettu hyvin sekavasti erilaisia kalalajeja. Nyt kohdennus on tarkempaa.<\/p>\n<p class=\"sc-jYczwO sc-ciCoXh bUKqJd cIOueB yle__article__paragraph\">T\u00e4rke\u00e4 tiet\u00e4\u00e4 istutuskalan alkuper\u00e4<\/p>\n<p class=\"sc-jYczwO sc-ciCoXh bUKqJd cIOueB yle__article__paragraph\">-Tietysti on t\u00e4rke\u00e4\u00e4, ett\u00e4 istukkaiden alkuper\u00e4 aina tarkistetaan, Koivisto sanoo. H\u00e4nen mukaansa Ely-keskukseen tulee vuosittain joitakin soittoja, joissa kalankasvatusta suunnitteleva kysyy, mik\u00e4 kannattaa ja mik\u00e4 ei.<\/p>\n<p class=\"sc-jYczwO sc-ciCoXh bUKqJd cIOueB yle__article__paragraph\">Koiviston mukaan Lapissa kalankasvatus on omissa &#8211; hyviss\u00e4 ja asiantuntevissa k\u00e4siss\u00e4.<\/p>\n<p class=\"sc-jYczwO sc-ciCoXh bUKqJd cIOueB yle__article__paragraph\">-Vain harvoin joku etel\u00e4n kasvattaja on t\u00e4\u00e4ll\u00e4 istutuskalaa kauppaamassa tai ilmoittaa siit\u00e4 lehdess\u00e4.<\/p>\n<p class=\"sc-jYczwO sc-ciCoXh bUKqJd cIOueB yle__article__paragraph\">-Velvoitehoitoon toki tulee kalaa Lapin l\u00e4\u00e4nin ulkopuoleltakin, mutta se on sopimuskauppaa &#8211; ei mill\u00e4\u00e4n avoimella kaupalla hankittua.<\/p>\n<p class=\"sc-jYczwO sc-ciCoXh bUKqJd cIOueB yle__article__paragraph\">Koiviston mielest\u00e4 istukaskaupassa vastuu on myyj\u00e4ll\u00e4. H\u00e4nen t\u00e4ytyy ostajalle selvitt\u00e4\u00e4 kalojen alkuper\u00e4. Pelk\u00e4n kasvatuspaikan nime\u00e4minen ei riit\u00e4.<\/p>\n","protected":false},"excerpt":{"rendered":"Artikkeli on yli 13 vuotta vanha Lapin Ely-keskus ei ole huolissaan lappilaisen kalan geeniperim\u00e4st\u00e4. Kalatalousasiantuntija Kare Koiviston mukaan&hellip;\n","protected":false},"author":2,"featured_media":7108,"comment_status":"","ping_status":"","sticky":false,"template":"","format":"standard","meta":{"footnotes":""},"categories":[116],"tags":[470,404,2220,33,31,30,468,456,3796,1729,3795,3794,667,2221,469,463,457,2323,118,591,32,516,119],"class_list":{"0":"post-7107","1":"post","2":"type-post","3":"status-publish","4":"format-standard","5":"has-post-thumbnail","7":"category-perinnollisyystiede","8":"tag-dna","9":"tag-elaimet","10":"tag-elinkeino","11":"tag-fi","12":"tag-finland","13":"tag-finnish","14":"tag-geenit","15":"tag-genetics","16":"tag-kalanviljely","17":"tag-kalat","18":"tag-kalatalous","19":"tag-kuha","20":"tag-lappi","21":"tag-liikenne-ja-ymparistokeskus-ely","22":"tag-perima","23":"tag-perinnollisyys","24":"tag-perinnollisyystiede","25":"tag-puutarhanhoito","26":"tag-science","27":"tag-selkarankaiset","28":"tag-suomi","29":"tag-terveydenhoitoala","30":"tag-tiede"},"share_on_mastodon":{"url":"","error":""},"_links":{"self":[{"href":"https:\/\/www.europesays.com\/fi\/wp-json\/wp\/v2\/posts\/7107","targetHints":{"allow":["GET"]}}],"collection":[{"href":"https:\/\/www.europesays.com\/fi\/wp-json\/wp\/v2\/posts"}],"about":[{"href":"https:\/\/www.europesays.com\/fi\/wp-json\/wp\/v2\/types\/post"}],"author":[{"embeddable":true,"href":"https:\/\/www.europesays.com\/fi\/wp-json\/wp\/v2\/users\/2"}],"replies":[{"embeddable":true,"href":"https:\/\/www.europesays.com\/fi\/wp-json\/wp\/v2\/comments?post=7107"}],"version-history":[{"count":0,"href":"https:\/\/www.europesays.com\/fi\/wp-json\/wp\/v2\/posts\/7107\/revisions"}],"wp:featuredmedia":[{"embeddable":true,"href":"https:\/\/www.europesays.com\/fi\/wp-json\/wp\/v2\/media\/7108"}],"wp:attachment":[{"href":"https:\/\/www.europesays.com\/fi\/wp-json\/wp\/v2\/media?parent=7107"}],"wp:term":[{"taxonomy":"category","embeddable":true,"href":"https:\/\/www.europesays.com\/fi\/wp-json\/wp\/v2\/categories?post=7107"},{"taxonomy":"post_tag","embeddable":true,"href":"https:\/\/www.europesays.com\/fi\/wp-json\/wp\/v2\/tags?post=7107"}],"curies":[{"name":"wp","href":"https:\/\/api.w.org\/{rel}","templated":true}]}}