{"id":71148,"date":"2025-10-24T15:04:08","date_gmt":"2025-10-24T15:04:08","guid":{"rendered":"https:\/\/www.europesays.com\/fi\/71148\/"},"modified":"2025-10-24T15:04:08","modified_gmt":"2025-10-24T15:04:08","slug":"elina-tervo-aku-hirviniemi-teki-raikeita-ehdotuksia","status":"publish","type":"post","link":"https:\/\/www.europesays.com\/fi\/71148\/","title":{"rendered":"Elina Tervo: Aku Hirviniemi teki r\u00e4ikeit\u00e4 ehdotuksia"},"content":{"rendered":"<p>\n            20210712 Barcelona. Elina Tervo ja Jessica Ruokola. Seiska \/ Elina Tervon ja Jessica Ruokolan albumi   VAPAA K\u00c4YTT\u00d6 SEISKASSA<br \/>\n            Elina Tervon ja Jessica Ruokolan albumi\n        <\/p>\n<p class=\"subtitle \">OnlyFans-t\u00e4hti kertoo saamistaan viesteist\u00e4.<\/p>\n<p class=\"article-content article-content-width !bg-background\">Vuoden 2011 Miss Helsinki ja OnlyFans-t\u00e4hti  39, muutti Suomesta pois yksitoista vuotta sitten.<\/p>\n<p class=\"font-weight-bold m-font-weight-bold article-content article-content-width !bg-background\">Katso arkistovideo \u2013 Elinasta tuli Miss Helsinki vuonna 2011:<\/p>\n<p>Terveysongelmat ajoivat ulkomaille<\/p>\n<p class=\"article-content article-content-width !bg-background\"><a href=\"https:\/\/open.spotify.com\/episode\/0r2hsUaXCsK9tjJiOoFvNY?si=023f091b98ee4447&amp;nd=1&amp;dlsi=a320192593564a13\" target=\"_blank\" rel=\"nofollow noopener\">Elina vieraili media-alan ammattilaisen Petri Voutilaisen luotsaamassa Aurinkorannikon unelmia -podcastissa<\/a>.<\/p>\n<p class=\"article-content article-content-width !bg-background\">Elinan terveysongelmat saivat h\u00e4net j\u00e4tt\u00e4m\u00e4\u00e4n Suomen.<\/p>\n<p class=\"article-content article-content-width !bg-background\">\u2013 Ne oli suolisto-ongelmia ja mik\u00e4\u00e4n ei siis toiminut. Ei ollut mit\u00e4\u00e4n fyysist\u00e4 vikaa \u2013 kaikki spesialistit k\u00e4vi sit\u00e4 l\u00e4pi. Ne sanoi vaan, et s\u00e4 tuut kuolemaan siihen kun sun suolisto r\u00e4j\u00e4ht\u00e4\u00e4, Elina muistelee podcastissa.<\/p>\n<p>        <a itemprop=\"url\" href=\"https:\/\/www.seiska.fi\/kotimaa\/elina-tervo-sakenoi-uudessa-tyylissaan-ilman-meikkia-kuvat\/1203543\" rel=\"nofollow noopener\" target=\"_blank\"><\/p>\n<p class=\"section-date\">\n        <strong class=\"article-section\" data-section=\"kotimaa\"><br \/>\n            kotimaa<br \/>\n        <\/strong><br \/>\n        28.11.2023 11:02\n    <\/p>\n<p>Elina Tervo s\u00e4ken\u00f6i uudessa tyyliss\u00e4\u00e4n ilman meikki\u00e4 \u2013 kuvat\n    <\/p>\n<p itemprop=\"description\" class=\"subtitle \">\n    Onlyfans-t\u00e4hti kertoo, ettei yleens\u00e4 ikin\u00e4 l\u00e4hde kotoaan ilman huulipunaa.\n<\/p>\n<p>        <\/a><\/p>\n<p class=\"article-content article-content-width !bg-background\">H\u00e4n kertoo, ett\u00e4 jos h\u00e4nell\u00e4 tosiaan on vain puoli vuotta elinaikaa, h\u00e4n haluaa n\u00e4hd\u00e4 maailmaa.<\/p>\n<p class=\"article-content article-content-width !bg-background\">Nomadiel\u00e4m\u00e4\u00e4 el\u00e4v\u00e4 Elina matkustaa nyky\u00e4\u00e4n ymp\u00e4ri maailmaa \u2013 t\u00e4h\u00e4n menness\u00e4 h\u00e4n on vieraillut jo 102 maassa.<\/p>\n<p>                <img decoding=\"async\" src=\"https:\/\/www.europesays.com\/fi\/wp-content\/uploads\/2025\/10\/1972699.webp\" width=\"576\" height=\"327\" alt=\"Elina on tuttu my\u00f6s tv:st\u00e4.\" loading=\"lazy\" \/>            <\/p>\n<p>\n            Elina on tuttu my\u00f6s tv:st\u00e4.<br \/>\n            Elina Tervon ja Jessica Ruokolan albumi\n        <\/p>\n<p>&#8221;Jos et tuu alasti&#8230;&#8221;<\/p>\n<p class=\"article-content article-content-width !bg-background\">N\u00e4yttelij\u00e4  joutui suuren kohun keskelle vuoden 2023 lopussa, kun paljastui, ett\u00e4 h\u00e4n oli l\u00e4hett\u00e4nyt seksuaaliss\u00e4vytteisi\u00e4 ja ep\u00e4asialliseksi tulkittuja viestej\u00e4 useille naisille. Yksi n\u00e4ist\u00e4 naisista oli Elinan yst\u00e4v\u00e4, OnlyFans-sis\u00e4ll\u00f6ntuottaja , joka toi saamansa seksiviestit julki.<\/p>\n<p class=\"article-content article-content-width !bg-background\">My\u00f6s Elina otti kohuun kantaa tuolloin yhden haastattelun verran.<\/p>\n<p class=\"article-content article-content-width !bg-background\">Petri tiedustelee, saiko Elina Akulta &#8221;normaaleja viestej\u00e4&#8221; joita mies laittaa naiselle.<\/p>\n<p class=\"article-content article-content-width !bg-background\">\u2013 No ei ne ollut normaaleja viestej\u00e4. H\u00e4n siis castas mua ohjelmaan, jota ei ollut olemassakaan.<\/p>\n<p>        <a itemprop=\"url\" href=\"https:\/\/www.seiska.fi\/kotimaa\/erika-helin-paljastaa-matkavinkin-nain-valtyt-vierailta-vierustovereilta\/1129449\" rel=\"nofollow noopener\" target=\"_blank\"><\/p>\n<p class=\"section-date\">\n        <strong class=\"article-section\" data-section=\"kotimaa\"><br \/>\n            kotimaa<br \/>\n        <\/strong><br \/>\n        5.9.2023 17:00\n    <\/p>\n<p>Erika Helin paljastaa matkavinkin: n\u00e4in v\u00e4ltyt vierailta vierustovereilta\n    <\/p>\n<p itemprop=\"description\" class=\"subtitle \">\n    Ulkomailla asuvalle Onlyfans-t\u00e4hdelle matkustelu on tuttua puuhaa.\n<\/p>\n<p>        <\/a><\/p>\n<p class=\"article-content article-content-width !bg-background\">Elina kertoo, ett\u00e4 Aku halusi h\u00e4net mukaan Keih\u00e4smatkat-sarjan toiselle kaudelle lentoem\u00e4nn\u00e4n rooliin.<\/p>\n<p class=\"article-content article-content-width !bg-background\">\u2013 Olis pit\u00e4nyt koepussailemaan h\u00e4nt\u00e4, et n\u00e4kee miten kemiat toimii, Elina kertoo podcastissa.<\/p>\n<p class=\"article-content article-content-width !bg-background\">My\u00f6hemmin selvisi, ettei toista tuotantokautta ollut tulossakaan.<\/p>\n<p class=\"article-content article-content-width !bg-background\">\u2013 Enh\u00e4n m\u00e4 tietenk\u00e4\u00e4n sanonut, ett\u00e4 m\u00e4 tuun pussailemaan sua koekuvauksiin.\u00a0Mik\u00e4\u00e4nh\u00e4n t\u00e4ss\u00e4 ei mennyt s\u00e4\u00e4nt\u00f6kirjojen mukaan.\u00a0<\/p>\n<p class=\"article-content article-content-width !bg-background\">Elina toteaa, ett\u00e4 n\u00e4ytteli\u00e4 v\u00e4\u00e4rink\u00e4ytti asemaansa.<\/p>\n<p class=\"article-content article-content-width !bg-background\">\u2013 Se sano mulle, et jos et tuu alasti mun kanssa poreammeeseen, niin sulla ei ole ens vuonna t\u00e4t\u00e4 keikkaa, Elina paljastaa.<\/p>\n<p>                <img decoding=\"async\" src=\"https:\/\/www.europesays.com\/fi\/wp-content\/uploads\/2025\/10\/1972698.webp\" width=\"576\" height=\"572\" alt=\"Elina on tehnyt OnlyFansia noin viiden vuoden ajan.\" loading=\"lazy\" \/>            <\/p>\n<p>\n            Elina on tehnyt OnlyFansia noin viiden vuoden ajan.<br \/>\n            Elina Tervon ja Jessica Ruokolan albumi\n        <\/p>\n<p>Seurusteli suosikkir\u00e4pp\u00e4rin kanssa<\/p>\n<p class=\"article-content article-content-width !bg-background\">Vuonna 2010 Elina osallistui Fitnessmalli-kilpailuun ja sijoittui toiseksi. Kilpailun voitti tuolloin . Seuraavana vuonna Elina voitti Miss Helsinki -kilpailun.<\/p>\n<p>        <a itemprop=\"url\" href=\"https:\/\/www.seiska.fi\/kotimaa\/ilman-rihman-kiertamaa-tallaiset-ovat-elina-tervon-uudet-kuumat-kuvat\/1209065\" rel=\"nofollow noopener\" target=\"_blank\"><\/p>\n<p class=\"section-date\">\n        <strong class=\"article-section\" data-section=\"kotimaa\"><br \/>\n            kotimaa<br \/>\n        <\/strong><br \/>\n        3.12.2023 20:30\n    <\/p>\n<p>Ilman rihman kiert\u00e4m\u00e4\u00e4! T\u00e4llaiset ovat Elina Tervon uudet kuumat kuvat\n    <\/p>\n<p itemprop=\"description\" class=\"subtitle \">\n    Onlyfans-sis\u00e4ll\u00f6ntuottaja her\u00e4tt\u00e4\u00e4 ihastusta kommenteissa.\n<\/p>\n<p>        <\/a><\/p>\n<p class=\"article-content article-content-width !bg-background\">Elina on tullut tutuksi my\u00f6s televisiosta, muun muassa Pelkokerroin-, Tuulitunneli- sek\u00e4 Martina ja hengenpelastajat -ohjelmista.<\/p>\n<p class=\"article-content article-content-width !bg-background\">H\u00e4n seurusteli aiemmin r\u00e4pp\u00e4ri  kanssa, joka tunnetaan muun muassa kappaleistaan Enkeli ja Miksi naiset rakastuu renttuihin?. Pari erosi vuonna 2015.<\/p>\n","protected":false},"excerpt":{"rendered":"20210712 Barcelona. Elina Tervo ja Jessica Ruokola. Seiska \/ Elina Tervon ja Jessica Ruokolan albumi VAPAA K\u00c4YTT\u00d6 SEISKASSA&hellip;\n","protected":false},"author":2,"featured_media":71149,"comment_status":"","ping_status":"","sticky":false,"template":"","format":"standard","meta":{"footnotes":""},"categories":[136],"tags":[4887,407,15629,137,33,31,30,408,3705,14144,2923,32,4415,6970,109],"class_list":{"0":"post-71148","1":"post","2":"type-post","3":"status-publish","4":"format-standard","5":"has-post-thumbnail","7":"category-julkkikset","8":"tag-aku-hirviniemi","9":"tag-celebrities","10":"tag-elina-tervo","11":"tag-entertainment","12":"tag-fi","13":"tag-finland","14":"tag-finnish","15":"tag-julkkikset","16":"tag-onlyfans","17":"tag-petri-voutilainen","18":"tag-podcast","19":"tag-suomi","20":"tag-terveysongelmat","21":"tag-tuomas-kauhanen","22":"tag-viihde"},"share_on_mastodon":{"url":"https:\/\/pubeurope.com\/@fi\/115429760564904721","error":""},"_links":{"self":[{"href":"https:\/\/www.europesays.com\/fi\/wp-json\/wp\/v2\/posts\/71148","targetHints":{"allow":["GET"]}}],"collection":[{"href":"https:\/\/www.europesays.com\/fi\/wp-json\/wp\/v2\/posts"}],"about":[{"href":"https:\/\/www.europesays.com\/fi\/wp-json\/wp\/v2\/types\/post"}],"author":[{"embeddable":true,"href":"https:\/\/www.europesays.com\/fi\/wp-json\/wp\/v2\/users\/2"}],"replies":[{"embeddable":true,"href":"https:\/\/www.europesays.com\/fi\/wp-json\/wp\/v2\/comments?post=71148"}],"version-history":[{"count":0,"href":"https:\/\/www.europesays.com\/fi\/wp-json\/wp\/v2\/posts\/71148\/revisions"}],"wp:featuredmedia":[{"embeddable":true,"href":"https:\/\/www.europesays.com\/fi\/wp-json\/wp\/v2\/media\/71149"}],"wp:attachment":[{"href":"https:\/\/www.europesays.com\/fi\/wp-json\/wp\/v2\/media?parent=71148"}],"wp:term":[{"taxonomy":"category","embeddable":true,"href":"https:\/\/www.europesays.com\/fi\/wp-json\/wp\/v2\/categories?post=71148"},{"taxonomy":"post_tag","embeddable":true,"href":"https:\/\/www.europesays.com\/fi\/wp-json\/wp\/v2\/tags?post=71148"}],"curies":[{"name":"wp","href":"https:\/\/api.w.org\/{rel}","templated":true}]}}