{"id":71150,"date":"2025-10-24T15:06:14","date_gmt":"2025-10-24T15:06:14","guid":{"rendered":"https:\/\/www.europesays.com\/fi\/71150\/"},"modified":"2025-10-24T15:06:14","modified_gmt":"2025-10-24T15:06:14","slug":"asianajaja-karsten-dusse-meditoi-itsensa-bestseller-kirjailijaksi","status":"publish","type":"post","link":"https:\/\/www.europesays.com\/fi\/71150\/","title":{"rendered":"Asianajaja Karsten Dusse meditoi itsens\u00e4 bestseller-kirjailijaksi"},"content":{"rendered":"<p><img decoding=\"async\" src=\"https:\/\/www.europesays.com\/fi\/wp-content\/uploads\/2025\/10\/1761318374_515_978.jpg\" alt=\"Karsten Dussen luoman Murhat ja mindfulness -sarjan toinen osa Sis\u00e4inen lapseni tahtoo tappaa on juuri k\u00e4\u00e4nnetty suomeksi. \" class=\"_Img_1rerz_1\" style=\"aspect-ratio:0.6666666666666666\" loading=\"eager\"\/><\/p>\n<p class=\"article-picture-caption\">Karsten Dussen luoman Murhat ja mindfulness -sarjan toinen osa Sis\u00e4inen lapseni tahtoo tappaa on juuri k\u00e4\u00e4nnetty suomeksi.  Kuva:\u00a0Ann-Kristin Br\u00fccker<\/p>\n<p>Saksalainen Karsten Dusse teki kolmea ty\u00f6t\u00e4 ylistressaantuneena, kunnes l\u00f6ysi mindfulnessin. Siit\u00e4 syntyi hullu idea: mit\u00e4 jos kirjoittaisi kirjan, joka yhdist\u00e4isi meditaation ja murhan?<\/p>\n<p class=\"article-body mb-nof-24 px-nof-16\">Sis\u00e4lt\u00f6varoitus: T\u00e4m\u00e4 juttu sis\u00e4lt\u00e4\u00e4 juonipaljastuksia Murhat ja mindfulness -teoksesta. Jos et halua tiet\u00e4\u00e4, miten tarina etenee, lopeta lukeminen t\u00e4h\u00e4n.<\/p>\n<p class=\"article-body mb-nof-24 px-nof-16\">Tie mindfulnessiin eli tietoiseen l\u00e4sn\u00e4oloon kulkee usein stressin kautta.<\/p>\n<p class=\"article-body mb-nof-24 px-nof-16\">Saksalaisen<a class=\"article-personlink\" href=\"https:\/\/www.hs.fi\/haku\/?query=%20Karsten%20Dussen\" rel=\"nofollow noopener\" target=\"_blank\"> Karsten Dussen<\/a>, 52, kohdalla voi puhua suorastaan mielipuolisen kaoottisesta el\u00e4m\u00e4nvaiheesta.<\/p>\n","protected":false},"excerpt":{"rendered":"Karsten Dussen luoman Murhat ja mindfulness -sarjan toinen osa Sis\u00e4inen lapseni tahtoo tappaa on juuri k\u00e4\u00e4nnetty suomeksi. Kuva:\u00a0Ann-Kristin&hellip;\n","protected":false},"author":2,"featured_media":71151,"comment_status":"","ping_status":"","sticky":false,"template":"","format":"standard","meta":{"footnotes":""},"categories":[134],"tags":[377,137,33,31,30,46,378,32,109],"class_list":{"0":"post-71150","1":"post","2":"type-post","3":"status-publish","4":"format-standard","5":"has-post-thumbnail","7":"category-kirjat","8":"tag-books","9":"tag-entertainment","10":"tag-fi","11":"tag-finland","12":"tag-finnish","13":"tag-helsingin-sanomat","14":"tag-kirjat","15":"tag-suomi","16":"tag-viihde"},"share_on_mastodon":{"url":"https:\/\/pubeurope.com\/@fi\/115429768139655706","error":""},"_links":{"self":[{"href":"https:\/\/www.europesays.com\/fi\/wp-json\/wp\/v2\/posts\/71150","targetHints":{"allow":["GET"]}}],"collection":[{"href":"https:\/\/www.europesays.com\/fi\/wp-json\/wp\/v2\/posts"}],"about":[{"href":"https:\/\/www.europesays.com\/fi\/wp-json\/wp\/v2\/types\/post"}],"author":[{"embeddable":true,"href":"https:\/\/www.europesays.com\/fi\/wp-json\/wp\/v2\/users\/2"}],"replies":[{"embeddable":true,"href":"https:\/\/www.europesays.com\/fi\/wp-json\/wp\/v2\/comments?post=71150"}],"version-history":[{"count":0,"href":"https:\/\/www.europesays.com\/fi\/wp-json\/wp\/v2\/posts\/71150\/revisions"}],"wp:featuredmedia":[{"embeddable":true,"href":"https:\/\/www.europesays.com\/fi\/wp-json\/wp\/v2\/media\/71151"}],"wp:attachment":[{"href":"https:\/\/www.europesays.com\/fi\/wp-json\/wp\/v2\/media?parent=71150"}],"wp:term":[{"taxonomy":"category","embeddable":true,"href":"https:\/\/www.europesays.com\/fi\/wp-json\/wp\/v2\/categories?post=71150"},{"taxonomy":"post_tag","embeddable":true,"href":"https:\/\/www.europesays.com\/fi\/wp-json\/wp\/v2\/tags?post=71150"}],"curies":[{"name":"wp","href":"https:\/\/api.w.org\/{rel}","templated":true}]}}