{"id":71161,"date":"2025-10-24T15:16:08","date_gmt":"2025-10-24T15:16:08","guid":{"rendered":"https:\/\/www.europesays.com\/fi\/71161\/"},"modified":"2025-10-24T15:16:08","modified_gmt":"2025-10-24T15:16:08","slug":"kanadan-paaministeri-tulistuneelle-trumpille-olemme-valmiita-jatkamaan-neuvotteluita-kun-yhdysvallat-on-siihen-valmis-uutisia-lyhyesti","status":"publish","type":"post","link":"https:\/\/www.europesays.com\/fi\/71161\/","title":{"rendered":"Kanadan p\u00e4\u00e4ministeri tulistuneelle Trumpille: Olemme valmiita jatkamaan neuvotteluita, kun Yhdysvallat on siihen valmis | Uutisia lyhyesti"},"content":{"rendered":"<p class=\"aw-1gybjub aw-5vja16 ghpEtB kjanFo yle__article__paragraph\">Yhdysvalloilla ja Kanadalla on eri\u00e4vi\u00e4 n\u00e4kemyksi\u00e4 siit\u00e4, miten hyvin maiden v\u00e4liset kauppa\u00adneuvottelut ovat edenneet.<\/p>\n<p><img decoding=\"async\" alt=\"Kanadan p\u00e4\u00e4ministerin Mark Carneyn kasvot l\u00e4hikuvassa.\" src=\"https:\/\/www.europesays.com\/fi\/wp-content\/uploads\/2025\/10\/39-144017067e0409b23485.jpeg\" class=\"aw-1l9m598 hKVVvP\"\/><\/p>\n<p>Avaa kuvien katselu<\/p>\n<p>Kanadan p\u00e4\u00e4ministeri Mark Carney sanoo, ettei Kanada voi hallita kauppapolitiikkaa Yhdysvaltojen kanssa. Kuva: Artur Widak\/AOP<\/p>\n<p class=\"aw-1gybjub aw-1p7kakr ghpEtB jtovHP yle__article__paragraph\">Yhdysvaltojen ja Kanadan v\u00e4lill\u00e4 vaikuttaa olevan n\u00e4kemyseroja siit\u00e4, miten maiden kauppaneuvottelut ovat edenneet.<\/p>\n<p class=\"aw-1gybjub aw-1p7kakr ghpEtB jtovHP yle__article__paragraph\">Yhdysvaltain presidentti <strong class=\"aw-ak79eh KyCXm yle__article__strong\">Donald Trump<\/strong> ilmoitti aiemmin t\u00e4n\u00e4\u00e4n, ett\u00e4 <a class=\"aw-iao6s4 iHOxEa yle__article__link\" href=\"https:\/\/yle.fi\/a\/74-20190137\" role=\"link\" rel=\"nofollow noopener\" target=\"_blank\">neuvottelut Kanadan kanssa keskeytet\u00e4\u00e4n<\/a>. Trump tulistui Ontarion provinssin aloittamasta mainoskampanjasta, jossa k\u00e4ytettiin entisen republikaanipresidentin <strong class=\"aw-ak79eh KyCXm yle__article__strong\">Ronald Reaganin<\/strong> puhetta.<\/p>\n<p class=\"aw-1gybjub aw-1p7kakr ghpEtB jtovHP yle__article__paragraph\">Ontario on Kanadan v\u00e4kirikkain provinssi. Se on k\u00e4rsinyt erityisen paljon kiristyneest\u00e4 kauppasodasta Yhdysvaltojen kanssa.<\/p>\n<p class=\"aw-1gybjub aw-1p7kakr ghpEtB jtovHP yle__article__paragraph\">Kanadan p\u00e4\u00e4ministeri <strong class=\"aw-ak79eh KyCXm yle__article__strong\">Mark Carney<\/strong> kommentoi Trumpin ilmoitusta perjantaina sanomalla, ett\u00e4 maa on valmis jatkamaan kauppaneuvotteluita heti, kun Yhdysvallat on siihen valmis.<\/p>\n<p class=\"aw-1gybjub aw-1p7kakr ghpEtB jtovHP yle__article__paragraph\">Carneyn mukaan kanadalaiset virkamiehet ovat tehneet t\u00f6it\u00e4 kauppaneuvotteluiden eteen, ja neuvotteluissa on saatu aikaan paljon edistyst\u00e4. H\u00e4n kuitenkin lis\u00e4si, ettei Kanada voi hallita kauppapolitiikkaa etel\u00e4isen naapurinsa kanssa.<\/p>\n<p class=\"aw-1gybjub aw-1p7kakr ghpEtB jtovHP yle__article__paragraph\">Valkoisen talon neuvonantaja ja kansallisen talousneuvoston johtaja <strong class=\"aw-ak79eh KyCXm yle__article__strong\">Kevin Hassett<\/strong> sanoi puolestaan Fox-kanavalle, ett\u00e4 Trump on turhautunut Kanadaan, eiv\u00e4tk\u00e4 kauppaneuvottelut ole sujuneet hyvin.<\/p>\n<p class=\"aw-1gybjub aw-1p7kakr ghpEtB jtovHP yle__article__paragraph\">Yhdysvallat asetti alun perin 25 prosentin tullin Kanadasta tuotaville tuotteille, kuten puutavaralle, ter\u00e4kselle, alumiinille ja autoille. Elokuussa Trump korotti tullin 35 prosenttiin.<\/p>\n<p class=\"aw-1gybjub aw-1p7kakr ghpEtB jtovHP yle__article__paragraph\">L\u00e4hde: Reuters<\/p>\n","protected":false},"excerpt":{"rendered":"Yhdysvalloilla ja Kanadalla on eri\u00e4vi\u00e4 n\u00e4kemyksi\u00e4 siit\u00e4, miten hyvin maiden v\u00e4liset kauppa\u00adneuvottelut ovat edenneet. Avaa kuvien katselu Kanadan&hellip;\n","protected":false},"author":2,"featured_media":71162,"comment_status":"","ping_status":"","sticky":false,"template":"","format":"standard","meta":{"footnotes":""},"categories":[14],"tags":[22,23,26,27,33,31,30,17,3847,70,24,25,28,29,15,18,21,32,19,20,56,16,59,60,61,619],"class_list":{"0":"post-71161","1":"post","2":"type-post","3":"status-publish","4":"format-standard","5":"has-post-thumbnail","7":"category-ulkomaat","8":"tag-breaking-news","9":"tag-breakingnews","10":"tag-featured-news","11":"tag-featurednews","12":"tag-fi","13":"tag-finland","14":"tag-finnish","15":"tag-headlines","16":"tag-kanada","17":"tag-kansainvalinen-politiikka","18":"tag-latest-news","19":"tag-latestnews","20":"tag-main-news","21":"tag-mainnews","22":"tag-news","23":"tag-otsikot","24":"tag-paauutiset","25":"tag-suomi","26":"tag-top-stories","27":"tag-topstories","28":"tag-ulkomaat","29":"tag-uutiset","30":"tag-world","31":"tag-world-news","32":"tag-worldnews","33":"tag-yhdysvallat"},"share_on_mastodon":{"url":"https:\/\/pubeurope.com\/@fi\/115429807590623280","error":""},"_links":{"self":[{"href":"https:\/\/www.europesays.com\/fi\/wp-json\/wp\/v2\/posts\/71161","targetHints":{"allow":["GET"]}}],"collection":[{"href":"https:\/\/www.europesays.com\/fi\/wp-json\/wp\/v2\/posts"}],"about":[{"href":"https:\/\/www.europesays.com\/fi\/wp-json\/wp\/v2\/types\/post"}],"author":[{"embeddable":true,"href":"https:\/\/www.europesays.com\/fi\/wp-json\/wp\/v2\/users\/2"}],"replies":[{"embeddable":true,"href":"https:\/\/www.europesays.com\/fi\/wp-json\/wp\/v2\/comments?post=71161"}],"version-history":[{"count":0,"href":"https:\/\/www.europesays.com\/fi\/wp-json\/wp\/v2\/posts\/71161\/revisions"}],"wp:featuredmedia":[{"embeddable":true,"href":"https:\/\/www.europesays.com\/fi\/wp-json\/wp\/v2\/media\/71162"}],"wp:attachment":[{"href":"https:\/\/www.europesays.com\/fi\/wp-json\/wp\/v2\/media?parent=71161"}],"wp:term":[{"taxonomy":"category","embeddable":true,"href":"https:\/\/www.europesays.com\/fi\/wp-json\/wp\/v2\/categories?post=71161"},{"taxonomy":"post_tag","embeddable":true,"href":"https:\/\/www.europesays.com\/fi\/wp-json\/wp\/v2\/tags?post=71161"}],"curies":[{"name":"wp","href":"https:\/\/api.w.org\/{rel}","templated":true}]}}