{"id":71231,"date":"2025-10-24T16:39:07","date_gmt":"2025-10-24T16:39:07","guid":{"rendered":"https:\/\/www.europesays.com\/fi\/71231\/"},"modified":"2025-10-24T16:39:07","modified_gmt":"2025-10-24T16:39:07","slug":"se-on-siina-yleisoennatys-murskaksi-veikkaus-areenassa-tassa-kaljan-hinta-iltalehti","status":"publish","type":"post","link":"https:\/\/www.europesays.com\/fi\/71231\/","title":{"rendered":"Se on siin\u00e4: Yleis\u00f6enn\u00e4tys murskaksi Veikkaus-areenassa \u2013 T\u00e4ss\u00e4 kaljan hinta &#8211; Iltalehti"},"content":{"rendered":"<ol>\n<li><a href=\"https:\/\/news.google.com\/rss\/articles\/CBMifkFVX3lxTE43X2ZDRGttZm5oOERMOXFhdy1nSFJUd285Ym91TUFJbU04OHVnR19VSDc3UnM1bWtQOUpCNTdFU1pzNjAyOEw3VkZBX210aV80NVVnVEdaZ1NxRDQwM2pYUnROWDZKZkVEZXpTVDZ6b3NEWnFHbzRFZFkwOEY3QQ?oc=5\" target=\"_blank\" rel=\"nofollow noopener\">Se on siin\u00e4: Yleis\u00f6enn\u00e4tys murskaksi Veikkaus-areenassa \u2013 T\u00e4ss\u00e4 kaljan hinta<\/a>&nbsp;&nbsp;Iltalehti<\/li>\n<li><a href=\"https:\/\/news.google.com\/rss\/articles\/CBMiQkFVX3lxTE9DX250dzRDWjdhQ0UzSmFmV2lkSTNsSXlDdU90UmJfTF9JTFBZRWpHNEY4b1pLcmNWT2JfZzY2dmZDQQ?oc=5\" target=\"_blank\" rel=\"nofollow noopener\">Jokerit palasi vanhalle kotiareenalleen ja fanit ottivat siit\u00e4 kaiken irti \u2013 katso t\u00e4st\u00e4, milt\u00e4 siell\u00e4 nyt n\u00e4ytt\u00e4\u00e4<\/a>&nbsp;&nbsp;Yle<\/li>\n<li><a href=\"https:\/\/news.google.com\/rss\/articles\/CBMinAJBVV95cUxNVldEMHpfVHowdkd5bjk3bkxyR0RZcmpUOFVjMlRDUFVlNHp3YXA0c09BQnk0VEVaWThxS3hZNXZ4Qmh1bUhnUHhiX0F2bjdmRXRDbEk2bnh3MWw3cVRQbzZ5Q0t3MmhqTG9PeUpoS1NtLVFtX3BKVDBFTlBYWHprQ3Y4bERXWkxFeURsYVRCZlRpcEZXRzNHQ1dmcTdaY0FlbGRKUWhnMzQyV3BQM3czVGcwOTNJX1E5d3VSQUpKaDMzTGhqM2VNZ3ZWZGgtWkYwZFpyM3RseU5oYzMzdjdHVmtJbENRS1F5TkhRZU9mVUp3NDhKY0g3NTltNUVkNmN2OEk4NzNiTnJ3ZXNaZW5oUVRkSVRWalA0RUpycA?oc=5\" target=\"_blank\" rel=\"nofollow noopener\">Seuranta: Historian perusteella Ilves, Lukko ja Kiekko-Espoo vahvoilla paikallispeleiss\u00e4 \u2013 suomalaisessa kiekossa todellinen huippukierros<\/a>&nbsp;&nbsp;Jatkoaika.com<\/li>\n<li><a href=\"https:\/\/news.google.com\/rss\/articles\/CBMipwFBVV95cUxOdUlXVVc0TkpkcU9KeE1JcWRySnMycHVSdnRRLTRKTEp2NjZIa2p2Rlh6dXJYMnpuaVgtUy1MckxqdlFvTWJ2R3BYUzdPU3JMSXg3Nm4wMk53OHliVHM1cktNa1FEczRic2Zjcy1ONFdxUHE4aS1RWlZqSC1TODBNaGdzVURkd3pXMUtodUw5YlZTdWZsRHY3X2JnU202aml3b3RkRWVCNA?oc=5\" target=\"_blank\" rel=\"nofollow noopener\">Jokereiden areenapaluusta paljastus \u2013 &#8221;Meille todella iso riski&#8221;<\/a>&nbsp;&nbsp;mtvuutiset.fi<\/li>\n<li><a href=\"https:\/\/news.google.com\/rss\/articles\/CBMifEFVX3lxTE5ZZnNEU1BNajhkdlJIcGhZMXVrXzlUMHU5TFN4amV5UkZFMm5naEZabjZfTHFPTUctZ0xqVUFoeUFmQTQ5WnpyWlpXejBqczlpcjg5U0VnWFNOYm5NaEE5XzdMSUstSk1TVTktUzB4dXFNSkp2ZHcyeUpxeE4?oc=5\" target=\"_blank\" rel=\"nofollow noopener\">Otteluennakko: Perjantaina palataan kotiin Veikkaus Arenalle<\/a>&nbsp;&nbsp;JOKERIT<\/li>\n<\/ol>\n","protected":false},"excerpt":{"rendered":"Se on siin\u00e4: Yleis\u00f6enn\u00e4tys murskaksi Veikkaus-areenassa \u2013 T\u00e4ss\u00e4 kaljan hinta&nbsp;&nbsp;Iltalehti Jokerit palasi vanhalle kotiareenalleen ja fanit ottivat siit\u00e4&hellip;\n","protected":false},"author":2,"featured_media":71232,"comment_status":"","ping_status":"","sticky":false,"template":"","format":"standard","meta":{"footnotes":""},"categories":[5],"tags":[35,1144,1274,22,23,26,27,33,31,30,17,1143,5435,24,25,41,28,29,15,18,21,32,19,20,16],"class_list":{"0":"post-71231","1":"post","2":"type-post","3":"status-publish","4":"format-standard","5":"has-post-thumbnail","7":"category-otsikot","8":"tag-24h","9":"tag-ammattilaisjaakiekko","10":"tag-ammattiurheilu","11":"tag-breaking-news","12":"tag-breakingnews","13":"tag-featured-news","14":"tag-featurednews","15":"tag-fi","16":"tag-finland","17":"tag-finnish","18":"tag-headlines","19":"tag-jaakiekko","20":"tag-jaakiekon-miesten-sm-liiga","21":"tag-latest-news","22":"tag-latestnews","23":"tag-liikunta-ja-urheilu","24":"tag-main-news","25":"tag-mainnews","26":"tag-news","27":"tag-otsikot","28":"tag-paauutiset","29":"tag-suomi","30":"tag-top-stories","31":"tag-topstories","32":"tag-uutiset"},"share_on_mastodon":{"url":"https:\/\/pubeurope.com\/@fi\/115430133821243728","error":""},"_links":{"self":[{"href":"https:\/\/www.europesays.com\/fi\/wp-json\/wp\/v2\/posts\/71231","targetHints":{"allow":["GET"]}}],"collection":[{"href":"https:\/\/www.europesays.com\/fi\/wp-json\/wp\/v2\/posts"}],"about":[{"href":"https:\/\/www.europesays.com\/fi\/wp-json\/wp\/v2\/types\/post"}],"author":[{"embeddable":true,"href":"https:\/\/www.europesays.com\/fi\/wp-json\/wp\/v2\/users\/2"}],"replies":[{"embeddable":true,"href":"https:\/\/www.europesays.com\/fi\/wp-json\/wp\/v2\/comments?post=71231"}],"version-history":[{"count":0,"href":"https:\/\/www.europesays.com\/fi\/wp-json\/wp\/v2\/posts\/71231\/revisions"}],"wp:featuredmedia":[{"embeddable":true,"href":"https:\/\/www.europesays.com\/fi\/wp-json\/wp\/v2\/media\/71232"}],"wp:attachment":[{"href":"https:\/\/www.europesays.com\/fi\/wp-json\/wp\/v2\/media?parent=71231"}],"wp:term":[{"taxonomy":"category","embeddable":true,"href":"https:\/\/www.europesays.com\/fi\/wp-json\/wp\/v2\/categories?post=71231"},{"taxonomy":"post_tag","embeddable":true,"href":"https:\/\/www.europesays.com\/fi\/wp-json\/wp\/v2\/tags?post=71231"}],"curies":[{"name":"wp","href":"https:\/\/api.w.org\/{rel}","templated":true}]}}