{"id":71301,"date":"2025-10-24T18:38:09","date_gmt":"2025-10-24T18:38:09","guid":{"rendered":"https:\/\/www.europesays.com\/fi\/71301\/"},"modified":"2025-10-24T18:38:09","modified_gmt":"2025-10-24T18:38:09","slug":"kaikkonen-pitkista-tosi-tv-osallistumisista-kansanedustajan-palkkio-pois","status":"publish","type":"post","link":"https:\/\/www.europesays.com\/fi\/71301\/","title":{"rendered":"Kaikkonen: Pitkist\u00e4 tosi-tv-osallistumisista kansanedustajan palkkio pois"},"content":{"rendered":"<p><strong class=\"typography-bold\">Keskustan puheenjohtaja Antti Kaikkonen sanoo MTV:n Uutisextrassa pit\u00e4v\u00e4ns\u00e4 oikeudenmukaisena, jos pitk\u00e4n tosi-tv-osallistumisen ajalta kansanedustajan palkkiota ei maksettaisi.<\/strong><\/p>\n<p>Eduskunnan ty\u00f6t\u00e4 johtava puhemiesneuvosto on pohtinut suhtautumista kansanedustajien tosi-tv-osallistumisiin. Esimerkiksi SDP:n kansanedustaja <strong class=\"typography-bold\">Miapetra Kumpula-Natri<\/strong> oli syyskuussa pois eduskuntaty\u00f6st\u00e4 tosi-tv-ohjelman vuoksi useita viikkoja.<\/p>\n<p>Kaikkonen vastaa haastattelussa my\u00f6s kysymykseen siit\u00e4, miten h\u00e4nen osallistumisensa MTV:n Tanssii t\u00e4htien kanssa -ohjelmaan vuonna 2008 vaikutti h\u00e4nen eduskuntaty\u00f6h\u00f6ns\u00e4.<\/p>\n<p>H\u00e4n kertoo my\u00f6s, mit\u00e4 mielt\u00e4 on ohjelman my\u00f6t\u00e4 saamastaan &#8221;Kanki&#8221;-lempinimest\u00e4.<\/p>\n<p><strong class=\"typography-bold\">MTV:n Uutisextra <\/strong><a class=\"underline\" data-testid=\"external-link\" href=\"https:\/\/www.mtv.fi\/ohjelma\/b0136d96b2e447306e66\/uutisextra?tab=episodes\" rel=\"noopener noreferrer nofollow\" target=\"_blank\" data-sentry-component=\"ExternalLink\" data-sentry-source-file=\"ExternalLink.tsx\"><strong class=\"typography-bold\">MTV Katsomossa<\/strong><\/a><strong class=\"typography-bold\"> ja MTV3-kanavalla perjantaisin kello 22.35 ja lauantaisin kello 19.10.<\/strong><\/p>\n","protected":false},"excerpt":{"rendered":"Keskustan puheenjohtaja Antti Kaikkonen sanoo MTV:n Uutisextrassa pit\u00e4v\u00e4ns\u00e4 oikeudenmukaisena, jos pitk\u00e4n tosi-tv-osallistumisen ajalta kansanedustajan palkkiota ei maksettaisi. Eduskunnan&hellip;\n","protected":false},"author":2,"featured_media":71302,"comment_status":"","ping_status":"","sticky":false,"template":"","format":"standard","meta":{"footnotes":""},"categories":[133],"tags":[137,33,31,30,32,206,156,109],"class_list":{"0":"post-71301","1":"post","2":"type-post","3":"status-publish","4":"format-standard","5":"has-post-thumbnail","7":"category-televisiot","8":"tag-entertainment","9":"tag-fi","10":"tag-finland","11":"tag-finnish","12":"tag-suomi","13":"tag-televisiot","14":"tag-tv","15":"tag-viihde"},"share_on_mastodon":{"url":"https:\/\/pubeurope.com\/@fi\/115430601734218741","error":""},"_links":{"self":[{"href":"https:\/\/www.europesays.com\/fi\/wp-json\/wp\/v2\/posts\/71301","targetHints":{"allow":["GET"]}}],"collection":[{"href":"https:\/\/www.europesays.com\/fi\/wp-json\/wp\/v2\/posts"}],"about":[{"href":"https:\/\/www.europesays.com\/fi\/wp-json\/wp\/v2\/types\/post"}],"author":[{"embeddable":true,"href":"https:\/\/www.europesays.com\/fi\/wp-json\/wp\/v2\/users\/2"}],"replies":[{"embeddable":true,"href":"https:\/\/www.europesays.com\/fi\/wp-json\/wp\/v2\/comments?post=71301"}],"version-history":[{"count":0,"href":"https:\/\/www.europesays.com\/fi\/wp-json\/wp\/v2\/posts\/71301\/revisions"}],"wp:featuredmedia":[{"embeddable":true,"href":"https:\/\/www.europesays.com\/fi\/wp-json\/wp\/v2\/media\/71302"}],"wp:attachment":[{"href":"https:\/\/www.europesays.com\/fi\/wp-json\/wp\/v2\/media?parent=71301"}],"wp:term":[{"taxonomy":"category","embeddable":true,"href":"https:\/\/www.europesays.com\/fi\/wp-json\/wp\/v2\/categories?post=71301"},{"taxonomy":"post_tag","embeddable":true,"href":"https:\/\/www.europesays.com\/fi\/wp-json\/wp\/v2\/tags?post=71301"}],"curies":[{"name":"wp","href":"https:\/\/api.w.org\/{rel}","templated":true}]}}