{"id":7131,"date":"2025-08-16T02:40:10","date_gmt":"2025-08-16T02:40:10","guid":{"rendered":"https:\/\/www.europesays.com\/fi\/7131\/"},"modified":"2025-08-16T02:40:10","modified_gmt":"2025-08-16T02:40:10","slug":"vedesta-loytyi-kuollut-mies","status":"publish","type":"post","link":"https:\/\/www.europesays.com\/fi\/7131\/","title":{"rendered":"Vedest\u00e4 l\u00f6ytyi kuollut mies"},"content":{"rendered":"<p>Poliisin mukaan asiassa ei ep\u00e4ill\u00e4 rikosta.<\/p>\n<p><img decoding=\"async\" class=\"image image-show image-preview\" src=\"https:\/\/www.europesays.com\/fi\/wp-content\/uploads\/2025\/08\/6699e7c00892f7a56f629d6fcbc222fa00018aaebd5f8a004c86cc7c61bb392b.jpg\" alt=\"\"\/><img decoding=\"async\" class=\"image image-show\" src=\"https:\/\/www.europesays.com\/fi\/wp-content\/uploads\/2025\/08\/1755312010_891_6699e7c00892f7a56f629d6fcbc222fa00018aaebd5f8a004c86cc7c61bb392b.jpg\" alt=\"\"\/><\/p>\n<p>Pelastuslaitos sai teht\u00e4v\u00e4n Kangasalle. Kuvituskuva. Sasu Makinen<\/p>\n<p class=\"paragraph\">Vanhempi mies kuoli Kangasalan Onkij\u00e4rvell\u00e4 perjantaina iltap\u00e4iv\u00e4ll\u00e4, Sis\u00e4-Suomen poliisi tiedottaa.<\/p>\n<p class=\"paragraph\">Tiedotteen mukaan h\u00e4t\u00e4keskukseen tuli puoli kolmelta ilmoitus elottomasta miehest\u00e4 vedess\u00e4. Poliisin tilannekeskuksen mukaan ei ole varmaa, oliko mies hukkunut.<\/p>\n<p class=\"paragraph\">Poliisi ei ep\u00e4ile rikosta eik\u00e4 tiedota asiasta enemp\u00e4\u00e4.<\/p>\n<p class=\"paragraph\">Pelastuslaitoksen aiemman tiedotteen mukaan teht\u00e4v\u00e4\u00e4 hoiti kohteessa kolme pelastuslaitoksen yksikk\u00f6\u00e4 sek\u00e4 ensihoito ja poliisi.<\/p>\n<p class=\"paragraph\">Uutista p\u00e4ivitetty 15. elokuuta kello 16.55. Lis\u00e4tty poliisin tilannekeskuksen kertoma tieto siit\u00e4, ettei hukkumisesta ole varmuutta.<\/p>\n","protected":false},"excerpt":{"rendered":"Poliisin mukaan asiassa ei ep\u00e4ill\u00e4 rikosta. Pelastuslaitos sai teht\u00e4v\u00e4n Kangasalle. Kuvituskuva. Sasu Makinen Vanhempi mies kuoli Kangasalan Onkij\u00e4rvell\u00e4&hellip;\n","protected":false},"author":2,"featured_media":7132,"comment_status":"","ping_status":"","sticky":false,"template":"","format":"standard","meta":{"footnotes":""},"categories":[5],"tags":[35,22,23,26,27,33,31,30,17,24,25,28,29,15,120,18,21,122,54,103,32,19,20,546,16],"class_list":{"0":"post-7131","1":"post","2":"type-post","3":"status-publish","4":"format-standard","5":"has-post-thumbnail","7":"category-otsikot","8":"tag-24h","9":"tag-breaking-news","10":"tag-breakingnews","11":"tag-featured-news","12":"tag-featurednews","13":"tag-fi","14":"tag-finland","15":"tag-finnish","16":"tag-headlines","17":"tag-latest-news","18":"tag-latestnews","19":"tag-main-news","20":"tag-mainnews","21":"tag-news","22":"tag-onnettomuustapaus","23":"tag-otsikot","24":"tag-paauutiset","25":"tag-pelastaminen","26":"tag-pelastuspalvelut","27":"tag-sosiaalikysymykset","28":"tag-suomi","29":"tag-top-stories","30":"tag-topstories","31":"tag-turvallisuus","32":"tag-uutiset"},"share_on_mastodon":{"url":"","error":""},"_links":{"self":[{"href":"https:\/\/www.europesays.com\/fi\/wp-json\/wp\/v2\/posts\/7131","targetHints":{"allow":["GET"]}}],"collection":[{"href":"https:\/\/www.europesays.com\/fi\/wp-json\/wp\/v2\/posts"}],"about":[{"href":"https:\/\/www.europesays.com\/fi\/wp-json\/wp\/v2\/types\/post"}],"author":[{"embeddable":true,"href":"https:\/\/www.europesays.com\/fi\/wp-json\/wp\/v2\/users\/2"}],"replies":[{"embeddable":true,"href":"https:\/\/www.europesays.com\/fi\/wp-json\/wp\/v2\/comments?post=7131"}],"version-history":[{"count":0,"href":"https:\/\/www.europesays.com\/fi\/wp-json\/wp\/v2\/posts\/7131\/revisions"}],"wp:featuredmedia":[{"embeddable":true,"href":"https:\/\/www.europesays.com\/fi\/wp-json\/wp\/v2\/media\/7132"}],"wp:attachment":[{"href":"https:\/\/www.europesays.com\/fi\/wp-json\/wp\/v2\/media?parent=7131"}],"wp:term":[{"taxonomy":"category","embeddable":true,"href":"https:\/\/www.europesays.com\/fi\/wp-json\/wp\/v2\/categories?post=7131"},{"taxonomy":"post_tag","embeddable":true,"href":"https:\/\/www.europesays.com\/fi\/wp-json\/wp\/v2\/tags?post=7131"}],"curies":[{"name":"wp","href":"https:\/\/api.w.org\/{rel}","templated":true}]}}