{"id":71317,"date":"2025-10-24T19:01:09","date_gmt":"2025-10-24T19:01:09","guid":{"rendered":"https:\/\/www.europesays.com\/fi\/71317\/"},"modified":"2025-10-24T19:01:09","modified_gmt":"2025-10-24T19:01:09","slug":"matilda-wirtavuorelta-sensuelli-kuva","status":"publish","type":"post","link":"https:\/\/www.europesays.com\/fi\/71317\/","title":{"rendered":"Matilda Wirtavuorelta sensuelli kuva"},"content":{"rendered":"<p>Matilda Wirtavuori poseeraa ennen\u00e4kem\u00e4tt\u00f6miss\u00e4 otoksissa.<\/p>\n<p><img decoding=\"async\" class=\"image image-show image-preview\" src=\"https:\/\/www.europesays.com\/fi\/wp-content\/uploads\/2025\/10\/915b31b4b83d07b971545dd5e0614738be578cf16aa18d1e9def71703fd03053.jpg\" alt=\"\"\/><img decoding=\"async\" class=\"image image-show\" src=\"https:\/\/www.europesays.com\/fi\/wp-content\/uploads\/2025\/10\/1761332469_984_915b31b4b83d07b971545dd5e0614738be578cf16aa18d1e9def71703fd03053.jpg\" alt=\"\"\/><\/p>\n<p>Matilda Wirtavuori poseeraa sensuelleissa kuvissa. Inka Soveri<\/p>\n<p class=\"paragraph\">Vuoden 2024 Miss Suomi <strong>Matilda Wirtavuori<\/strong>, 25, julkaisi Instagram-tilill\u00e4\u00e4n uusia kuvia itsest\u00e4\u00e4n.<\/p>\n<p class=\"paragraph\">Mustavalkoisissa otoksissa Wirtavuori poseeraa pikkuhousuissa, korkeissa verkkosukkahousuissa sek\u00e4 crop-paidassa, jossa on korkea kaulus ja pitk\u00e4t hihat.<\/p>\n<p class=\"paragraph\">P\u00e4ivityksen ensimm\u00e4isess\u00e4 kuvassa paita on niin korkealla, ett\u00e4 Wirtavuoren rinta n\u00e4kyy osittain. Wirtavuoresta ei ole ennen n\u00e4hty vastaavanlaisessa kuvassa.<\/p>\n<p class=\"paragraph\">Mik\u00e4li linkki ei n\u00e4y, voit katsoa julkaisun <a href=\"https:\/\/www.instagram.com\/p\/DQJV9KWDXLy\/?hl=en&amp;img_index=1\" target=\"_blank\" rel=\"noopener nofollow\">t\u00e4\u00e4lt\u00e4<\/a>.<\/p>\n<p class=\"paragraph\">Wirtavuoren kuvat saavat ihastelua p\u00e4ivityksen kommenttikent\u00e4ss\u00e4.<\/p>\n<p class=\"paragraph\">\u2013 T\u00e4ydellist\u00e4, t\u00e4ydellist\u00e4, niin kertakaikkisen t\u00e4ydellist\u00e4.<\/p>\n<p class=\"paragraph\">\u2013 Todella hieno ja kuuma.<\/p>\n<p class=\"paragraph\">\u2013 Parempaa kuin kulta.<\/p>\n<p class=\"paragraph\">\u2013 Upeita kuvia.<\/p>\n<p class=\"paragraph\">Wirtavuori <a href=\"https:\/\/www.iltalehti.fi\/viihdeuutiset\/58054d07-482c-4f8b-86e1-d33bb645aedc\" rel=\"nofollow noopener\" target=\"_blank\">sai hiljattain t\u00f6it\u00e4<\/a> maailman suurimmalta kosmetiikka- ja kauneusalan yritykselt\u00e4 L&#8217;Or\u00e9alilta. Missi julkaisi Instagramissa videokoosteen, jossa h\u00e4n astelee br\u00e4ndin muotin\u00e4yt\u00f6ksen catwalkilla. Wirtavuori kertoi kuulleensa aiemmin suomalaiselta mallitoimistolta, ettei h\u00e4n tulisi ikin\u00e4 saamaan keikkaa ulkomailla.<\/p>\n<p class=\"paragraph\">\u2013 Ja nyt voin n\u00e4ytt\u00e4\u00e4 sille mallitoimistolle, ett\u00e4 ilmeisesti lantioni ei ollutkaan liian leve\u00e4, h\u00e4n sanoi p\u00e4ivityksess\u00e4\u00e4n.<\/p>\n<p class=\"paragraph\">Syksyll\u00e4 Wirtavuori muutti Kreikkaan, jossa h\u00e4nen kumppaninsa <strong>Apostolos<\/strong>, 34, asuu.<\/p>\n<p><script async src=\"\/\/www.instagram.com\/embed.js\"><\/script><\/p>\n","protected":false},"excerpt":{"rendered":"Matilda Wirtavuori poseeraa ennen\u00e4kem\u00e4tt\u00f6miss\u00e4 otoksissa. Matilda Wirtavuori poseeraa sensuelleissa kuvissa. Inka Soveri Vuoden 2024 Miss Suomi Matilda Wirtavuori,&hellip;\n","protected":false},"author":2,"featured_media":71318,"comment_status":"","ping_status":"","sticky":false,"template":"","format":"standard","meta":{"footnotes":""},"categories":[136],"tags":[35,407,2110,137,33,31,30,876,3207,408,3208,106,32,109],"class_list":{"0":"post-71317","1":"post","2":"type-post","3":"status-publish","4":"format-standard","5":"has-post-thumbnail","7":"category-julkkikset","8":"tag-24h","9":"tag-celebrities","10":"tag-elamantapa-ja-vapaa-aika","11":"tag-entertainment","12":"tag-fi","13":"tag-finland","14":"tag-finnish","15":"tag-fyysinen-kauneus","16":"tag-ihmisen-ulkonako","17":"tag-julkkikset","18":"tag-kauneudenhoito","19":"tag-muoti","20":"tag-suomi","21":"tag-viihde"},"share_on_mastodon":{"url":"https:\/\/pubeurope.com\/@fi\/115430692338117308","error":""},"_links":{"self":[{"href":"https:\/\/www.europesays.com\/fi\/wp-json\/wp\/v2\/posts\/71317","targetHints":{"allow":["GET"]}}],"collection":[{"href":"https:\/\/www.europesays.com\/fi\/wp-json\/wp\/v2\/posts"}],"about":[{"href":"https:\/\/www.europesays.com\/fi\/wp-json\/wp\/v2\/types\/post"}],"author":[{"embeddable":true,"href":"https:\/\/www.europesays.com\/fi\/wp-json\/wp\/v2\/users\/2"}],"replies":[{"embeddable":true,"href":"https:\/\/www.europesays.com\/fi\/wp-json\/wp\/v2\/comments?post=71317"}],"version-history":[{"count":0,"href":"https:\/\/www.europesays.com\/fi\/wp-json\/wp\/v2\/posts\/71317\/revisions"}],"wp:featuredmedia":[{"embeddable":true,"href":"https:\/\/www.europesays.com\/fi\/wp-json\/wp\/v2\/media\/71318"}],"wp:attachment":[{"href":"https:\/\/www.europesays.com\/fi\/wp-json\/wp\/v2\/media?parent=71317"}],"wp:term":[{"taxonomy":"category","embeddable":true,"href":"https:\/\/www.europesays.com\/fi\/wp-json\/wp\/v2\/categories?post=71317"},{"taxonomy":"post_tag","embeddable":true,"href":"https:\/\/www.europesays.com\/fi\/wp-json\/wp\/v2\/tags?post=71317"}],"curies":[{"name":"wp","href":"https:\/\/api.w.org\/{rel}","templated":true}]}}