{"id":71319,"date":"2025-10-24T19:04:07","date_gmt":"2025-10-24T19:04:07","guid":{"rendered":"https:\/\/www.europesays.com\/fi\/71319\/"},"modified":"2025-10-24T19:04:07","modified_gmt":"2025-10-24T19:04:07","slug":"keravalainen-ciia-mukana-rekkakuskien-arkea-kuvaavassa-realitysarjassa-paikalliset","status":"publish","type":"post","link":"https:\/\/www.europesays.com\/fi\/71319\/","title":{"rendered":"Keravalainen Ciia mukana rekkakuskien arkea kuvaavassa realitysarjassa | Paikalliset"},"content":{"rendered":"<p>Kutsumus kuljettajan ammattiin tuli verenperint\u00f6n\u00e4 \u00e4idilt\u00e4.<\/p>\n<p>Kotimaisen Rekkakuskit Suomi -realityohjelman uusi kausi alkoi lokakuussa. Sarjan viidenness\u00e4 jaksossa n\u00e4hd\u00e4\u00e4n keravalainen rekkakuljettaja <strong>Ciia L\u00f6nnqvist<\/strong>, joka ajaa s\u00e4hk\u00f6rekkaa. Jakso esitet\u00e4\u00e4n 5.11. Ruutu+ -palvelussa ja ilmaiseksi Nelosella 12.11.<\/p>\n","protected":false},"excerpt":{"rendered":"Kutsumus kuljettajan ammattiin tuli verenperint\u00f6n\u00e4 \u00e4idilt\u00e4. Kotimaisen Rekkakuskit Suomi -realityohjelman uusi kausi alkoi lokakuussa. Sarjan viidenness\u00e4 jaksossa n\u00e4hd\u00e4\u00e4n&hellip;\n","protected":false},"author":2,"featured_media":71320,"comment_status":"","ping_status":"","sticky":false,"template":"","format":"standard","meta":{"footnotes":""},"categories":[133],"tags":[648,137,33,31,30,405,2647,7085,121,32,206,128,140,156,109],"class_list":{"0":"post-71319","1":"post","2":"type-post","3":"status-publish","4":"format-standard","5":"has-post-thumbnail","7":"category-televisiot","8":"tag-autot","9":"tag-entertainment","10":"tag-fi","11":"tag-finland","12":"tag-finnish","13":"tag-helsingin-seutukunta","14":"tag-kerava","15":"tag-keski-uusimaa","16":"tag-liikenne-ja-kuljetus","17":"tag-suomi","18":"tag-televisiot","19":"tag-tieliikenne","20":"tag-tv-ja-elokuvat","21":"tag-tv","22":"tag-viihde"},"share_on_mastodon":{"url":"https:\/\/pubeurope.com\/@fi\/115430703967072805","error":""},"_links":{"self":[{"href":"https:\/\/www.europesays.com\/fi\/wp-json\/wp\/v2\/posts\/71319","targetHints":{"allow":["GET"]}}],"collection":[{"href":"https:\/\/www.europesays.com\/fi\/wp-json\/wp\/v2\/posts"}],"about":[{"href":"https:\/\/www.europesays.com\/fi\/wp-json\/wp\/v2\/types\/post"}],"author":[{"embeddable":true,"href":"https:\/\/www.europesays.com\/fi\/wp-json\/wp\/v2\/users\/2"}],"replies":[{"embeddable":true,"href":"https:\/\/www.europesays.com\/fi\/wp-json\/wp\/v2\/comments?post=71319"}],"version-history":[{"count":0,"href":"https:\/\/www.europesays.com\/fi\/wp-json\/wp\/v2\/posts\/71319\/revisions"}],"wp:featuredmedia":[{"embeddable":true,"href":"https:\/\/www.europesays.com\/fi\/wp-json\/wp\/v2\/media\/71320"}],"wp:attachment":[{"href":"https:\/\/www.europesays.com\/fi\/wp-json\/wp\/v2\/media?parent=71319"}],"wp:term":[{"taxonomy":"category","embeddable":true,"href":"https:\/\/www.europesays.com\/fi\/wp-json\/wp\/v2\/categories?post=71319"},{"taxonomy":"post_tag","embeddable":true,"href":"https:\/\/www.europesays.com\/fi\/wp-json\/wp\/v2\/tags?post=71319"}],"curies":[{"name":"wp","href":"https:\/\/api.w.org\/{rel}","templated":true}]}}